{"id":401476,"date":"2025-09-19T03:39:10","date_gmt":"2025-09-19T03:39:10","guid":{"rendered":"https:\/\/www.europesays.com\/fr\/401476\/"},"modified":"2025-09-19T03:39:10","modified_gmt":"2025-09-19T03:39:10","slug":"apres-la-percee-de-lafd-en-rhenanie-du-nord-westphalie-louest-du-pays-nest-plus-un-bastion-imprenable","status":"publish","type":"post","link":"https:\/\/www.europesays.com\/fr\/401476\/","title":{"rendered":"Apr\u00e8s la perc\u00e9e de l\u2019AfD en Rh\u00e9nanie-du-Nord-Westphalie, l\u2019Ouest du pays n\u2019est plus un bastion imprenable"},"content":{"rendered":"<p style=\"text-align: justify;\">Les \u00e9lections locales du 7 septembre en Rh\u00e9nanie-du-Nord-Westphalie (NRW), le Land le plus peupl\u00e9 d\u2019Allemagne, ont confirm\u00e9 une \u00e9volution politique que beaucoup d\u2019observateurs jugeaient encore improbable il y a quelques ann\u00e9es : la progression rapide de l\u2019AfD \u00e0 l\u2019Ouest du pays.<\/p>\n<p>CDU et SPD en net recul<\/p>\n<p style=\"text-align: justify;\">Officiellement, l\u2019Union chr\u00e9tienne-d\u00e9mocrate (CDU) a remport\u00e9 l\u2019\u00e9lection avec 33,3 % des voix. Mais ce score, salu\u00e9 par les m\u00e9dias publics comme un \u00ab soulagement \u00bb, constitue en r\u00e9alit\u00e9 le plus mauvais r\u00e9sultat du parti dans la r\u00e9gion depuis la guerre. Le Parti social-d\u00e9mocrate (SPD), autrefois h\u00e9g\u00e9monique dans cet ancien bastion ouvrier, s\u2019effondre \u00e0 22,1 %, son pire score historique, apr\u00e8s une premi\u00e8re d\u00e9b\u00e2cle il y a cinq ans.<\/p>\n<p style=\"text-align: justify;\">En parall\u00e8le, l\u2019AfD enregistre 14,5 % des suffrages. Le parti triple ainsi son score par rapport \u00e0 2020, dans des conditions pourtant tr\u00e8s d\u00e9favorables : faute de moyens et sous forte pression, il n\u2019a pu pr\u00e9senter des candidats que dans 60 % des circonscriptions.<\/p>\n<p style=\"text-align: justify;\">Dans les grandes villes industrielles de Gelsenkirchen, Hagen et Duisburg, les candidats de l\u2019AfD sont parvenus \u00e0 se qualifier pour des seconds tours face aux repr\u00e9sentants de la CDU et du SPD. Un r\u00e9sultat in\u00e9dit qui illustre un basculement \u00e9lectoral profond. Selon Hermann Binkert, de l\u2019institut Insa, cela d\u00e9montre que l\u2019AfD pourrait, \u00e0 terme, d\u00e9passer le tiers de l\u2019\u00e9lectorat au niveau national.<\/p>\n<p style=\"text-align: justify;\">Le parti reste confront\u00e9 \u00e0 un climat hostile : attaques contre ses locaux, menaces, violences contre ses militants et m\u00eame lourdes cons\u00e9quences professionnelles pour ses sympathisants. Se pr\u00e9senter sous son \u00e9tiquette reste un acte risqu\u00e9 en Allemagne de l\u2019Ouest, ce qui explique aussi pourquoi le mouvement s\u2019appuie souvent sur des retrait\u00e9s pr\u00eats \u00e0 assumer ces pressions.<\/p>\n<p>Le \u00ab cordon sanitaire \u00bb remis en avant<\/p>\n<p style=\"text-align: justify;\">Face \u00e0 cette dynamique, la r\u00e9action des partis \u00e9tablis a \u00e9t\u00e9 imm\u00e9diate. Les dirigeants de la CDU comme du SPD ont rappel\u00e9 qu\u2019aucune alliance ni coop\u00e9ration ne serait tol\u00e9r\u00e9e avec l\u2019AfD, y compris au niveau local. Tous les \u00ab d\u00e9mocrates \u00bb, disent-ils, doivent faire barrage, quitte \u00e0 s\u2019unir contre le vote d\u2019une partie croissante de la population.<\/p>\n<p style=\"text-align: justify;\">Cette strat\u00e9gie, d\u00e9j\u00e0 appliqu\u00e9e depuis dix ans, semble pourtant produire l\u2019effet inverse : l\u2019\u00e9lectorat protestataire se radicalise et renforce l\u2019AfD, convaincu d\u2019\u00eatre marginalis\u00e9 par un syst\u00e8me ferm\u00e9.<\/p>\n<p style=\"text-align: justify;\">La port\u00e9e symbolique de cette pouss\u00e9e est consid\u00e9rable. La Rh\u00e9nanie-du-Nord-Westphalie fut longtemps le c\u0153ur industriel de l\u2019Allemagne et le bastion du SPD et des syndicats. En 2014, CDU et SPD totalisaient encore pr\u00e8s de 70 % des voix. L\u2019AfD, elle, plafonnait \u00e0 2,5 %.<\/p>\n<p style=\"text-align: justify;\">Dix ans plus tard, la donne a chang\u00e9. Pauvret\u00e9, d\u00e9sindustrialisation, immigration massive et mont\u00e9e de l\u2019ins\u00e9curit\u00e9 dans les grandes villes expliquent en partie ce basculement. \u00c0 Duisburg, par exemple, la campagne \u00e9lectorale s\u2019est focalis\u00e9e sur la criminalit\u00e9 et la gestion des flux migratoires.<\/p>\n<p style=\"text-align: justify;\">M\u00eame sans conqu\u00e9rir de mairie, l\u2019AfD est d\u00e9sormais capable de structurer le d\u00e9bat politique \u00e0 l\u2019Ouest, ce qui change radicalement l\u2019\u00e9quation nationale. Comme le r\u00e9sume le journaliste Ulrich Reitz : \u00ab C\u2019est \u00e0 l\u2019Ouest que se joue d\u00e9sormais la musique politique. L\u2019AfD y est devenue une force avec laquelle il faut compter, parce que les \u00e9lecteurs le veulent. \u00bb<\/p>\n<p style=\"text-align: justify;\">L\u2019\u00e9mergence de ce troisi\u00e8me acteur rebat les cartes d\u2019un syst\u00e8me longtemps verrouill\u00e9 par les deux grands partis. L\u2019avenir dira si la strat\u00e9gie de mise \u00e0 l\u2019\u00e9cart renforcera encore le mouvement populiste, ou si le \u00ab cordon sanitaire \u00bb tiendra. Une chose est s\u00fbre : en Allemagne, le paysage politique ne sera plus jamais le m\u00eame.<\/p>\n<p style=\"text-align: justify;\">Cr\u00e9dit photo : DR<br \/>[cc] Article relu et corrig\u00e9 par ChatGPT. Breizh-info.com, 2025, d\u00e9p\u00eaches libres de copie et de diffusion sous r\u00e9serve de mention et de lien vers la source d\u2019origine<\/p>\n","protected":false},"excerpt":{"rendered":"Les \u00e9lections locales du 7 septembre en Rh\u00e9nanie-du-Nord-Westphalie (NRW), le Land le plus peupl\u00e9 d\u2019Allemagne, ont confirm\u00e9 une&hellip;\n","protected":false},"author":2,"featured_media":401477,"comment_status":"","ping_status":"","sticky":false,"template":"","format":"standard","meta":{"footnotes":""},"categories":[1587],"tags":[11,1862,672,1804,1805,1803,1777,674,1801,12,1802],"class_list":{"0":"post-401476","1":"post","2":"type-post","3":"status-publish","4":"format-standard","5":"has-post-thumbnail","7":"category-allemagne","8":"tag-actualites","9":"tag-afd","10":"tag-allemagne","11":"tag-bundesrepublik-deutschland","12":"tag-de","13":"tag-deutschland","14":"tag-eu","15":"tag-europe","16":"tag-germany","17":"tag-news","18":"tag-republique-federale-dallemagne"},"share_on_mastodon":{"url":"https:\/\/pubeurope.com\/@fr\/115228885930332824","error":""},"_links":{"self":[{"href":"https:\/\/www.europesays.com\/fr\/wp-json\/wp\/v2\/posts\/401476","targetHints":{"allow":["GET"]}}],"collection":[{"href":"https:\/\/www.europesays.com\/fr\/wp-json\/wp\/v2\/posts"}],"about":[{"href":"https:\/\/www.europesays.com\/fr\/wp-json\/wp\/v2\/types\/post"}],"author":[{"embeddable":true,"href":"https:\/\/www.europesays.com\/fr\/wp-json\/wp\/v2\/users\/2"}],"replies":[{"embeddable":true,"href":"https:\/\/www.europesays.com\/fr\/wp-json\/wp\/v2\/comments?post=401476"}],"version-history":[{"count":0,"href":"https:\/\/www.europesays.com\/fr\/wp-json\/wp\/v2\/posts\/401476\/revisions"}],"wp:featuredmedia":[{"embeddable":true,"href":"https:\/\/www.europesays.com\/fr\/wp-json\/wp\/v2\/media\/401477"}],"wp:attachment":[{"href":"https:\/\/www.europesays.com\/fr\/wp-json\/wp\/v2\/media?parent=401476"}],"wp:term":[{"taxonomy":"category","embeddable":true,"href":"https:\/\/www.europesays.com\/fr\/wp-json\/wp\/v2\/categories?post=401476"},{"taxonomy":"post_tag","embeddable":true,"href":"https:\/\/www.europesays.com\/fr\/wp-json\/wp\/v2\/tags?post=401476"}],"curies":[{"name":"wp","href":"https:\/\/api.w.org\/{rel}","templated":true}]}}