{"id":401480,"date":"2025-09-19T03:41:11","date_gmt":"2025-09-19T03:41:11","guid":{"rendered":"https:\/\/www.europesays.com\/fr\/401480\/"},"modified":"2025-09-19T03:41:11","modified_gmt":"2025-09-19T03:41:11","slug":"a-deux-mois-de-la-cop30-au-bresil-lue-na-toujours-pas-dobjectifs-climatiques-clairs-liberation","status":"publish","type":"post","link":"https:\/\/www.europesays.com\/fr\/401480\/","title":{"rendered":"A deux mois de la COP30 au Br\u00e9sil, l\u2019UE n\u2019a toujours pas d\u2019objectifs climatiques clairs \u2013 Lib\u00e9ration"},"content":{"rendered":"<p class=\"sc-cPiKLX AiZTS text-element\">L\u2019Union europ\u00e9enne \u00abcontinuera \u00e0 jouer son r\u00f4le de leader\u00bb sur les enjeux climatiques, a tent\u00e9 de rassurer le Commissaire europ\u00e9en au climat, Wopke Hoekstra, ce matin du jeudi 18 septembre, juste avant une r\u00e9union de n\u00e9gociations s\u2019annon\u00e7ant particuli\u00e8rement complexe entre les Vingt-Sept \u00e0 Bruxelles. Mais force est de constater qu\u2019\u00e0 un peu moins de deux mois de la conf\u00e9rence mondiale sur le climat (COP30), qui se d\u00e9roulera du 10 au 21 novembre \u00e0 Bel\u00e9m, au Br\u00e9sil, et dix ans apr\u00e8s <a href=\"https:\/\/www.liberation.fr\/planete\/2017\/06\/01\/accord-de-paris-mode-d-emploi_1573987\/\" target=\"_blank\" rel=\"noopener\" title=\"https:\/\/www.liberation.fr\/planete\/2017\/06\/01\/accord-de-paris-mode-d-emploi_1573987\/\">l\u2019accord de Paris<\/a>, les membres de l\u2019Union europ\u00e9enne se montrent toujours <a href=\"https:\/\/www.liberation.fr\/idees-et-debats\/tribunes\/monsieur-macron-ne-tuez-pas-laccord-de-paris-20250917_DD7NINJVLRDTDOXG2HAJHHYXHE\/\" target=\"_blank\" rel=\"noopener\" title=\"https:\/\/www.liberation.fr\/idees-et-debats\/tribunes\/monsieur-macron-ne-tuez-pas-laccord-de-paris-20250917_DD7NINJVLRDTDOXG2HAJHHYXHE\/\">incapables de se mettre d\u2019accord<\/a> sur l\u2019objectif de r\u00e9duction de leurs \u00e9missions de CO2 d\u2019ici \u00e0 2035. Appel\u00e9s \u00abNDC\u00bb dans le jargon onusien (pour \u00abNationally determined contributions\u00bb en anglais), ces plans climatiques sont l\u2019un des principaux instruments pr\u00e9vus par l\u2019accord de Paris pour encadrer les politiques visant \u00e0 r\u00e9duire les \u00e9missions de gaz \u00e0 effet de serre. <\/p>\n<p class=\"sc-cPiKLX AiZTS text-element\">Car les repr\u00e9sentants des pays europ\u00e9ens,  <\/p>\n","protected":false},"excerpt":{"rendered":"L\u2019Union europ\u00e9enne \u00abcontinuera \u00e0 jouer son r\u00f4le de leader\u00bb sur les enjeux climatiques, a tent\u00e9 de rassurer le&hellip;\n","protected":false},"author":2,"featured_media":401481,"comment_status":"","ping_status":"","sticky":false,"template":"","format":"standard","meta":{"footnotes":""},"categories":[1586],"tags":[11,35996,312,1777,674,1779,1011,27,35995,12,5140,25,1778,364],"class_list":{"0":"post-401480","1":"post","2":"type-post","3":"status-publish","4":"format-standard","5":"has-post-thumbnail","7":"category-europe","8":"tag-actualites","9":"tag-cop","10":"tag-diplomatie","11":"tag-eu","12":"tag-europe","13":"tag-european-union","14":"tag-fr","15":"tag-france","16":"tag-gaz-effet-serre","17":"tag-news","18":"tag-rechauffement-climatique","19":"tag-republique-francaise","20":"tag-ue","21":"tag-union-europeenne"},"share_on_mastodon":{"url":"https:\/\/pubeurope.com\/@fr\/115228893758323114","error":""},"_links":{"self":[{"href":"https:\/\/www.europesays.com\/fr\/wp-json\/wp\/v2\/posts\/401480","targetHints":{"allow":["GET"]}}],"collection":[{"href":"https:\/\/www.europesays.com\/fr\/wp-json\/wp\/v2\/posts"}],"about":[{"href":"https:\/\/www.europesays.com\/fr\/wp-json\/wp\/v2\/types\/post"}],"author":[{"embeddable":true,"href":"https:\/\/www.europesays.com\/fr\/wp-json\/wp\/v2\/users\/2"}],"replies":[{"embeddable":true,"href":"https:\/\/www.europesays.com\/fr\/wp-json\/wp\/v2\/comments?post=401480"}],"version-history":[{"count":0,"href":"https:\/\/www.europesays.com\/fr\/wp-json\/wp\/v2\/posts\/401480\/revisions"}],"wp:featuredmedia":[{"embeddable":true,"href":"https:\/\/www.europesays.com\/fr\/wp-json\/wp\/v2\/media\/401481"}],"wp:attachment":[{"href":"https:\/\/www.europesays.com\/fr\/wp-json\/wp\/v2\/media?parent=401480"}],"wp:term":[{"taxonomy":"category","embeddable":true,"href":"https:\/\/www.europesays.com\/fr\/wp-json\/wp\/v2\/categories?post=401480"},{"taxonomy":"post_tag","embeddable":true,"href":"https:\/\/www.europesays.com\/fr\/wp-json\/wp\/v2\/tags?post=401480"}],"curies":[{"name":"wp","href":"https:\/\/api.w.org\/{rel}","templated":true}]}}