{"id":401491,"date":"2025-09-19T03:51:10","date_gmt":"2025-09-19T03:51:10","guid":{"rendered":"https:\/\/www.europesays.com\/fr\/401491\/"},"modified":"2025-09-19T03:51:10","modified_gmt":"2025-09-19T03:51:10","slug":"surprise-deux-joueurs-de-lequipe-de-france-recale-le-psg","status":"publish","type":"post","link":"https:\/\/www.europesays.com\/fr\/401491\/","title":{"rendered":"Surprise, deux joueurs de l&rsquo;\u00e9quipe de France recale le PSG !"},"content":{"rendered":"<p>                    Arthur Montagne<br \/>\n                        &#8211;<\/p>\n<p>Journaliste<\/p>\n<p>Affam\u00e9 de sport, il a grandi au son des moteurs de Formule 1 et des exploits de Ronaldinho. Aujourd\u2019hui, diplom\u00e9 d&rsquo;un Master de journalisme de sport, il ne rate plus un Grand Prix de F1 ni un match du PSG, ses deux passions et sp\u00e9cialit\u00e9s<\/p>\n<p class=\"heading\">Tr\u00e8s discret sur le mercato, le PSG a toutefois la volont\u00e9 de franciser son effectif comme l&rsquo;a r\u00e9cemment rappel\u00e9 Luis Campos. Dans cette optique, le club de la capitale aurait tente le coup avec Michael Olise et Ibrahima Konat\u00e9. Deux dossiers toutefois tr\u00e8s compliqu\u00e9s, ce qui s&rsquo;est confirm\u00e9 puisque les internationaux fran\u00e7ais auraient refus\u00e9 de signer \u00e0 Paris.<\/p>\n<p>Depuis l&rsquo;arriv\u00e9e de <strong>Luis Campos<\/strong> au <strong>PSG<\/strong>, un nouveau projet a \u00e9t\u00e9 lanc\u00e9 avec notamment la volont\u00e9 de franciser l&rsquo;effectif parisien. Dans cette optique, <strong>D\u00e9sir\u00e9 Dou\u00e9<\/strong>, <strong>Bradley Barcola<\/strong> ou encore <strong>Lucas Chevalier<\/strong> ont sign\u00e9 \u00e0 Paris, mais d&rsquo;autres internationaux tricolores ont refus\u00e9 comme le r\u00e9v\u00e8le <strong>Dominique S\u00e9verac<\/strong>.<\/p>\n<p>                                            Olise et Konat\u00e9 disent non au PSG ?<\/p>\n<p>\u00ab Notez que le PSG a plus de banc que la saison pass\u00e9e puisqu&rsquo;aucun titulaire ou rempla\u00e7ant n&rsquo;est parti (Presnel Kimpembe n&rsquo;\u00e9tait plus dans le coup) et qu&rsquo;Illia Zabarnyi est arriv\u00e9. Un club, quel qu&rsquo;il soit, ne raisonne pas en se disant: il peut y avoir des bless\u00e9s et donc je recrute. On recrute si on a des manques. Depuis deux ans, le PSG a disput\u00e9 tous les matchs possibles du calendrier sauf la finale de la C1 2024. Il peut donc consid\u00e9rer qu&rsquo;il n&rsquo;a aucun manque. Recruter un joueur qui ne viendra que si un autre se blesse, personne n&rsquo;acceptera ce deal. Quand le titulaire revient, il retourne sur le banc, o\u00f9 Ramos, Lee, Za\u00efre-Emery et Beraldo attendent leur heure ? C&rsquo;est injouable, ce syst\u00e8me. Et puis recruter qui ? Encore une fois pour signer au PSG, il faut ou \u00eatre tr\u00e8s fort comme Kvara ou avoir un potentiel de dingue. \u00c0 ma connaissance, Michael Olise ou Ibrahima Konat\u00e9 n&rsquo;ont pas souhait\u00e9 de transfert cet \u00e9t\u00e9, par exemple, pour prendre deux joueurs tr\u00e8s forts en \u00e9quipe de France \u00bb, rappelle-t-il dans une session de questions-r\u00e9ponses sur le site du Parisien avant de poursuivre.<\/p>\n<p>                                            \u00abKonat\u00e9, avec son statut, n&rsquo;aurait pas pu rester dans l&rsquo;ombre\u00bb<\/p>\n<p>\u00ab Ce sont des choix techniques, des histoires de marge de progression. Luis Enrique juge que Zabarnyi est plus PSG-compatible, plus Luis Enrique-compatible que Konat\u00e9. C&rsquo;est l\u00e0 o\u00f9 il faut \u00eatre tr\u00e8s sp\u00e9cialiste ou dans sa t\u00eate parce que moi, je trouve comme vous que Konat\u00e9 aurait \u00e9t\u00e9 un excellent choix. Mais il aurait refus\u00e9 de venir, sachant qu&rsquo;il s&rsquo;agit de pr\u00e9parer l&rsquo;apr\u00e8s Marquinhos. Zabarnyi accepte pour l&rsquo;instant d&rsquo;\u00eatre le rempla\u00e7ant. Konat\u00e9, avec son statut, n&rsquo;aurait pas pu rester dans l&rsquo;ombre. Si vous venez de Bournemouth, vous pouvez accepter d&rsquo;\u00eatre rempla\u00e7ant dans les grands matchs. Pas si vous venez de Liverpool \u00bb, ajoute <strong>Dominique S\u00e9verac<\/strong>.<\/p>\n","protected":false},"excerpt":{"rendered":"Arthur Montagne &#8211; Journaliste Affam\u00e9 de sport, il a grandi au son des moteurs de Formule 1 et&hellip;\n","protected":false},"author":2,"featured_media":401492,"comment_status":"","ping_status":"","sticky":false,"template":"","format":"standard","meta":{"footnotes":""},"categories":[1412],"tags":[1451,1452,1453,1454,1455,1011,27,60],"class_list":{"0":"post-401491","1":"post","2":"type-post","3":"status-publish","4":"format-standard","5":"has-post-thumbnail","7":"category-f1","8":"tag-f1","9":"tag-formula-1","10":"tag-formula1","11":"tag-formule-1","12":"tag-formule1","13":"tag-fr","14":"tag-france","15":"tag-sports"},"share_on_mastodon":{"url":"https:\/\/pubeurope.com\/@fr\/115228933543559689","error":""},"_links":{"self":[{"href":"https:\/\/www.europesays.com\/fr\/wp-json\/wp\/v2\/posts\/401491","targetHints":{"allow":["GET"]}}],"collection":[{"href":"https:\/\/www.europesays.com\/fr\/wp-json\/wp\/v2\/posts"}],"about":[{"href":"https:\/\/www.europesays.com\/fr\/wp-json\/wp\/v2\/types\/post"}],"author":[{"embeddable":true,"href":"https:\/\/www.europesays.com\/fr\/wp-json\/wp\/v2\/users\/2"}],"replies":[{"embeddable":true,"href":"https:\/\/www.europesays.com\/fr\/wp-json\/wp\/v2\/comments?post=401491"}],"version-history":[{"count":0,"href":"https:\/\/www.europesays.com\/fr\/wp-json\/wp\/v2\/posts\/401491\/revisions"}],"wp:featuredmedia":[{"embeddable":true,"href":"https:\/\/www.europesays.com\/fr\/wp-json\/wp\/v2\/media\/401492"}],"wp:attachment":[{"href":"https:\/\/www.europesays.com\/fr\/wp-json\/wp\/v2\/media?parent=401491"}],"wp:term":[{"taxonomy":"category","embeddable":true,"href":"https:\/\/www.europesays.com\/fr\/wp-json\/wp\/v2\/categories?post=401491"},{"taxonomy":"post_tag","embeddable":true,"href":"https:\/\/www.europesays.com\/fr\/wp-json\/wp\/v2\/tags?post=401491"}],"curies":[{"name":"wp","href":"https:\/\/api.w.org\/{rel}","templated":true}]}}