{"id":401497,"date":"2025-09-19T03:54:11","date_gmt":"2025-09-19T03:54:11","guid":{"rendered":"https:\/\/www.europesays.com\/fr\/401497\/"},"modified":"2025-09-19T03:54:11","modified_gmt":"2025-09-19T03:54:11","slug":"stade-rennais-ultra-sexy-salma-hayek-met-le-feu-pour-lindependance-du-mexique","status":"publish","type":"post","link":"https:\/\/www.europesays.com\/fr\/401497\/","title":{"rendered":"Stade Rennais\u00a0: ultra-sexy, Salma Hayek met le feu pour l\u2019ind\u00e9pendance du Mexique\u00a0!"},"content":{"rendered":"<p><strong>\u00c0 57 ans, Salma Hayek continue de captiver tous les regards. R\u00e9cemment, l\u2019actrice a fait sensation lors d\u2019un \u00e9v\u00e9nement mondain o\u00f9 elle a encore prouv\u00e9 qu\u2019elle reste une ic\u00f4ne de style et de glamour.\u00a0<\/strong><\/p>\n<p>Le temps semble ne pas avoir de prise sur Salma Hayek. Sur son dernier post, la belle appara\u00eet radieuse, sublim\u00e9e par une tenue audacieuse qui met en valeur ses courbes et son charme naturel. \u00ab\u00a0Joyeuse f\u00eate de l\u2019Ind\u00e9pendance du Mexique ! Vive la libert\u00e9 ! Aujourd\u2019hui, nous rendons hommage au courage et \u00e0 l\u2019esprit de notre peuple, qui ne renonce jamais\u00a0\u00bb, a partag\u00e9 la compagne de Fran\u00e7ois-Henri Pinault sur Instagram.<\/p>\n<p>Les internautes n\u2019ont pas tard\u00e9 \u00e0 r\u00e9agir, soulignant sa prestance et son \u00e9l\u00e9gance intemporelle. Avec un m\u00e9lange parfait de sophistication et de sensualit\u00e9, Salma Hayek montre qu\u2019elle n\u2019a rien perdu de son aura hollywoodienne. Que ce soit sur le tapis rouge ou sur les r\u00e9seaux sociaux, elle continue d\u2019afficher une confiance et une beaut\u00e9 qui font r\u00eaver.<\/p>\n<p>Ce look, \u00e0 la fois chic et sexy, confirme que Salma Hayek ma\u00eetrise l\u2019art de faire tourner toutes les t\u00eates, m\u00eame en plein c\u0153ur de la haute soci\u00e9t\u00e9. Toujours impeccable, elle prouve que l\u2019\u00e2ge n\u2019est qu\u2019un chiffre lorsqu\u2019on sait porter son style avec autant d\u2019assurance et d\u2019attitude. Bref, Salma Hayek reste une v\u00e9ritable ic\u00f4ne et continue d\u2019inspirer des g\u00e9n\u00e9rations par sa beaut\u00e9, son charme et son \u00e9l\u00e9gance irr\u00e9sistible.<\/p>\n<blockquote class=\"instagram-media\" data-instgrm-captioned=\"\" data-instgrm-permalink=\"https:\/\/www.instagram.com\/reel\/DOq-BM_je9Q\/?utm_source=ig_embed&amp;utm_campaign=loading\" data-instgrm-version=\"14\" style=\"background:#FFF;border:0;border-radius:3px;box-shadow:0 0 1px 0 rgba(0,0,0,0.5),0 1px 10px 0 rgba(0,0,0,0.15);margin:1px;max-width:540px;min-width:326px;padding:0;width:calc(100% - 2px)\"\/>\n<p><script async src=\"\/\/www.instagram.com\/embed.js\"><\/script><\/p>\n","protected":false},"excerpt":{"rendered":"\u00c0 57 ans, Salma Hayek continue de captiver tous les regards. R\u00e9cemment, l\u2019actrice a fait sensation lors d\u2019un&hellip;\n","protected":false},"author":2,"featured_media":276435,"comment_status":"","ping_status":"","sticky":false,"template":"","format":"standard","meta":{"footnotes":""},"categories":[1359],"tags":[11,448,58,59,63,1011,27,66,3388,12,973,10662],"class_list":{"0":"post-401497","1":"post","2":"type-post","3":"status-publish","4":"format-standard","5":"has-post-thumbnail","7":"category-people","8":"tag-actualites","9":"tag-champions-league","10":"tag-divertissement","11":"tag-entertainment","12":"tag-football","13":"tag-fr","14":"tag-france","15":"tag-ligue-1","16":"tag-matchs","17":"tag-news","18":"tag-people","19":"tag-transferts"},"share_on_mastodon":{"url":"https:\/\/pubeurope.com\/@fr\/115228944889735964","error":""},"_links":{"self":[{"href":"https:\/\/www.europesays.com\/fr\/wp-json\/wp\/v2\/posts\/401497","targetHints":{"allow":["GET"]}}],"collection":[{"href":"https:\/\/www.europesays.com\/fr\/wp-json\/wp\/v2\/posts"}],"about":[{"href":"https:\/\/www.europesays.com\/fr\/wp-json\/wp\/v2\/types\/post"}],"author":[{"embeddable":true,"href":"https:\/\/www.europesays.com\/fr\/wp-json\/wp\/v2\/users\/2"}],"replies":[{"embeddable":true,"href":"https:\/\/www.europesays.com\/fr\/wp-json\/wp\/v2\/comments?post=401497"}],"version-history":[{"count":0,"href":"https:\/\/www.europesays.com\/fr\/wp-json\/wp\/v2\/posts\/401497\/revisions"}],"wp:featuredmedia":[{"embeddable":true,"href":"https:\/\/www.europesays.com\/fr\/wp-json\/wp\/v2\/media\/276435"}],"wp:attachment":[{"href":"https:\/\/www.europesays.com\/fr\/wp-json\/wp\/v2\/media?parent=401497"}],"wp:term":[{"taxonomy":"category","embeddable":true,"href":"https:\/\/www.europesays.com\/fr\/wp-json\/wp\/v2\/categories?post=401497"},{"taxonomy":"post_tag","embeddable":true,"href":"https:\/\/www.europesays.com\/fr\/wp-json\/wp\/v2\/tags?post=401497"}],"curies":[{"name":"wp","href":"https:\/\/api.w.org\/{rel}","templated":true}]}}