{"id":40151,"date":"2025-04-21T00:09:14","date_gmt":"2025-04-21T00:09:14","guid":{"rendered":"https:\/\/www.europesays.com\/fr\/40151\/"},"modified":"2025-04-21T00:09:14","modified_gmt":"2025-04-21T00:09:14","slug":"concurrence-aberration-ecologique-le-gouvernement-veut-endiguer-le-phenomene-des-petits-colis-venus-de-chine","status":"publish","type":"post","link":"https:\/\/www.europesays.com\/fr\/40151\/","title":{"rendered":"Concurrence, \u00ab\u00a0aberration \u00e9cologique\u00a0\u00bb&#8230; Le gouvernement veut \u00ab\u00a0endiguer\u00a0\u00bb le ph\u00e9nom\u00e8ne des petits colis venus de Chine"},"content":{"rendered":"<p>Le ministre de l&rsquo;\u00c9conomie Eric Lombard s&rsquo;en est pris ce dimanche aux importations massives de colis d&rsquo;ultra-fast fashion, fabriqu\u00e9s principalement en Chine.Ils \u00ab\u00a0concurrencent directement nos entreprises\u00a0\u00bb et ne respectent pas toujours les normes europ\u00e9ennes, a-t-il d\u00e9nonc\u00e9, d\u00e9plorant aussi leur co\u00fbt environnemental.L&rsquo;ex\u00e9cutif va annoncer des mesures \u00e0 ce sujet \u00e0 la fin du mois.<a href=\"https:\/\/www.tf1info.fr\/actualite\/etats-unis-la-guerre-commerciale-de-donald-trump-contre-le-reste-du-monde-ue-france-chine-mexique-canada-13890\/\" rel=\"nofollow noopener\" class=\"jsx-3118104007 Link jsx-1428418400 jsx-1404382745\" target=\"_blank\"><\/p>\n<p style=\"font-weight:400\" class=\"jsx-1837267516\">Suivez la couverture compl\u00e8te<\/p>\n<p style=\"font-weight:800\" class=\"jsx-1837267516\">La guerre commerciale de Donald Trump contre le reste du monde<\/p>\n<p><\/a><\/p>\n<p data-module=\"article-paragraph\" class=\"jsx-362436225 Paragraph\">En pleine temp\u00eate commerciale d\u00e9clench\u00e9e par Donald Trump, \u00a0il y a un sujet avec lequel Paris pourrait bien s&rsquo;aligner sur Washington. Au d\u00e9but du mois, le pr\u00e9sident am\u00e9ricain a fait bondir les droits de douane am\u00e9ricains sur les petits colis envoy\u00e9s depuis la Chine. Et le gouvernement fran\u00e7ais veut lui aussi cibler <a href=\"https:\/\/www.tf1info.fr\/conso\/video-reportage-shein-et-temu-pourquoi-l-europe-hausse-le-ton-face-aux-geants-chinois-de-l-e-commerce-2349137.html\" target=\"_blank\" rel=\"nofollow noopener\">l&rsquo;ultra-fast fashion chinoise (nouvelle fen\u00eatre)<\/a>, qui repr\u00e9sente un \u00ab\u00a0flux de marchandises consid\u00e9rable\u00a0\u00bb, a indiqu\u00e9 ce dimanche 20 avril le ministre de l&rsquo;\u00c9conomie Eric Lombard. Dans une interview au journal <a href=\"https:\/\/www.latribune.fr\/la-tribune-dimanche\/politique\/eric-lombard-ministre-de-l-economie-et-des-finances-les-chefs-d-entreprise-doivent-travailler-avec-les-etats-1023152.html\" target=\"_blank\" rel=\"nofollow noopener\">La Tribune Dimanche (nouvelle fen\u00eatre)<\/a>, il annonce des mesures \u00e0 venir \u00e0 ce sujet \u00e0 la fin du mois.\u00a0<\/p>\n<p data-module=\"article-paragraph\" class=\"jsx-362436225 Paragraph Paragraph__End\">\u00ab\u00a0Nous nous mobilisons en France comme en Europe\u00a0\u00bb, a-t-il soulign\u00e9, signalant \u00ab\u00a0400 millions d&rsquo;objets exp\u00e9di\u00e9s l&rsquo;an dernier\u00a0\u00bb, un chiffre en nette progression puisqu&rsquo;il grimpe d\u00e9j\u00e0 \u00e0 \u00ab\u00a0pr\u00e8s de 800 millions\u00a0\u00bb cette ann\u00e9e. Depuis 2010, les paquets d&rsquo;une valeur de moins de 150 euros envoy\u00e9s depuis un pays tiers dans l&rsquo;Union europ\u00e9enne \u00e9chappent aux taxes douani\u00e8res. D\u00e8s f\u00e9vrier, la Commission europ\u00e9enne avait appel\u00e9 \u00e0 acc\u00e9l\u00e9rer une r\u00e9forme douani\u00e8re pour revenir sur cette exon\u00e9ration, tout en r\u00e9futant toute coordination avec les \u00c9tats-Unis sur le sujet.\u00a0<\/p>\n<p>\u00ab\u00a0Alerter\u00a0\u00bb sans \u00ab\u00a0culpabiliser\u00a0\u00bb les consommateurs<\/p>\n<p data-module=\"article-paragraph\" class=\"jsx-362436225 Paragraph\">Pour cause, ces petits colis d&rsquo;ultra-fast fashion, des v\u00eatements et accessoires \u00e0 prix cass\u00e9 produits notamment par les g\u00e9ants chinois Temu et Shein, sont probl\u00e9matiques \u00e0 plus d&rsquo;un titre, a d\u00e9fendu le ministre. \u00ab\u00a0Ces envois concurrencent directement nos entreprises et nos commer\u00e7ants. Certains produits ne sont pas conformes <a href=\"https:\/\/www.tf1info.fr\/conso\/video-tf1-reportage-jouets-non-conformes-faut-il-se-mefier-des-plateformes-chinoises-shein-et-temu-2331888.html\" target=\"_blank\" rel=\"nofollow noopener\">aux normes europ\u00e9ennes (nouvelle fen\u00eatre)<\/a> et les personnes qui les fabriquent travaillent dans des conditions <a href=\"https:\/\/www.tf1info.fr\/conso\/ultra-fast-fashion-l-union-europeenne-devrait-ouvrir-une-enquete-contre-la-plateforme-shein-2348652.html\" target=\"_blank\" rel=\"nofollow noopener\">incompatibles avec nos valeurs (nouvelle fen\u00eatre)<\/a>\u00ab\u00a0, a-t-il fait valoir dans l&rsquo;interview.<\/p>\n<p data-module=\"article-paragraph\" class=\"jsx-362436225 Paragraph Paragraph__End\">\u00c0 cela s&rsquo;ajoute la question environnementale : \u00ab\u00a0c&rsquo;est aussi une <a href=\"https:\/\/www.tf1info.fr\/environnement-ecologie\/video-environnement-les-solutions-pour-reduire-l-empreinte-carbone-de-nos-colis-2243401.html\" target=\"_blank\" rel=\"nofollow noopener\">aberration \u00e9cologique (nouvelle fen\u00eatre)<\/a>\u00ab\u00a0, tance le ministre. \u00ab\u00a0Rien qu&rsquo;\u00e0 destination du march\u00e9 europ\u00e9en, ce sont 600 avions gros-porteurs qui s&rsquo;envolent chaque nuit depuis la Chine !\u00a0\u00bb, s&rsquo;irrite-t-il, appelant \u00e0 \u00ab\u00a0endiguer ce ph\u00e9nom\u00e8ne\u00a0\u00bb. Pour cela, il faut \u00ab\u00a0alert(er) les clients europ\u00e9ens sur les enjeux\u00a0\u00bb, mais \u00ab\u00a0sans culpabiliser\u00a0\u00bb. \u00ab\u00a0Ces objets peu chers sont achet\u00e9s par des consommateurs qui ont parfois peu de moyens\u00a0\u00bb, a reconnu Eric Lombard.\u00a0<\/p>\n<ul class=\"jsx-658110588 ReadMoreArticle__List flex flex-column\">\n<li class=\"jsx-658110588\"><a href=\"https:\/\/www.tf1info.fr\/economie\/video-une-menace-pour-l-ensemble-des-commercants-francais-faut-il-taxer-les-colis-chinois-de-shein-temu-ou-aliexpress-2363919.html\" rel=\"nofollow noopener\" class=\"jsx-4233824444 Link flex\" target=\"_blank\"><img decoding=\"async\" src=\"https:\/\/www.europesays.com\/fr\/wp-content\/uploads\/2025\/04\/shein-7-56b3b9-0@1x.jpeg\" alt=\"Lire aussi\" loading=\"lazy\" importance=\"low\" fetchpriority=\"low\" class=\"\" copyright=\"TF1\"\/>\n<p class=\"jsx-658110588 ReadMoreArticle__Title\">Lire aussi<\/p>\n<p class=\"jsx-658110588\">\u00ab\u00a0On pr\u00e9f\u00e9rerait acheter fran\u00e7ais mais&#8230;\u00a0\u00bb : faut-il taxer les colis chinois de Shein ou Temu ?<\/p>\n<p><\/a><\/li>\n<\/ul>\n<p data-module=\"article-paragraph\" class=\"jsx-362436225 Paragraph\">Aux c\u00f4t\u00e9s de ses autres coll\u00e8gues ministres de Bercy, il pr\u00e9voit donc une prise de parole \u00ab\u00a0sur cette question\u00a0\u00bb le 29 avril, \u00ab\u00a0pour alerter l&rsquo;opinion mais aussi pour annoncer des mesures\u00a0\u00bb, a-t-il expliqu\u00e9.\u00a0<\/p>\n<p data-module=\"article-paragraph\" class=\"jsx-362436225 Paragraph Paragraph__End\">En France, les grandes plateformes asiatiques <a href=\"https:\/\/www.tf1info.fr\/conso\/la-boutique-en-ligne-d-emmaues-denonce-la-concurrence-deloyale-d-amazon-shein-et-temu-2295559.html\" target=\"_blank\" rel=\"nofollow noopener\">repr\u00e9sentent 22% des colis achemin\u00e9s (nouvelle fen\u00eatre)<\/a> par La Poste, contre \u00ab\u00a0moins de 5% il y a cinq ans\u00a0\u00bb, a expliqu\u00e9 la semaine pass\u00e9e le patron du groupe public fran\u00e7ais, Philippe Wahl, \u00e0 l&rsquo;AFP. Au niveau europ\u00e9en, environ 4,6 milliards d&rsquo;envois de faible valeur sont entr\u00e9s sur le march\u00e9 en 2024, \u00e0 91% en provenance de Chine, selon la Commission europ\u00e9enne. Le chiffre a doubl\u00e9 par rapport \u00e0 2023 et tripl\u00e9 par rapport \u00e0 2022.\u00a0<\/p>\n<p>Le gouvernement ne veut pas \u00ab\u00a0rompre avec la Chine\u00a0\u00bb pour autant<\/p>\n<p data-module=\"article-paragraph\" class=\"jsx-362436225 Paragraph\">Cet arrosage massif inqui\u00e8te d&rsquo;autant plus Bruxelles que les droits de douane vertigineux impos\u00e9s par Donald Trump \u00e0 de nombreux produits chinois, au-del\u00e0 de ces petits colis, laisse craindre <a href=\"https:\/\/www.tf1info.fr\/economie\/droits-de-douane-de-145-imposes-a-pekin-doit-on-craindre-un-deferlement-de-produits-chinois-en-europe-2364431.html\" target=\"_blank\" rel=\"nofollow noopener\">un report des exp\u00e9ditions chinoises (nouvelle fen\u00eatre)<\/a> vers le march\u00e9 europ\u00e9en. L&rsquo;UE redoute une concurrence encore accrue pour les entreprises locales.\u00a0<\/p>\n<p data-module=\"article-paragraph\" class=\"jsx-362436225 Paragraph Paragraph__End\">Eric Lombard a estim\u00e9 plus largement que \u00ab\u00a0le mod\u00e8le exportateur chinois pose un probl\u00e8me \u00e9conomique tant aux \u00c9tats-Unis qu&rsquo;\u00e0 l&rsquo;Europe\u00a0\u00bb, sans pour autant vouloir \u00ab\u00a0rompre avec la Chine\u00a0\u00bb. \u00ab\u00a0Je souhaite que nous engagions des discussions en vue de r\u00e9\u00e9quilibrer nos relations\u00a0\u00bb, a-t-il ajout\u00e9, estimant notamment que P\u00e9kin, \u00ab\u00a0qui dispose de technologies de tr\u00e8s haut niveau, peut jouer un r\u00f4le important en mati\u00e8re d&rsquo;investissements\u00a0\u00bb au sein de l&rsquo;UE.\u00a0<\/p>\n<p>Shein, Temu : vendent-elles des produits dangereux ?Source : JT 20h Semaine<\/p>\n<p><a href=\"https:\/\/www.tf1info.fr\/conso\/videos\/video-shein-temu-vendent-elles-des-produits-dangereux-5978-2349138.html\" rel=\"nofollow noopener\" class=\"jsx-3118104007 Link\" target=\"_blank\"><img decoding=\"async\" src=\"https:\/\/www.europesays.com\/fr\/wp-content\/uploads\/2025\/04\/shein-temu-vendent-elles-des-produits-dangereux-17766e-0@1x.jpeg\" alt=\"\" loading=\"lazy\" importance=\"low\" fetchpriority=\"low\" class=\"\" aria-hidden=\"true\"\/><\/p>\n<p>02:15<\/p>\n<p><\/a><\/p>\n<p data-module=\"article-paragraph\" class=\"jsx-362436225 Paragraph Paragraph__End\">Dans le contexte de la guerre commerciale enclench\u00e9e par Washington, le ministre de l&rsquo;\u00c9conomie a par ailleurs appel\u00e9 <a href=\"https:\/\/www.tf1info.fr\/politique\/video-propos-de-bernard-arnault-lvmh-sur-les-droits-de-douane-nous-devons-etre-solidaires-repond-eric-lombard-sur-lci-2365971.html\" target=\"_blank\" rel=\"nofollow noopener\">\u00ab\u00a0au patriotisme des chefs d&rsquo;entreprise\u00a0\u00bb (nouvelle fen\u00eatre)<\/a>, qui doivent selon lui \u00ab\u00a0travailler avec les \u00c9tats\u00a0\u00bb dans cette \u00ab\u00a0bataille\u00a0\u00bb. Plusieurs grands patrons fran\u00e7ais ont pris cette semaine le contre-pied du pr\u00e9sident Emmanuel Macron, qui avait demand\u00e9 aux entreprises de suspendre leurs investissements aux \u00c9tats-Unis en attendant que l&rsquo;Europe construise sa r\u00e9ponse aux taxes am\u00e9ricaines.\u00a0<\/p>\n<p>M.L. avec AFP<\/p>\n","protected":false},"excerpt":{"rendered":"Le ministre de l&rsquo;\u00c9conomie Eric Lombard s&rsquo;en est pris ce dimanche aux importations massives de colis d&rsquo;ultra-fast fashion,&hellip;\n","protected":false},"author":2,"featured_media":40152,"comment_status":"","ping_status":"","sticky":false,"template":"","format":"standard","meta":{"footnotes":""},"categories":[6],"tags":[1111,11,1921,35,309,1129,75,33,34,1073,1011,27,1922,310,12403,3078,985,6276,1800,2922,5735,4301,133,5642],"class_list":{"0":"post-40151","1":"post","2":"type-post","3":"status-publish","4":"format-standard","5":"has-post-thumbnail","7":"category-economie","8":"tag-actu","9":"tag-actualites","10":"tag-article-video","11":"tag-business","12":"tag-chine","13":"tag-climat","14":"tag-donald-trump","15":"tag-economie","16":"tag-economy","17":"tag-emmanuel-macron","18":"tag-fr","19":"tag-france","20":"tag-info","21":"tag-internet","22":"tag-internet-et-digital","23":"tag-la-guerre-commerciale-de-donald-trump-contre-le-reste-du-monde","24":"tag-mode","25":"tag-modes-de-consommation","26":"tag-pollution","27":"tag-pouvoir-dachat","28":"tag-protection-de-lenvironnement","29":"tag-telecoms","30":"tag-video","31":"tag-video-economie"},"share_on_mastodon":{"url":"https:\/\/pubeurope.com\/@fr\/114373051381504205","error":""},"_links":{"self":[{"href":"https:\/\/www.europesays.com\/fr\/wp-json\/wp\/v2\/posts\/40151","targetHints":{"allow":["GET"]}}],"collection":[{"href":"https:\/\/www.europesays.com\/fr\/wp-json\/wp\/v2\/posts"}],"about":[{"href":"https:\/\/www.europesays.com\/fr\/wp-json\/wp\/v2\/types\/post"}],"author":[{"embeddable":true,"href":"https:\/\/www.europesays.com\/fr\/wp-json\/wp\/v2\/users\/2"}],"replies":[{"embeddable":true,"href":"https:\/\/www.europesays.com\/fr\/wp-json\/wp\/v2\/comments?post=40151"}],"version-history":[{"count":0,"href":"https:\/\/www.europesays.com\/fr\/wp-json\/wp\/v2\/posts\/40151\/revisions"}],"wp:featuredmedia":[{"embeddable":true,"href":"https:\/\/www.europesays.com\/fr\/wp-json\/wp\/v2\/media\/40152"}],"wp:attachment":[{"href":"https:\/\/www.europesays.com\/fr\/wp-json\/wp\/v2\/media?parent=40151"}],"wp:term":[{"taxonomy":"category","embeddable":true,"href":"https:\/\/www.europesays.com\/fr\/wp-json\/wp\/v2\/categories?post=40151"},{"taxonomy":"post_tag","embeddable":true,"href":"https:\/\/www.europesays.com\/fr\/wp-json\/wp\/v2\/tags?post=40151"}],"curies":[{"name":"wp","href":"https:\/\/api.w.org\/{rel}","templated":true}]}}