{"id":401514,"date":"2025-09-19T04:03:17","date_gmt":"2025-09-19T04:03:17","guid":{"rendered":"https:\/\/www.europesays.com\/fr\/401514\/"},"modified":"2025-09-19T04:03:17","modified_gmt":"2025-09-19T04:03:17","slug":"la-banque-cloture-son-livret-a-ouvert-par-ses-parents-en-1975-il-voit-son-argent-partir-en-fumee","status":"publish","type":"post","link":"https:\/\/www.europesays.com\/fr\/401514\/","title":{"rendered":"la banque cl\u00f4ture son Livret A ouvert par ses parents en 1975, il voit son argent partir en fum\u00e9e"},"content":{"rendered":"<p>\u00c0 la fin de l&rsquo;ann\u00e9e 2023, le <a href=\"https:\/\/www.mariefrance.fr\/mise-en-avant\/diaporama-accueil\/plus-23-500-livret-1er-mai-pourquoi-avez-rien-craindre-1156162.html\" rel=\"nofollow noopener\" target=\"_blank\"><br \/>\nLivret A<\/a> comptait 57 millions de comptes (+2 %), confirmant sa<br \/>\nplace de produit d&rsquo;\u00e9pargne r\u00e9glement\u00e9e favori des Fran\u00e7ais. Apr\u00e8s<br \/>\nune augmentation significative en 2022, le montant total de ce<br \/>\nplacement, poss\u00e9d\u00e9 par 82 % des Fran\u00e7ais, a poursuivi sa<br \/>\nprogression en 2023, atteignant un sommet historique de 414<br \/>\nmilliards d&rsquo;euros. Probl\u00e8me, son taux va baisser au 1er ao\u00fbt 2025 \u00e0<br \/>\n1,70% apr\u00e8s avoir d\u00e9j\u00e0 baiss\u00e9 en f\u00e9vrier dernier de 3% \u00e0 2,4%.<\/p>\n<p>Une situation qui n&rsquo;arrange pas les \u00e9pargnants qui von ainsi<br \/>\nmoins bien faire travailler leur argent sur leur Livret A. Qu&rsquo;\u00e0<br \/>\ncela ne tienne, les d\u00e9tenteurs d&rsquo;un Livret A (hors personnes<br \/>\nmorales) d\u00e9tiennent <strong>7 077 euros en moyenne<\/strong>, soit<br \/>\nune augmentation de 700 euros par rapport \u00e0 2022. Mais si l&rsquo;argent<br \/>\ndes Fran\u00e7ais dort bien tranquillement, ce n&rsquo;est pas le cas de tous,<br \/>\ncomme en t\u00e9moigne ce terrible rat\u00e9 qui a vu un homme perdre toutes<br \/>\nses \u00e9conomies. On vous raconte sa triste histoire.<\/p>\n<p><img loading=\"lazy\" decoding=\"async\" itemprop=\"thumbnailUrl\" class=\"size-medium wp-image-1115032 img-responsive\" src=\"https:\/\/www.europesays.com\/fr\/wp-content\/uploads\/2025\/09\/1-40-680x383.jpg\" alt=\"Les d\u00e9tenteurs d'un Livret A (hors personnes morales) d\u00e9tenaient 7 077 euros en moyenne\" width=\"680\" height=\"383\"\/> \u00a9 Shutterstock<\/p>\n<p>Cette tr\u00e8s mauvaise<br \/>\nsurprise d&rsquo;un \u00e9pargnant fid\u00e8le au livret A<\/p>\n<p>Comme un <a href=\"https:\/\/www.mariefrance.fr\/actualite\/societe\/livret-voici-date-laquelle-allez-recevoir-interets-2024-1107775.html\" rel=\"nofollow noopener\" target=\"_blank\"><br \/>\nd\u00e9tenteur de Livret A<\/a> sur dix, ce Tourangeau a atteint le<br \/>\n<strong>plafond de 22 950 euros<\/strong> en fin d&rsquo;ann\u00e9e. Pourtant,<br \/>\nlui n&rsquo;en voit d\u00e9sormais plus la couleur. Depuis plusieurs ann\u00e9es,<br \/>\nce quinquag\u00e9naire pensait que son argent \u00e9tait \u00e0 l\u2019abri. Loin de se<br \/>\nreposer sur ses \u00e9conomies, et c\u2019est bien parce qu\u2019elles <strong>se<br \/>\nsont volatilis\u00e9es<\/strong>, il se retrouve au c\u0153ur d\u2019un bras de fer<br \/>\njudiciaire apr\u00e8s avoir d\u00e9couvert que sa banque avait cl\u00f4tur\u00e9 son<br \/>\ncompte \u00e9pargne sans le pr\u00e9venir. Pourquoi ?<\/p>\n<p>L\u2019\u00e9tablissement bancaire pensait que le Livret A n\u2019\u00e9tait plus<br \/>\nutilis\u00e9. La fermeture de son compte \u00e9pargne, l\u2019homme ne s&rsquo;en est<br \/>\nrendu compte qu\u2019en mai 2024, alors qu\u2019elle avait en r\u00e9alit\u00e9 eu<br \/>\nlieu\u2026 en 2016. D\u2019apr\u00e8s des informations recueillies par La<br \/>\nNouvelle R\u00e9publique, le Livret A lui avait \u00e9t\u00e9 ouvert en 1975<br \/>\npar les parents du Tourangeau. Il s\u2019agissait du <strong>seul compte<br \/>\nbancaire<\/strong> qu&rsquo;il d\u00e9tenait \u00e0 la Caisse d\u2019\u00c9pargne<br \/>\nd\u2019Indre-et-Loire.<\/p>\n<p><img loading=\"lazy\" decoding=\"async\" aria-describedby=\"caption-attachment-1115031\" class=\"size-medium wp-image-1115031 img-responsive\" src=\"https:\/\/www.europesays.com\/fr\/wp-content\/uploads\/2025\/09\/3-29-680x383.jpg\" alt=\"&lt;p&gt;Il s\u2019agissait du seul compte bancaire qu'il d\u00e9tenait \u00e0 la Caisse d\u2019\u00c9pargne d\u2019Indre-et-Loire&lt;\/p&gt;\" width=\"680\" height=\"383\"\/> \u00a9 Shutterstock<\/p>\n<p id=\"caption-attachment-1115031\" class=\"wp-caption-text\">Il<br \/>\ns\u2019agissait du seul compte bancaire qu&rsquo;il d\u00e9tenait \u00e0 la Caisse<br \/>\nd\u2019\u00c9pargne d\u2019Indre-et-Loire<\/p>\n<p>Une terrible d\u00e9cision de la banque<\/p>\n<p>Le client de la banque argue que le compte aurait atteint son<br \/>\nplafond en 2024. Selon lui, il b\u00e9n\u00e9ficiait de <strong>27 000 euros<br \/>\nd\u2019\u00e9conomies<\/strong>, en tenant compte des int\u00e9r\u00eats qu\u2019il avait<br \/>\ncumul\u00e9s pendant plusieurs ann\u00e9es. \u00ab\u00a0Son livret \u00e9tait au plafond,<br \/>\nseuls les int\u00e9r\u00eats s\u2019accumulaient\u00a0\u00bb, avance l\u2019avocat du client,<br \/>\nMe Tournier. La banque explique de son c\u00f4t\u00e9 que \u00ab\u00a0cette<br \/>\nop\u00e9ration r\u00e9sulte des obligations faites aux \u00e9tablissements<br \/>\nfinanciers d\u2019identifier les comptes inactifs et de transf\u00e9rer les<br \/>\nfonds issus de ces comptes \u00e0 la Caisse des d\u00e9p\u00f4ts et<br \/>\nconsignations\u00a0\u00bb. Le client affirme pourtant qu\u2019un transfert de<br \/>\nfonds avait \u00e9t\u00e9 effectu\u00e9 il y a huit ans. Toutefois,<br \/>\nl\u2019\u00e9tablissement bancaire dit ne retrouver aucune trace d\u2019une telle<br \/>\nop\u00e9ration.<\/p>\n<blockquote class=\"tiktok-embed\" cite=\"https:\/\/www.tiktok.com\/@andreasmaack_\/video\/7454626981313809686\" data-video-id=\"7454626981313809686\" style=\"max-width: 605px;min-width: 325px;\"><p>\n<a target=\"_blank\" href=\"https:\/\/www.tiktok.com\/@andreasmaack_\/video\/7454626981313809686\" rel=\"nofollow noopener\"><img decoding=\"async\" src=\"https:\/\/www.tiktok.com\/img\/logo.png\" alt=\"TikTok Logo\"\/><\/a>\n<\/p><\/blockquote>\n<p>L\u2019homme affirme que la Caisse d\u2019\u00c9pargne ne l\u2019a jamais pr\u00e9venu de<br \/>\nl\u2019inactivit\u00e9 de ce compte. \u00ab\u00a0Ce sont les \u00e9conomies d\u2019une<br \/>\nvie\u00a0\u00bb, s\u2019indigne-t-il. D\u00e9cid\u00e9 \u00e0 r\u00e9cup\u00e9rer son solde, le<br \/>\nquinquag\u00e9naire a <strong>attaqu\u00e9 l\u2019\u00e9tablissement bancaire<\/strong><br \/>\nen justice. Le proc\u00e8s se tiendra devant le tribunal judiciaire de<br \/>\nTours en mars prochain.<\/p>\n<p><script async src=\"\/\/www.tiktok.com\/embed.js\"><\/script><\/p>\n","protected":false},"excerpt":{"rendered":"\u00c0 la fin de l&rsquo;ann\u00e9e 2023, le Livret A comptait 57 millions de comptes (+2 %), confirmant sa&hellip;\n","protected":false},"author":2,"featured_media":401515,"comment_status":"","ping_status":"","sticky":false,"template":"","format":"standard","meta":{"footnotes":""},"categories":[7],"tags":[21303,1011,27,6055,43,40,41,39,42,44],"class_list":{"0":"post-401514","1":"post","2":"type-post","3":"status-publish","4":"format-standard","5":"has-post-thumbnail","7":"category-sciences-et-technologies","8":"tag-buzz_nonli","9":"tag-fr","10":"tag-france","11":"tag-republishing","12":"tag-science","13":"tag-science-and-technology","14":"tag-sciences","15":"tag-sciences-et-technologies","16":"tag-technologies","17":"tag-technology"},"share_on_mastodon":{"url":"https:\/\/pubeurope.com\/@fr\/115228980837184512","error":""},"_links":{"self":[{"href":"https:\/\/www.europesays.com\/fr\/wp-json\/wp\/v2\/posts\/401514","targetHints":{"allow":["GET"]}}],"collection":[{"href":"https:\/\/www.europesays.com\/fr\/wp-json\/wp\/v2\/posts"}],"about":[{"href":"https:\/\/www.europesays.com\/fr\/wp-json\/wp\/v2\/types\/post"}],"author":[{"embeddable":true,"href":"https:\/\/www.europesays.com\/fr\/wp-json\/wp\/v2\/users\/2"}],"replies":[{"embeddable":true,"href":"https:\/\/www.europesays.com\/fr\/wp-json\/wp\/v2\/comments?post=401514"}],"version-history":[{"count":0,"href":"https:\/\/www.europesays.com\/fr\/wp-json\/wp\/v2\/posts\/401514\/revisions"}],"wp:featuredmedia":[{"embeddable":true,"href":"https:\/\/www.europesays.com\/fr\/wp-json\/wp\/v2\/media\/401515"}],"wp:attachment":[{"href":"https:\/\/www.europesays.com\/fr\/wp-json\/wp\/v2\/media?parent=401514"}],"wp:term":[{"taxonomy":"category","embeddable":true,"href":"https:\/\/www.europesays.com\/fr\/wp-json\/wp\/v2\/categories?post=401514"},{"taxonomy":"post_tag","embeddable":true,"href":"https:\/\/www.europesays.com\/fr\/wp-json\/wp\/v2\/tags?post=401514"}],"curies":[{"name":"wp","href":"https:\/\/api.w.org\/{rel}","templated":true}]}}