{"id":401516,"date":"2025-09-19T04:04:13","date_gmt":"2025-09-19T04:04:13","guid":{"rendered":"https:\/\/www.europesays.com\/fr\/401516\/"},"modified":"2025-09-19T04:04:13","modified_gmt":"2025-09-19T04:04:13","slug":"taxe-zucman-sur-limposition-des-riches-le-rn-saligne-sur-la-macronie-et-le-medef","status":"publish","type":"post","link":"https:\/\/www.europesays.com\/fr\/401516\/","title":{"rendered":"Taxe Zucman\u00a0: sur l\u2019imposition des riches, le RN s\u2019aligne sur la Macronie et le Medef"},"content":{"rendered":"<p>Une fois n\u2019est pas coutume, <a href=\"https:\/\/www.humanite.fr\/politique\/extreme-droite\/a-bordeaux-marine-le-pen-revendique-une-alternance-toujours-plus-liberale-et-autoritaire\" target=\"_blank\" rel=\"noopener\">le Rassemblement national<\/a> (RN) se soumet \u00e0 l\u2019absence de contr\u00f4le aux fronti\u00e8res. Interrog\u00e9 mercredi sur LCI sur le fait que les contribuables qui seraient assujettis <a href=\"https:\/\/www.humanite.fr\/politique\/fiscalite\/taxe-zucman-pourquoi-limpot-sur-les-ultrariches-fait-trembler-la-droite-et-les-macronistes\" target=\"_blank\" rel=\"noopener\">\u00e0 la taxe Zucman<\/a> pourraient partir, Jean-Philippe Tanguy a pris acte que la porte est grand ouverte pour les fortun\u00e9s, sans demander que soient \u00e9rig\u00e9es des barri\u00e8res. \u00ab\u00a0\u00c9videmment qu\u2019ils peuvent partir, puisque ce sont les plus favoris\u00e9s. (\u2026) Il y a une libert\u00e9 des capitaux dans le monde construit par Macron ou ses pr\u00e9d\u00e9cesseurs\u00a0\u00bb, a d\u00e9clar\u00e9 le monsieur \u00e9conomie du RN.<\/p>\n<p>Et voil\u00e0 donc l\u2019extr\u00eame droite qui participe \u00e0 son tour \u00e0 d\u00e9l\u00e9gitimer cette mesure de justice fiscale et sociale r\u00e9clam\u00e9e par la gauche, qui contraindrait les grandes fortunes \u00e0 s\u2019acquitter d\u2019un imp\u00f4t plancher au moins \u00e9quivalent \u00e0 2\u00a0% de leur patrimoine.<\/p>\n<p>Le d\u00e9put\u00e9 RN ne voit dans cette proposition qu\u2019un outil de communication de la gauche et d\u00e9voile le fond de sa pens\u00e9e\u00a0: haro sur les services publics\u00a0! \u00ab\u00a0Ce qui m\u2019a beaucoup choqu\u00e9 dans la taxe Zucman\u00a0\u00bb, c\u2019est que \u00ab\u00a0cela emp\u00eache de parler des 57\u00a0% de d\u00e9penses (publiques) dans le PIB\u00a0\u00bb, avance Jean-Philippe Tanguy.<\/p>\n<p>Sur le r\u00e9seau social X, le d\u00e9put\u00e9 de la Somme indique dans la foul\u00e9e <a href=\"https:\/\/www.humanite.fr\/politique\/extreme-droite\/assoiffe-de-pouvoir-le-rn-courtise-riches-et-patrons\" target=\"_blank\" rel=\"noopener\">que la priorit\u00e9 pour le RN n\u2019est pas de trouver de nouvelles recettes<\/a>, mais, \u00e0 l\u2019instar des macronistes, de \u00ab\u00a0baisser les mauvaises d\u00e9penses et les taxes sur les classes moyennes\/populaires ainsi que de favoriser le \u00ab\u00a0produire en France\u00a0\u00bb\u00a0\u00bb.\u00a0Pour combattre l\u2019aust\u00e9rit\u00e9 et d\u00e9fendre les services publics, le RN r\u00e9pond donc une fois de plus aux abonn\u00e9s absents.<\/p>\n<p>Car, au RN, on n\u2019a qu\u2019une envie\u00a0: grand-remplacer une Macronie qui se d\u00e9bat pour conserver son titre de meilleur chien de garde du capital. En vue de s\u2019attirer les bonnes gr\u00e2ces du patronat, le pr\u00e9sident du RN, Jordan Bardella, s\u2019est fendu d\u00e9but septembre <a href=\"https:\/\/www.humanite.fr\/politique\/extreme-droite\/assoiffe-de-pouvoir-le-rn-courtise-riches-et-patrons\" data-type=\"link\" data-id=\"https:\/\/www.humanite.fr\/politique\/extreme-droite\/assoiffe-de-pouvoir-le-rn-courtise-riches-et-patrons\" target=\"_blank\" rel=\"noopener\">d\u2019une lettre aux entrepreneurs<\/a> dans laquelle il d\u00e9roule les arguments les plus lib\u00e9raux.\u00a0Jusqu\u2019\u00e0 promettre une r\u00e9duction de la \u00ab\u00a0mauvaise d\u00e9pense publique\u00a0\u00bb (ainsi sont appel\u00e9s les pseudo-co\u00fbts de l\u2019immigration et de \u00ab\u00a0l\u2019assistanat\u00a0\u00bb), un all\u00e8gement du \u00ab\u00a0fardeau normatif\u00a0\u00bb, et une fiscalit\u00e9 avantageuse pour le capital par une baisse des \u00ab\u00a0imp\u00f4ts de production\u00a0\u00bb de 20\u00a0%.<\/p>\n<p>Autant dire que lors de la rencontre de la d\u00e9l\u00e9gation du parti postp\u00e9tainiste avec le nouveau premier ministre, <a href=\"https:\/\/www.humanite.fr\/politique\/emmanuel-macron\/sur-qui-emmanuel-macron-mise-t-il-pour-sauver-sebastien-lecornu\" data-type=\"link\" data-id=\"https:\/\/www.humanite.fr\/politique\/emmanuel-macron\/sur-qui-emmanuel-macron-mise-t-il-pour-sauver-sebastien-lecornu\" target=\"_blank\" rel=\"noopener\">S\u00e9bastien Lecornu<\/a>, mercredi, la fiscalit\u00e9 sur le patrimoine n\u2019\u00e9tait pas au c\u0153ur des demandes. D\u00e9magogue, Marine Le Pen y a rappel\u00e9 que pendant la derni\u00e8re campagne pr\u00e9sidentielle elle avait \u00ab\u00a0fait la proposition d\u2019un imp\u00f4t sur la fortune financi\u00e8re\u00a0\u00bb en remplacement de l\u2019imp\u00f4t sur la fortune immobili\u00e8re.<\/p>\n<p>Un imp\u00f4t qu\u2019elle vide toutefois de toute substance, pr\u00e9cisant sur le perron de Matignon\u00a0: \u00ab\u00a0Nous pr\u00e9servons les biens professionnels\u00a0\u00bb, derri\u00e8re lesquels se cachent les milliardaires. Dans son projet de contre-budget en 2024, le RN comptait sur cette mesure pour rapporter 3\u00a0milliards d\u2019euros. <a href=\"https:\/\/www.humanite.fr\/politique\/fiscalite\/taxe-zucman-pourquoi-limpot-sur-les-ultrariches-fait-trembler-la-droite-et-les-macronistes\" target=\"_blank\" rel=\"noopener\">Soit bien moins qu\u2019une taxe Zucman<\/a>, qui fournirait 20\u00a0milliards d\u2019euros aux caisses de l\u2019\u00c9tat. D\u00e8s lors qu\u2019il s\u2019agit de s\u2019en prendre aux riches, le RN est gagne-petit.<\/p>\n<p>Face \u00e0 l\u2019extr\u00eame droite, ne rien l\u00e2cher\u00a0!<\/p>\n<p>C\u2019est pied \u00e0 pied, argument contre argument qu\u2019il faut combattre l\u2019extr\u00eame droite. Et c\u2019est ce que nous faisons chaque jour dans l\u2019Humanit\u00e9.<\/p>\n<p>Face aux attaques incessantes des racistes et des porteurs de haine\u00a0: soutenez-nous\u00a0! Ensemble, faisons entendre une autre voix dans ce d\u00e9bat public toujours plus naus\u00e9abond.<br \/><a href=\"https:\/\/www.humanite.fr\/lhumanite-cest-vous\" target=\"_blank\" rel=\"noopener\">Je veux en savoir plus.<\/a><\/p>\n","protected":false},"excerpt":{"rendered":"Une fois n\u2019est pas coutume, le Rassemblement national (RN) se soumet \u00e0 l\u2019absence de contr\u00f4le aux fronti\u00e8res. Interrog\u00e9&hellip;\n","protected":false},"author":2,"featured_media":401517,"comment_status":"","ping_status":"","sticky":false,"template":"","format":"standard","meta":{"footnotes":""},"categories":[6],"tags":[35,33,34,30765,1011,27,1078,11692,36559,52897],"class_list":{"0":"post-401516","1":"post","2":"type-post","3":"status-publish","4":"format-standard","5":"has-post-thumbnail","7":"category-economie","8":"tag-business","9":"tag-economie","10":"tag-economy","11":"tag-fiscalitu00e9","12":"tag-fr","13":"tag-france","14":"tag-rassemblement-national","15":"tag-riches","16":"tag-su00e9bastien-lecornu","17":"tag-taxe-zucman"},"share_on_mastodon":{"url":"https:\/\/pubeurope.com\/@fr\/115228984365741878","error":""},"_links":{"self":[{"href":"https:\/\/www.europesays.com\/fr\/wp-json\/wp\/v2\/posts\/401516","targetHints":{"allow":["GET"]}}],"collection":[{"href":"https:\/\/www.europesays.com\/fr\/wp-json\/wp\/v2\/posts"}],"about":[{"href":"https:\/\/www.europesays.com\/fr\/wp-json\/wp\/v2\/types\/post"}],"author":[{"embeddable":true,"href":"https:\/\/www.europesays.com\/fr\/wp-json\/wp\/v2\/users\/2"}],"replies":[{"embeddable":true,"href":"https:\/\/www.europesays.com\/fr\/wp-json\/wp\/v2\/comments?post=401516"}],"version-history":[{"count":0,"href":"https:\/\/www.europesays.com\/fr\/wp-json\/wp\/v2\/posts\/401516\/revisions"}],"wp:featuredmedia":[{"embeddable":true,"href":"https:\/\/www.europesays.com\/fr\/wp-json\/wp\/v2\/media\/401517"}],"wp:attachment":[{"href":"https:\/\/www.europesays.com\/fr\/wp-json\/wp\/v2\/media?parent=401516"}],"wp:term":[{"taxonomy":"category","embeddable":true,"href":"https:\/\/www.europesays.com\/fr\/wp-json\/wp\/v2\/categories?post=401516"},{"taxonomy":"post_tag","embeddable":true,"href":"https:\/\/www.europesays.com\/fr\/wp-json\/wp\/v2\/tags?post=401516"}],"curies":[{"name":"wp","href":"https:\/\/api.w.org\/{rel}","templated":true}]}}