{"id":401541,"date":"2025-09-19T04:22:23","date_gmt":"2025-09-19T04:22:23","guid":{"rendered":"https:\/\/www.europesays.com\/fr\/401541\/"},"modified":"2025-09-19T04:22:23","modified_gmt":"2025-09-19T04:22:23","slug":"grenoble-une-ville-a-labandon","status":"publish","type":"post","link":"https:\/\/www.europesays.com\/fr\/401541\/","title":{"rendered":"GRENOBLE : UNE VILLE A L&rsquo;ABANDON"},"content":{"rendered":"<p>Posted On 19 septembre 2025 <\/p>\n<p style=\"text-align: justify;\">Au fur et \u00e0 mesure que la majorit\u00e9 municipale Rouge\/Verts se d\u00e9lite, les grenoblois d\u00e9couvrent avec effroi l&rsquo;acc\u00e9l\u00e9ration de l&rsquo;abandon de Grenoble. Par tous les bouts. L&rsquo;ins\u00e9curit\u00e9, l&rsquo;insalubrit\u00e9, la d\u00e9gradation de l&rsquo;espace public, les logements sociaux vides&#8230; partout l&rsquo;absence de Capitaine, l&rsquo;absence des \u00e9lus, \u00e0 des cons\u00e9quences de plus en plus graves sur la vie des Grenoblois.\u00a0<\/p>\n<p style=\"text-align: justify;\">Eric Piolle, Laurence Ruffin, Lucille Lheureux s&rsquo;affrontent, la patronne des Verts condamne le premier, la municipalit\u00e9 est t\u00e9tanis\u00e9e par son propre avenir, engag\u00e9e sur le toboggan de \u00ab\u00a0la machine \u00e0 perdre\u00a0\u00bb comme l&rsquo;a r\u00e9sum\u00e9 TeleGrenoble.<\/p>\n<p><a href=\"https:\/\/grenoble-le-changement.fr\/wp-content\/uploads\/2025\/09\/Capture-de\u0301cran-2025-09-18-a\u0300-09.45.17.png\" rel=\"lightbox[84779] noopener\" target=\"_blank\"><img decoding=\"async\" data-id=\"84780\" src=\"https:\/\/grenoble-le-changement.fr\/wp-content\/uploads\/2025\/09\/Capture-de\u0301cran-2025-09-18-a\u0300-09.45.17-1024x677.png\" alt=\"\" class=\"wp-image-84780 jetpack-lazy-image\" data-lazy-src=\"https:\/\/www.europesays.com\/fr\/wp-content\/uploads\/2025\/09\/Capture-de\u0301cran-2025-09-18-a\u0300-09.45.17-1024x677.png\" \/><\/a><\/p>\n<p><a href=\"https:\/\/grenoble-le-changement.fr\/wp-content\/uploads\/2025\/09\/Capture-de\u0301cran-2025-09-18-a\u0300-09.47.01.png\" rel=\"lightbox[84779] noopener\" target=\"_blank\"><img decoding=\"async\" data-id=\"84782\" src=\"https:\/\/grenoble-le-changement.fr\/wp-content\/uploads\/2025\/09\/Capture-de\u0301cran-2025-09-18-a\u0300-09.47.01-775x1024.png\" alt=\"\" class=\"wp-image-84782 jetpack-lazy-image\" data-lazy-src=\"https:\/\/www.europesays.com\/fr\/wp-content\/uploads\/2025\/09\/Capture-de\u0301cran-2025-09-18-a\u0300-09.47.01-775x1024.png\" \/><\/a><\/p>\n<p><a href=\"https:\/\/grenoble-le-changement.fr\/wp-content\/uploads\/2025\/09\/Capture-de\u0301cran-2025-09-18-a\u0300-09.46.26.png\" rel=\"lightbox[84779] noopener\" target=\"_blank\"><img decoding=\"async\" data-id=\"84781\" src=\"https:\/\/grenoble-le-changement.fr\/wp-content\/uploads\/2025\/09\/Capture-de\u0301cran-2025-09-18-a\u0300-09.46.26-1024x806.png\" alt=\"\" class=\"wp-image-84781 jetpack-lazy-image\" data-lazy-src=\"https:\/\/www.europesays.com\/fr\/wp-content\/uploads\/2025\/09\/Capture-de\u0301cran-2025-09-18-a\u0300-09.46.26-1024x806.png\" \/><\/a><br \/>\nGrenoble, la vie quotidienne mercredi 17 septembre 2025, au centre ville, rue Philis de la Charce, \u00e0 Jouhaux et au Village Olympique<\/p>\n<p><strong>ALERTES AUX RATS ET AUX CAFARDS <\/strong><\/p>\n<p style=\"text-align: justify;\">Pendant ce temps la ville vit une descente aux enfers. Partout sonne l&rsquo;alerte aux rats ou aux cafards qui envahissent, montent dans les immeubles : au 20 rue Claude Kogan les habitants n&rsquo;en peuvent plus et appellent en vain le Maire pour qu&rsquo;il accomplisse son devoir de salubrit\u00e9. Rien n&rsquo;y fait. Un migrant Tunisien s&rsquo;est install\u00e9 au sous sol et vit l\u00e0 sur un matelas au grand dam des habitants, attendant des jours meilleurs.\u00a0<\/p>\n<p style=\"text-align: justify;\">Pareil au 103 bis avenue Jean Perrot ou <a href=\"https:\/\/grenoble-le-changement.fr\/2024\/07\/04\/klauss-habfast-adjoint-au-maire-condamne-pour-favoritisme\/\" target=\"_blank\" rel=\"noopener\">Klauss Habfsat, Adjoint au Maire (Verts\/LFI) condamn\u00e9 en premi\u00e8re instance,<\/a> Pr\u00e9sident de Grenoble-Habitat, refuse de reprendre les canalisations infect\u00e9es de cafards qui rendent impossible la vie des habitants depuis de nombreux mois.\u00a0<\/p>\n<p style=\"text-align: justify;\"><strong>DES APPARTEMENTS VIDES DANS LES LOGEMENTS SOCIAUX<\/strong><\/p>\n<p style=\"text-align: justify;\">Mais au 53 de la m\u00eame avenue, la m\u00eame gestion catastrophique laisse&#8230; 5 appartements vides depuis un an ! Les locataires sont effar\u00e9s de voir ces logements sans attributaires alors que les \u00e9lus pleurent sur les&#8230; 18 000 demandeurs de logements. M\u00eame punition chez Actis pr\u00e9sid\u00e9 par un autre \u00e9lu Piolliste, Pierre Bejjaji, dans l\u2019immeuble du 23 ter rue Anatole France il ne reste plus que 3 locataires !<\/p>\n<p><a href=\"https:\/\/grenoble-le-changement.fr\/wp-content\/uploads\/2025\/09\/Rue-Jay-appartements-vides-1-1024x768-1.jpg\" rel=\"lightbox[84779] noopener\" target=\"_blank\"><img decoding=\"async\" data-id=\"84785\" src=\"https:\/\/grenoble-le-changement.fr\/wp-content\/uploads\/2025\/09\/Rue-Jay-appartements-vides-1-1024x768-1.jpg\" alt=\"\" class=\"wp-image-84785 jetpack-lazy-image\" data-lazy-src=\"https:\/\/www.europesays.com\/fr\/wp-content\/uploads\/2025\/09\/Rue-Jay-appartements-vides-1-1024x768-1.jpg\" \/><\/a><\/p>\n<p><a href=\"https:\/\/grenoble-le-changement.fr\/wp-content\/uploads\/2025\/09\/Capture-de\u0301cran-2025-09-18-a\u0300-10.11.05.png\" rel=\"lightbox[84779] noopener\" target=\"_blank\"><img decoding=\"async\" data-id=\"84784\" src=\"https:\/\/grenoble-le-changement.fr\/wp-content\/uploads\/2025\/09\/Capture-de\u0301cran-2025-09-18-a\u0300-10.11.05.png\" alt=\"\" class=\"wp-image-84784 jetpack-lazy-image\" data-lazy-src=\"https:\/\/www.europesays.com\/fr\/wp-content\/uploads\/2025\/09\/Capture-de\u0301cran-2025-09-18-a\u0300-10.11.05.png\" \/><\/a><\/p>\n<p><a href=\"https:\/\/grenoble-le-changement.fr\/wp-content\/uploads\/2025\/09\/Capture-de\u0301cran-2025-09-18-a\u0300-10.01.16.png\" rel=\"lightbox[84779] noopener\" target=\"_blank\"><img decoding=\"async\" data-id=\"84783\" src=\"https:\/\/grenoble-le-changement.fr\/wp-content\/uploads\/2025\/09\/Capture-de\u0301cran-2025-09-18-a\u0300-10.01.16-763x1024.png\" alt=\"\" class=\"wp-image-84783 jetpack-lazy-image\" data-lazy-src=\"https:\/\/www.europesays.com\/fr\/wp-content\/uploads\/2025\/09\/Capture-de\u0301cran-2025-09-18-a\u0300-10.01.16-763x1024.png\" \/><\/a><br \/>\nRue Jay, en plein centre ville immeuble vide depuis 10 ans, appartenant \u00e0 la ville, 25 rue Anatole France immeuble Actis g\u00e9r\u00e9 par un \u00e9lu Rouge\/Verts, il ne reste plus que 3 locataires, 53 avenue Jean Perrot, un immeuble de Grenoble-Habitat (Pr\u00e9sident Klauss Habfast), Adjoint au Maire), 5 appartements vides ! <\/p>\n<p><strong>DEUX BOULANGERS AGRESS\u00c9S DANS LA SEMAINE<\/strong><\/p>\n<p style=\"text-align: justify;\">En parall\u00e8le les agressions atteignent un niveau sans pr\u00e9c\u00e9dent. Rue Amp\u00e8re ces derniers jours un jeune <a href=\"https:\/\/grenoble-le-changement.fr\/2025\/09\/05\/agression-du-boulanger-la-municipalite-a-nouveau-responsable\/\" target=\"_blank\" rel=\"noopener\">boulanger a \u00e9t\u00e9 poignard\u00e9 au petit matin<\/a> et demeure fortement traumatis\u00e9. Dans la nuit de samedi \u00e0 dimanche \u00e0 3h du matin, alors qu&rsquo;il se rendait \u00e0 son commerce,\u00a0<a target=\"_blank\" href=\"https:\/\/c.ledauphine.com\/faits-divers-justice\/2025\/09\/15\/le-boulanger-de-l-arlequin-agresse-il-m-en-faut-plus-pour-abandonner\" rel=\"noopener\">\u00c9ric Vacavant, le boulanger de la Villeneuve a \u00e9t\u00e9 la victime d&rsquo;une violente agression<\/a>. Place des G\u00e9ants, un individu a l\u00e2ch\u00e9 deux chiens contre le sien avant de se jeter sur lui. La question se pose de savoir, si , malgr\u00e9 sa combativit\u00e9, il pourra tenir le coup longtemps ? Il a subi plusieurs agressions depuis son installation dans un quartier o\u00f9 le commerce est mort.\u00a0<\/p>\n<p style=\"text-align: justify;\"><strong>UN HOMME LE NEZ CASS\u00c9 PLACE DE VERDUN\u00a0<\/strong><\/p>\n<p style=\"text-align: justify;\">Lundi vers 20h, place de Verdun &#8211; devant la pr\u00e9fecture ! &#8211; \u00e0 l&rsquo;arr\u00eat de tram, un homme a \u00e9t\u00e9 rou\u00e9 de coups par trois \u00ab\u00a0jeunes\u00a0\u00bb qui ont estim\u00e9 avoir re\u00e7u un mauvais regard de sa part. Conduit aux urgences il a le nez cass\u00e9. Pour ne citer que quelques exemples pris au hasard. Pas un mot d&rsquo;Eric Piolle, de <a href=\"https:\/\/grenoble-le-changement.fr\/2025\/09\/07\/la-candidature-de-laurence-ruffin-dechire-la-majorite-municipale\/\" target=\"_blank\" rel=\"noopener\">Laurence Ruffin<\/a>, de Lucille Lheureux, d&rsquo;Alan Brunon, d&rsquo;Elisa Martin, la d\u00e9put\u00e9e de la circonscription. Les Verts\/LFI sont compl\u00e8tement <a href=\"https:\/\/grenoble-le-changement.fr\/2025\/09\/16\/la-bordelisation-des-piollistes-les-detourne-des-problemes-de-grenoble\/\" target=\"_blank\" rel=\"noopener\">indiff\u00e9rents au sort de ces victimes innocentes<\/a>, de ces travailleurs-l\u00e0. Tout occup\u00e9s qu&rsquo;ils sont \u00e0 victimiser une communaut\u00e9 afin de se cr\u00e9er un r\u00e9servoir de voix.\u00a0<\/p>\n<p style=\"text-align: justify;\"><strong>M. TONDELIER : AVEC PIOLLE \u00ab\u00a0L&rsquo;IMAGE DU PARTI EST ENTACH\u00c9E\u00a0\u00bb<\/strong><\/p>\n<p style=\"text-align: justify;\">Leurs guerres intestines au grand jour d\u00e9montrent le peu de cas qu&rsquo;ils font des habitants contrairement \u00e0 leurs d\u00e9clarations. <a href=\"https:\/\/grenoble-le-changement.fr\/2025\/05\/30\/affaires-piolle-la-patronne-des-verts-dans-la-tourmente-avec-lui\/\" target=\"_blank\" rel=\"noopener\">Sur France Inter hier,<\/a> Marine Tondelier <a href=\"https:\/\/grenoble-le-changement.fr\/2025\/09\/18\/eric-piolle-soupconne-dun-montage-financier-suspendu-de-ses-fonctions-chez-les-verts\/\" target=\"_blank\" rel=\"noopener\">a continu\u00e9 \u00e0 enfoncer le malheureux Piolle<\/a> qui termine son mandat essor\u00e9, puni d&rsquo;avoir couru tant de li\u00e8vres, oubliant Grenoble : \u00ab on ne peut pas \u00eatre porte-parole d\u2019un parti et mis en cause dans une affaire parce que cela devient l\u2019image du parti qui est entach\u00e9e et plus juste la sienne \u00bb. En demandant \u00e0 la majorit\u00e9 municipale si la ville de Grenoble est moins \u00ab\u00a0entach\u00e9e\u00a0\u00bb que les Verts par la pr\u00e9sence de Piolle \u00e0 sa t\u00eate, Thierry Aldeguer, porte parole de \u00ab\u00a0R\u00e9concilier Grenoble\u00a0\u00bb a pos\u00e9 la bonne question. \u00c7a va \u00eatre difficile de tenir jusqu&rsquo;en mars.\u00a0<\/p>\n<p><a href=\"https:\/\/grenoble-le-changement.fr\/wp-content\/uploads\/2025\/09\/bal-kairas.png\" rel=\"lightbox[84779] noopener\" target=\"_blank\"><img decoding=\"async\" data-id=\"84798\" src=\"https:\/\/grenoble-le-changement.fr\/wp-content\/uploads\/2025\/09\/bal-kairas.png\" alt=\"\" class=\"wp-image-84798 jetpack-lazy-image\" data-lazy-src=\"https:\/\/www.europesays.com\/fr\/wp-content\/uploads\/2025\/09\/bal-kairas.png\" \/><\/a><\/p>\n<p><a href=\"https:\/\/grenoble-le-changement.fr\/wp-content\/uploads\/2025\/09\/Capture-de\u0301cran-2025-09-18-a\u0300-13.56.22-1.png\" rel=\"lightbox[84779] noopener\" target=\"_blank\"><img decoding=\"async\" data-id=\"84790\" src=\"https:\/\/grenoble-le-changement.fr\/wp-content\/uploads\/2025\/09\/Capture-de\u0301cran-2025-09-18-a\u0300-13.56.22-1-1024x690.png\" alt=\"\" class=\"wp-image-84790 jetpack-lazy-image\" data-lazy-src=\"https:\/\/www.europesays.com\/fr\/wp-content\/uploads\/2025\/09\/Capture-de\u0301cran-2025-09-18-a\u0300-13.56.22-1-1024x690.png\" \/><\/a><br \/>\nLa boite au lettres de Fabien Malbet, un agitateur aux ordres de Piolle qui voudrait effacer les condamnations r\u00e9centes et futures<\/p>\n<p><strong>FABIEN MALBET (Verts\/LFI) AGITATEUR DE PIOLLE\/AVRILLIER <\/strong><\/p>\n<p style=\"text-align: justify;\">Le syst\u00e8me en perdition peut toujours actionner les agitateurs professionnels, tel Fabien Malbet (Verts\/LFI) tous tr\u00e8s confortablement install\u00e9s, jamais dans leurs \u00e9coquartiers. Il est en lien avec \u00ab\u00a0le groupe riposte anti carignon\u00a0\u00bb (tout un programme) de la majorit\u00e9 municipale. Comme en t\u00e9moigne une boite aux lettres, Fabien Malbet tient \u00e0 la fois Kairos, l&rsquo;association de financement de la campagne Pr\u00e9sidentielle de Piolle (!) et le faux \u00ab\u00a0r\u00e9seau citoyen\u00a0\u00bb qui n&rsquo;existe pas et \u00ab\u00a0charlatan transfer\u00a0\u00bb qui r\u00e9sume finalement les deux premiers. Il a lanc\u00e9 sur ordre, avec le noyau de l&rsquo;Ades et quelques fous furieux LFI, une manif&rsquo; \u00ab\u00a0anti carignon\u00a0\u00bb pour essayer d&rsquo;allumer des contre feux.\u00a0<\/p>\n<p style=\"text-align: justify;\"><strong>LES AFFAIRES JUDICIAIRES CONCERNENT LES \u00c9LUS VERTS\/LFI<\/strong><\/p>\n<p style=\"text-align: justify;\">Le probl\u00e8me <a href=\"https:\/\/grenoble-le-changement.fr\/2025\/06\/29\/affaires-piolle-martin-transmises-un-an-apres-au-parquet-de-valence\/\" target=\"_blank\" rel=\"noopener\">pour eux avec les affaires judiciaires,<\/a> est que celles d&rsquo;Alain Carignon sont tr\u00e8s anciennes, et celles de Piolle et Klauss Habfsat tr\u00e8s actuelles et celles de Piolle et Elisa Martin \u00e0 venir. La p\u00e9tition des grenoblois &#8211;<a target=\"_blank\" href=\"https:\/\/www.change.org\/p\/affaire-verts-lfi-la-ville-attend-le-jugement?recruiter=32127859&amp;recruited_by_id=083e9900-ff9a-012f-7390-38ac6f16d25f&amp;utm_source=share_petition&amp;utm_campaign=share_petition&amp;utm_term=fr_web_gs_ua_sap_20241029_brand_conversions-sap&amp;utm_medium=copylink&amp;utm_content=cl_sharecopy_490777184_fr-FR%3A5\" rel=\"noopener\"> qu&rsquo;on peut signer ici<\/a> &#8211; r\u00e9clamant que la justice fasse la lumi\u00e8re avant les \u00e9lections municipales avance fortement. Tandis que celle contre Carignon lanc\u00e9e par Malbet et la secte politique <a href=\"https:\/\/grenoble-le-changement.fr\/raymond-avrillier-le-tartuffe-rouge-verts-bouge-encore\/\" target=\"_blank\" rel=\"noopener\">de Raymond Avrillier<\/a> pour cr\u00e9er un rideau de fum\u00e9e, patine. Les grenoblois ne marchent plus. Ils ont vu ces hommes au pouvoir, leurs combines et leurs r\u00e9sultats.\u00a0<\/p>\n<p><a href=\"https:\/\/grenoble-le-changement.fr\/wp-content\/uploads\/2025\/09\/Capture-de\u0301cran-2025-09-18-a\u0300-14.27.29.png\" rel=\"lightbox[84779] noopener\" target=\"_blank\"><img decoding=\"async\" data-id=\"84793\" src=\"https:\/\/grenoble-le-changement.fr\/wp-content\/uploads\/2025\/09\/Capture-de\u0301cran-2025-09-18-a\u0300-14.27.29-923x1024.png\" alt=\"\" class=\"wp-image-84793 jetpack-lazy-image\" data-lazy-src=\"https:\/\/www.europesays.com\/fr\/wp-content\/uploads\/2025\/09\/Capture-de\u0301cran-2025-09-18-a\u0300-14.27.29-923x1024.png\" \/><\/a><\/p>\n<p><a href=\"https:\/\/grenoble-le-changement.fr\/wp-content\/uploads\/2025\/09\/Capture-de\u0301cran-2025-09-18-a\u0300-14.22.26.png\" rel=\"lightbox[84779] noopener\" target=\"_blank\"><img decoding=\"async\" data-id=\"84792\" src=\"https:\/\/grenoble-le-changement.fr\/wp-content\/uploads\/2025\/09\/Capture-de\u0301cran-2025-09-18-a\u0300-14.22.26-821x1024.png\" alt=\"\" class=\"wp-image-84792 jetpack-lazy-image\" data-lazy-src=\"https:\/\/www.europesays.com\/fr\/wp-content\/uploads\/2025\/09\/Capture-de\u0301cran-2025-09-18-a\u0300-14.22.26-821x1024.png\" \/><\/a><\/p>\n<p><a href=\"https:\/\/grenoble-le-changement.fr\/wp-content\/uploads\/2025\/09\/Capture-de\u0301cran-2025-09-18-a\u0300-14.21.24.png\" rel=\"lightbox[84779] noopener\" target=\"_blank\"><img decoding=\"async\" data-id=\"84791\" src=\"https:\/\/grenoble-le-changement.fr\/wp-content\/uploads\/2025\/09\/Capture-de\u0301cran-2025-09-18-a\u0300-14.21.24-980x1024.png\" alt=\"\" class=\"wp-image-84791 jetpack-lazy-image\" data-lazy-src=\"https:\/\/www.europesays.com\/fr\/wp-content\/uploads\/2025\/09\/Capture-de\u0301cran-2025-09-18-a\u0300-14.21.24-980x1024.png\" \/><\/a><br \/>\nPendant que Fabien Malbet et le syst\u00e8me local cherchent \u00e0 emp\u00eacher le d\u00e9bat sur leur bilan, Grenoble poursuit sa d\u00e9gradation : cours Jean Jaur\u00e8s les budgets participatifs, rue de Bonne, avenue Jean Perrot comme partout les trottoirs d\u00e9fonc\u00e9s, pi\u00e8ge pour les personnes en situation de handicap et les s\u00e9niors <\/p>\n<p><strong>LA TRANSPARENCE TUE LEUR SYST\u00c8ME <\/strong><\/p>\n<p style=\"text-align: justify;\">D\u00e9cid\u00e9ment <a href=\"https:\/\/grenoble-le-changement.fr\/2025\/08\/29\/grenoble-2040-la-propagande-municipale-ne-fonctionne-plus\/\" target=\"_blank\" rel=\"noopener\">la vieille machine est plus que gripp\u00e9e<\/a>. La transparence est en train de la tuer. Toute son organisation sort au grand jour au fur et \u00e0 mesure qu&rsquo;elle \u00e9coeure. La volont\u00e9 de changement qu&rsquo;expriment de plus en plus de grenoblois ne se laissera pas arr\u00eater par ces manoeuvres de basse cour. Le fait qu&rsquo;ils courent derri\u00e8re les collectifs qui entourent Alain Carignon, qu&rsquo;ils soient \u00e0 court de toute proposition pour la ville, que leur Marie Chantal d<a href=\"https:\/\/grenoble-le-changement.fr\/2025\/09\/07\/la-candidature-de-laurence-ruffin-dechire-la-majorite-municipale\/\" target=\"_blank\" rel=\"noopener\">e Laurence Ruffin soit mort-n\u00e9e<\/a>, les met en rage.\u00a0<\/p>\n<p style=\"text-align: justify;\"><strong>LE COUP D&rsquo;ENVOI DU CHANGEMENT\u00a0<\/strong><\/p>\n<p style=\"text-align: justify;\">Raison suppl\u00e9mentaire pour que tous ceux qui veulent construire un autre avenir pour Grenoble ne se laissent pas d\u00e9tourner de leur d\u00e9sir. Le coup d&rsquo;envoi du changement ce soir \u00e0 18h30, au 26 avenue Alsace Lorraine, est une \u00e9tape de cette force tranquille qui se l\u00e8ve \u00e0 Grenoble.<\/p>\n","protected":false},"excerpt":{"rendered":"Posted On 19 septembre 2025 Au fur et \u00e0 mesure que la majorit\u00e9 municipale Rouge\/Verts se d\u00e9lite, les&hellip;\n","protected":false},"author":2,"featured_media":401542,"comment_status":"","ping_status":"","sticky":false,"template":"","format":"standard","meta":{"footnotes":""},"categories":[9566],"tags":[31377,1111,11,10127,9601,53297,2430,10131,9607,1777,674,53298,1011,27,2731,42086,44820,10136,10612,4729,12,31379,10140,25,22045],"class_list":{"0":"post-401541","1":"post","2":"type-post","3":"status-publish","4":"format-standard","5":"has-post-thumbnail","7":"category-grenoble","8":"tag-actis","9":"tag-actu","10":"tag-actualites","11":"tag-ades","12":"tag-alain-carignon","13":"tag-alan-brunon","14":"tag-auvergne-rhone-alpes","15":"tag-elisa-martin","16":"tag-eric-piolle","17":"tag-eu","18":"tag-europe","19":"tag-fabien-malbet","20":"tag-fr","21":"tag-france","22":"tag-grenoble","23":"tag-grenoble-habitat","24":"tag-klauss-habfast","25":"tag-laurence-ruffin","26":"tag-lucille-lheureux","27":"tag-marine-tondelier","28":"tag-news","29":"tag-pierre-bejjaji","30":"tag-raymond-avrillier","31":"tag-republique-francaise","32":"tag-thierry-aldeguer"},"share_on_mastodon":{"url":"https:\/\/pubeurope.com\/@fr\/115229055791907525","error":""},"_links":{"self":[{"href":"https:\/\/www.europesays.com\/fr\/wp-json\/wp\/v2\/posts\/401541","targetHints":{"allow":["GET"]}}],"collection":[{"href":"https:\/\/www.europesays.com\/fr\/wp-json\/wp\/v2\/posts"}],"about":[{"href":"https:\/\/www.europesays.com\/fr\/wp-json\/wp\/v2\/types\/post"}],"author":[{"embeddable":true,"href":"https:\/\/www.europesays.com\/fr\/wp-json\/wp\/v2\/users\/2"}],"replies":[{"embeddable":true,"href":"https:\/\/www.europesays.com\/fr\/wp-json\/wp\/v2\/comments?post=401541"}],"version-history":[{"count":0,"href":"https:\/\/www.europesays.com\/fr\/wp-json\/wp\/v2\/posts\/401541\/revisions"}],"wp:featuredmedia":[{"embeddable":true,"href":"https:\/\/www.europesays.com\/fr\/wp-json\/wp\/v2\/media\/401542"}],"wp:attachment":[{"href":"https:\/\/www.europesays.com\/fr\/wp-json\/wp\/v2\/media?parent=401541"}],"wp:term":[{"taxonomy":"category","embeddable":true,"href":"https:\/\/www.europesays.com\/fr\/wp-json\/wp\/v2\/categories?post=401541"},{"taxonomy":"post_tag","embeddable":true,"href":"https:\/\/www.europesays.com\/fr\/wp-json\/wp\/v2\/tags?post=401541"}],"curies":[{"name":"wp","href":"https:\/\/api.w.org\/{rel}","templated":true}]}}