{"id":401547,"date":"2025-09-19T04:25:10","date_gmt":"2025-09-19T04:25:10","guid":{"rendered":"https:\/\/www.europesays.com\/fr\/401547\/"},"modified":"2025-09-19T04:25:10","modified_gmt":"2025-09-19T04:25:10","slug":"immobilier-entre-coteau-et-canal-bienvenue-au-moulin-derno","status":"publish","type":"post","link":"https:\/\/www.europesays.com\/fr\/401547\/","title":{"rendered":"Immobilier. Entre coteau et canal : bienvenue au Moulin d&rsquo;Erno"},"content":{"rendered":"<p>  <strong>Un village aux services complets<\/strong><\/p>\n<p>Ernolsheim-Bruche n\u2019est pas seulement un site agr\u00e9able \u00e0 vivre : c\u2019est un village fonctionnel et dynamique. Les r\u00e9sidents ont acc\u00e8s \u00e0 des commerces et services de proximit\u00e9 \u2013 boulangerie, pharmacie, march\u00e9 hebdomadaire, relais poste \u2013 ainsi qu\u2019\u00e0 un r\u00e9seau scolaire complet : \u00e9cole maternelle et primaire sur place, coll\u00e8ge \u00e0 4 km \u00e0 Duttlenheim et lyc\u00e9e \u00e0 10 km \u00e0 Molsheim. Pour les loisirs et la pratique sportive, la commune propose le Parc de la Plaine Verte, un parcours de sant\u00e9, une salle omnisports, un stade et des courts de tennis. Les berges du canal et les pistes cyclables offrent \u00e9galement des itin\u00e9raires agr\u00e9ables pour se d\u00e9placer ou se d\u00e9tendre.\u00a0 C\u00f4t\u00e9 mobilit\u00e9, quelques minutes de voiture suffiront \u00e0 rejoindre la gare de Duttlenheim ou celle de Molsheim.<\/p>\n<p><strong>Des appartements modulables et lumineux<\/strong><\/p>\n<p>La r\u00e9sidence propose 40 logements du T2 au T4, tous con\u00e7us pour offrir confort et fonctionnalit\u00e9. Les appartements b\u00e9n\u00e9ficient de larges baies vitr\u00e9es qui ouvrent l\u2019int\u00e9rieur sur le c\u0153ur d\u2019\u00eelot v\u00e9g\u00e9talis\u00e9 et la nature environnante. Chaque futur habitant peut personnaliser son espace selon ses besoins. Le confort thermique est assur\u00e9 par un plancher chauffant aliment\u00e9 par une pompe \u00e0 chaleur hybride, tandis que les rangements int\u00e9gr\u00e9s et la livraison d\u2019une cuisine compl\u00e8te install\u00e9e facilitent l\u2019installation d\u00e8s la remise des cl\u00e9s. Les sols combinent carrelage dans les pi\u00e8ces humides et PVC dans les pi\u00e8ces s\u00e8ches, et les salles de bains sont \u00e9quip\u00e9es de WC suspendus, fa\u00efence toute hauteur et receveurs extra-plats ou baignoires selon le mod\u00e8le choisi.<\/p>\n<p>  <strong>Espaces ext\u00e9rieurs et c\u0153ur d\u2019\u00eelot paysager<\/strong><\/p>\n<p>Chaque logement dispose d\u2019un espace ext\u00e9rieur \u2013 balcon, terrasse ou jardin \u2013 prolong\u00e9 par un c\u0153ur d\u2019\u00eelot largement v\u00e9g\u00e9talis\u00e9. Tout en favorisant la biodiversit\u00e9, il offre \u00e9galement des lieux propices \u00e0 la d\u00e9tente proche du cours d\u2019eau Muehlwasser sur lequel se trouvait autrefois un moulin. La turbine du moulin, toujours en place, perp\u00e9tue l\u2019histoire du site. La r\u00e9sidence conjugue mobilit\u00e9 douce et praticit\u00e9 : la plupart des appartements disposent de deux places de stationnement pour les v\u00e9hicules. <a href=\"https:\/\/www.bouygues-immobilier.com\/programme-neuf-ernolsheim-bruche\/ref\/7700?utm_source=dna&amp;utm_medium=AFFI&amp;utm_campaign=dna-erno\" target=\"_blank\" rel=\"nofollow noopener\">Le Moulin d\u2019Erno<\/a>, c\u2019est aussi un ensemble qui valorise la qualit\u00e9 et la durabilit\u00e9 : mat\u00e9riaux soigneusement s\u00e9lectionn\u00e9s, fa\u00e7ades aux couleurs harmonieuses, locaux v\u00e9los s\u00e9curis\u00e9s, volets roulants \u00e9lectriques et syst\u00e8mes de s\u00fbret\u00e9 int\u00e9gr\u00e9s.<\/p>\n<p><strong>Qualit\u00e9 des mat\u00e9riaux et personnalisation<\/strong><\/p>\n<p>Le projet met aussi l\u2019accent sur l\u2019\u00e9l\u00e9gance : des mat\u00e9riaux sobres s\u00e9lectionn\u00e9s avec soin, des fa\u00e7ades aux couleurs vari\u00e9es et des finitions int\u00e9rieures de qualit\u00e9. Les habitants peuvent choisir parmi trois harmonies de d\u00e9coration \u2013 ivoire, ch\u00eane ou graphite \u2013 et profiter de meubles robustes, assembl\u00e9s en atelier pour une r\u00e9sistance optimale. Les entr\u00e9es disposent de placards \u00e9quip\u00e9s, de volets roulants \u00e9lectriques et d\u2019appels s\u00e9curis\u00e9s vers l\u2019appartement et le smartphone, garantissant confort et protection.<\/p>\n<p><strong>Une vie connect\u00e9e \u00e0 la ville et \u00e0 la nature<\/strong><\/p>\n<p>Cette r\u00e9sidence propose un \u00e9quilibre rare : vivre proche de la nature, dans un village historique, tout en restant connect\u00e9 \u00e0 la ville. Un projet o\u00f9 chaque d\u00e9tail, de l\u2019architecture \u00e0 la lumi\u00e8re qui traverse les pi\u00e8ces, raconte une attention port\u00e9e \u00e0 l\u2019exp\u00e9rience quotidienne de ses habitants.<\/p>\n<p><a href=\"https:\/\/www.bouygues-immobilier.com\/?utm_source=dna&amp;utm_medium=AFFI&amp;utm_campaign=dna-erno\" target=\"_blank\" rel=\"nofollow noopener\">Bouygues Immobilier,<\/a> c\u2019est b\u00e9n\u00e9ficier d\u2019une expertise de pr\u00e8s de 70 ans d\u00e9ploy\u00e9e \u00e0 l\u2019\u00e9chelle de toute la France\u00a0!<\/p>\n","protected":false},"excerpt":{"rendered":"Un village aux services complets Ernolsheim-Bruche n\u2019est pas seulement un site agr\u00e9able \u00e0 vivre : c\u2019est un village&hellip;\n","protected":false},"author":2,"featured_media":401548,"comment_status":"","ping_status":"","sticky":false,"template":"","format":"standard","meta":{"footnotes":""},"categories":[2820],"tags":[1111,11,7884,7885,1777,674,1011,27,775,3455,12,25,640],"class_list":{"0":"post-401547","1":"post","2":"type-post","3":"status-publish","4":"format-standard","5":"has-post-thumbnail","7":"category-strasbourg","8":"tag-actu","9":"tag-actualites","10":"tag-articles-partenaires","11":"tag-brand-content","12":"tag-eu","13":"tag-europe","14":"tag-fr","15":"tag-france","16":"tag-grand-est","17":"tag-magazine-immobilier","18":"tag-news","19":"tag-republique-francaise","20":"tag-strasbourg"},"share_on_mastodon":{"url":"https:\/\/pubeurope.com\/@fr\/115229066785489416","error":""},"_links":{"self":[{"href":"https:\/\/www.europesays.com\/fr\/wp-json\/wp\/v2\/posts\/401547","targetHints":{"allow":["GET"]}}],"collection":[{"href":"https:\/\/www.europesays.com\/fr\/wp-json\/wp\/v2\/posts"}],"about":[{"href":"https:\/\/www.europesays.com\/fr\/wp-json\/wp\/v2\/types\/post"}],"author":[{"embeddable":true,"href":"https:\/\/www.europesays.com\/fr\/wp-json\/wp\/v2\/users\/2"}],"replies":[{"embeddable":true,"href":"https:\/\/www.europesays.com\/fr\/wp-json\/wp\/v2\/comments?post=401547"}],"version-history":[{"count":0,"href":"https:\/\/www.europesays.com\/fr\/wp-json\/wp\/v2\/posts\/401547\/revisions"}],"wp:featuredmedia":[{"embeddable":true,"href":"https:\/\/www.europesays.com\/fr\/wp-json\/wp\/v2\/media\/401548"}],"wp:attachment":[{"href":"https:\/\/www.europesays.com\/fr\/wp-json\/wp\/v2\/media?parent=401547"}],"wp:term":[{"taxonomy":"category","embeddable":true,"href":"https:\/\/www.europesays.com\/fr\/wp-json\/wp\/v2\/categories?post=401547"},{"taxonomy":"post_tag","embeddable":true,"href":"https:\/\/www.europesays.com\/fr\/wp-json\/wp\/v2\/tags?post=401547"}],"curies":[{"name":"wp","href":"https:\/\/api.w.org\/{rel}","templated":true}]}}