{"id":401553,"date":"2025-09-19T04:28:11","date_gmt":"2025-09-19T04:28:11","guid":{"rendered":"https:\/\/www.europesays.com\/fr\/401553\/"},"modified":"2025-09-19T04:28:11","modified_gmt":"2025-09-19T04:28:11","slug":"au-moins-on-est-sur-que-personne-na-de-couteau-la-police-nationale-a-effectue-des-fouilles-de-sacs-dans-ce-college-de-nice","status":"publish","type":"post","link":"https:\/\/www.europesays.com\/fr\/401553\/","title":{"rendered":"\u00ab\u00a0Au moins, on est s\u00fbr que personne n\u2019a de couteau\u00a0\u00bb: la police nationale a effectu\u00e9 des fouilles de sacs dans ce coll\u00e8ge de Nice"},"content":{"rendered":"<p>Alors que les \u00e9l\u00e8ves gravissent l\u2019escalier adjacent au coll\u00e8ge Fabre \u00e0 Nice, aucun ne se doute encore, ce mercredi 17 septembre, de la pr\u00e9sence de policiers nationaux devant l\u2019\u00e9tablissement. Les blagues vont bon train et un vent paisible souffle sur le quartier Las Planas au nord de la ville. Quand les \u00e9l\u00e8ves entrevoient enfin les voitures s\u00e9rigraphi\u00e9es et les uniformes bleus, c\u2019est d\u2019abord la surprise, puis, ils ironisent: \u00ab\u00a0\u00c7a fait une bonne excuse pour \u00eatre en retard, \u00e7a\u00a0\u00bb, s\u2019amuse Sadek, \u00e9l\u00e8ve de 3e. \u00ab\u00a0De ouf\u00a0\u00bb, r\u00e9torquent ses camarades.<\/p>\n<p>Certains \u00e9l\u00e8ves v\u00e9rifient tout de m\u00eame leur sac \u00e0 la h\u00e2te. La s\u00e9r\u00e9nit\u00e9 ne les quitte pas pour autant. \u00ab\u00a0Nous on n\u2019a rien \u00e0 cacher, \u00e7a ne nous change pas grand-chose. C\u2019est vrai qu\u2019on se sent un peu plus en s\u00e9curit\u00e9. Au moins, on est s\u00fbr que personne n\u2019a de couteau\u00a0\u00bb, confie Yacine, en r\u00e9action \u00e0 <a href=\"https:\/\/www.nicematin.com\/faits-divers\/attaque-au-couteau-au-lycee-horticole-d-antibes-au-moins-deux-blesses-dont-un-dans-un-etat-grave-l-assaillant-interpelle-1001365\" rel=\"nofollow noopener\" target=\"_blank\">l\u2019attaque au couteau perp\u00e9tr\u00e9e par un ancien \u00e9l\u00e8ve du lyc\u00e9e horticole d\u2019Antibes<\/a> dans ce m\u00eame \u00e9tablissement. C\u2019est dans ce cadre-l\u00e0 que des contr\u00f4les pr\u00e9ventifs al\u00e9atoires sont r\u00e9alis\u00e9s par les forces de l\u2019ordre dans les lyc\u00e9es et coll\u00e8ges ni\u00e7ois et plus largement dans le d\u00e9partement des Alpes-Maritimes.<\/p>\n<p>Les quelques trouvailles exhum\u00e9es du fond des sacs sont des objets insolites, une tendance TikTok selon le personnel de l\u2019\u00e9tablissement: un fouet \u00e0 p\u00e2tisserie, une poup\u00e9e russe ou encore de la farine. Rien d\u2019alarmant. Except\u00e9e une gazeuse&#8230;<\/p>\n<p>La principale questionne l\u2019\u00e9l\u00e8ve avec p\u00e9dagogie. Leur \u00e9change r\u00e9v\u00e8le que cette gazeuse donn\u00e9e par les parents, sert au coll\u00e9gien \u00e0 se d\u00e9fendre en cas d\u2019incident dans le quartier. Celle-ci est imm\u00e9diatement confisqu\u00e9e par les agents de la police nationale. Si c\u2019est bien elle qui m\u00e8ne ces op\u00e9rations, et non la municipale, cela d\u00e9coule d\u2019une convention de partenariat sign\u00e9e d\u00e9but 2024 par le pr\u00e9fet, le directeur des services d\u00e9partementaux de l\u2019\u00c9ducation nationale et les deux procureurs de la R\u00e9publique de Nice et Grasse.<\/p>\n<p>\u00ab\u00a0Quatre armes blanches saisies\u00a0\u00bb depuis avril<\/p>\n<p>Depuis avril et sur r\u00e9quisition du parquet, \u00ab\u00a0une quarantaine d\u2019op\u00e9rations de contr\u00f4les devant les \u00e9tablissements scolaires ont \u00e9t\u00e9 men\u00e9es par les services de police et les unit\u00e9s de gendarmerie sur le ressort du tribunal de Nice. Dans le cadre de ces contr\u00f4les, au total quatre armes blanches ont \u00e9t\u00e9 d\u00e9couvertes et saisies\u00a0\u00bb, indique le procureur.<\/p>\n<p>Selon la pr\u00e9fecture, une dizaine d\u2019op\u00e9rations de fouille devraient se d\u00e9rouler devant les \u00e9tablissements scolaires ni\u00e7ois en septembre.<\/p>\n","protected":false},"excerpt":{"rendered":"Alors que les \u00e9l\u00e8ves gravissent l\u2019escalier adjacent au coll\u00e8ge Fabre \u00e0 Nice, aucun ne se doute encore, ce&hellip;\n","protected":false},"author":2,"featured_media":401554,"comment_status":"","ping_status":"","sticky":false,"template":"","format":"standard","meta":{"footnotes":""},"categories":[2819],"tags":[1111,11,1777,674,1011,27,12,2401,882,25,656],"class_list":{"0":"post-401553","1":"post","2":"type-post","3":"status-publish","4":"format-standard","5":"has-post-thumbnail","7":"category-nice","8":"tag-actu","9":"tag-actualites","10":"tag-eu","11":"tag-europe","12":"tag-fr","13":"tag-france","14":"tag-news","15":"tag-nice","16":"tag-provence-alpes-cote-dazur","17":"tag-republique-francaise","18":"tag-securite"},"share_on_mastodon":{"url":"","error":""},"_links":{"self":[{"href":"https:\/\/www.europesays.com\/fr\/wp-json\/wp\/v2\/posts\/401553","targetHints":{"allow":["GET"]}}],"collection":[{"href":"https:\/\/www.europesays.com\/fr\/wp-json\/wp\/v2\/posts"}],"about":[{"href":"https:\/\/www.europesays.com\/fr\/wp-json\/wp\/v2\/types\/post"}],"author":[{"embeddable":true,"href":"https:\/\/www.europesays.com\/fr\/wp-json\/wp\/v2\/users\/2"}],"replies":[{"embeddable":true,"href":"https:\/\/www.europesays.com\/fr\/wp-json\/wp\/v2\/comments?post=401553"}],"version-history":[{"count":0,"href":"https:\/\/www.europesays.com\/fr\/wp-json\/wp\/v2\/posts\/401553\/revisions"}],"wp:featuredmedia":[{"embeddable":true,"href":"https:\/\/www.europesays.com\/fr\/wp-json\/wp\/v2\/media\/401554"}],"wp:attachment":[{"href":"https:\/\/www.europesays.com\/fr\/wp-json\/wp\/v2\/media?parent=401553"}],"wp:term":[{"taxonomy":"category","embeddable":true,"href":"https:\/\/www.europesays.com\/fr\/wp-json\/wp\/v2\/categories?post=401553"},{"taxonomy":"post_tag","embeddable":true,"href":"https:\/\/www.europesays.com\/fr\/wp-json\/wp\/v2\/tags?post=401553"}],"curies":[{"name":"wp","href":"https:\/\/api.w.org\/{rel}","templated":true}]}}