{"id":401555,"date":"2025-09-19T04:29:21","date_gmt":"2025-09-19T04:29:21","guid":{"rendered":"https:\/\/www.europesays.com\/fr\/401555\/"},"modified":"2025-09-19T04:29:21","modified_gmt":"2025-09-19T04:29:21","slug":"greve-du-18-septembre-de-nombreux-grevistes-de-leducation-dans-les-corteges-des-pays-de-la","status":"publish","type":"post","link":"https:\/\/www.europesays.com\/fr\/401555\/","title":{"rendered":"Gr\u00e8ve du 18\u00a0septembre. De nombreux gr\u00e9vistes de l\u2019\u00c9ducation dans les cort\u00e8ges des Pays de la"},"content":{"rendered":"<p>Le secteur de l\u2019\u00c9ducation est largement repr\u00e9sent\u00e9 dans les manifestations de ce jeudi 18\u00a0septembre. Le rectorat de Nantes (Loire-Atlantique) vient de publier le pourcentage de gr\u00e9vistes dans les \u00e9tablissements scolaires des Pays de la Loire\u00a0: une moyenne de 18,11\u00a0% dans le premier degr\u00e9 et 15,43\u00a0% dans le second degr\u00e9.\u00a0On compte \u00e9galement 21\u00a0% de gr\u00e9vistes chez les personnels de la vie scolaire.<\/p>\n<p><strong>Suivez <a href=\"https:\/\/www.ouest-france.fr\/societe\/manifestation\/direct-greve-du-18-septembre-en-loire-atlantique-ils-disent-stop-aux-mesures-dausterite-c0ea3397-b389-4db3-8848-104b60916a89\" target=\"_self\" rel=\"nofollow noopener\">notre direct d\u00e9partemental<\/a> <\/strong>sur les manifestations du 18\u00a0septembre.<\/p>\n<p>C\u2019est nettement plus que lors du mouvement du 10\u00a0septembre o\u00f9 le taux de gr\u00e9vistes chez les enseignants \u00e9tait de 3,19\u00a0% et de 8,44\u00a0% chez les personnels de vie scolaire.<\/p>\n<p>\u00a0<\/p>\n","protected":false},"excerpt":{"rendered":"Le secteur de l\u2019\u00c9ducation est largement repr\u00e9sent\u00e9 dans les manifestations de ce jeudi 18\u00a0septembre. Le rectorat de Nantes&hellip;\n","protected":false},"author":2,"featured_media":401556,"comment_status":"","ping_status":"","sticky":false,"template":"","format":"standard","meta":{"footnotes":""},"categories":[2818],"tags":[16187,1111,11,53300,1057,1777,674,1011,27,6151,53299,3367,766,12,16004,5457,2636,25,395],"class_list":{"0":"post-401555","1":"post","2":"type-post","3":"status-publish","4":"format-standard","5":"has-post-thumbnail","7":"category-nantes","8":"tag-16187","9":"tag-actu","10":"tag-actualites","11":"tag-corteges","12":"tag-education","13":"tag-eu","14":"tag-europe","15":"tag-fr","16":"tag-france","17":"tag-greve","18":"tag-grevistes","19":"tag-loire","20":"tag-nantes","21":"tag-news","22":"tag-nombreux","23":"tag-pays","24":"tag-pays-de-la-loire","25":"tag-republique-francaise","26":"tag-septembre"},"share_on_mastodon":{"url":"https:\/\/pubeurope.com\/@fr\/115229082606206593","error":""},"_links":{"self":[{"href":"https:\/\/www.europesays.com\/fr\/wp-json\/wp\/v2\/posts\/401555","targetHints":{"allow":["GET"]}}],"collection":[{"href":"https:\/\/www.europesays.com\/fr\/wp-json\/wp\/v2\/posts"}],"about":[{"href":"https:\/\/www.europesays.com\/fr\/wp-json\/wp\/v2\/types\/post"}],"author":[{"embeddable":true,"href":"https:\/\/www.europesays.com\/fr\/wp-json\/wp\/v2\/users\/2"}],"replies":[{"embeddable":true,"href":"https:\/\/www.europesays.com\/fr\/wp-json\/wp\/v2\/comments?post=401555"}],"version-history":[{"count":0,"href":"https:\/\/www.europesays.com\/fr\/wp-json\/wp\/v2\/posts\/401555\/revisions"}],"wp:featuredmedia":[{"embeddable":true,"href":"https:\/\/www.europesays.com\/fr\/wp-json\/wp\/v2\/media\/401556"}],"wp:attachment":[{"href":"https:\/\/www.europesays.com\/fr\/wp-json\/wp\/v2\/media?parent=401555"}],"wp:term":[{"taxonomy":"category","embeddable":true,"href":"https:\/\/www.europesays.com\/fr\/wp-json\/wp\/v2\/categories?post=401555"},{"taxonomy":"post_tag","embeddable":true,"href":"https:\/\/www.europesays.com\/fr\/wp-json\/wp\/v2\/tags?post=401555"}],"curies":[{"name":"wp","href":"https:\/\/api.w.org\/{rel}","templated":true}]}}