{"id":401557,"date":"2025-09-19T04:30:43","date_gmt":"2025-09-19T04:30:43","guid":{"rendered":"https:\/\/www.europesays.com\/fr\/401557\/"},"modified":"2025-09-19T04:30:43","modified_gmt":"2025-09-19T04:30:43","slug":"plusieurs-lycees-et-une-centrale-de-grande-distribution-bloques","status":"publish","type":"post","link":"https:\/\/www.europesays.com\/fr\/401557\/","title":{"rendered":"plusieurs lyc\u00e9es et une centrale de grande distribution bloqu\u00e9s"},"content":{"rendered":"<p class=\"has-text-align-center\"><strong>Ce jeudi, les forces de l\u2019ordre ont emp\u00each\u00e9 plusieurs actions, mais des blocages ont tout de m\u00eame eu lieu.<\/strong><\/p>\n<p><img loading=\"lazy\" decoding=\"async\" width=\"1024\" height=\"1024\" data-attachment-id=\"96194\" data-permalink=\"https:\/\/contre-attaque.net\/2025\/09\/18\/nantes-plusieurs-lycees-et-une-centrale-de-grande-distribution-bloques\/signal-2025-09-18-105836_002\/\" data-orig-file=\"https:\/\/contre-attaque.net\/wp-content\/uploads\/2025\/09\/signal-2025-09-18-105836_002.jpeg\" data-orig-size=\"1080,1080\" data-comments-opened=\"0\" data-image-meta=\"{&quot;aperture&quot;:&quot;0&quot;,&quot;credit&quot;:&quot;&quot;,&quot;camera&quot;:&quot;&quot;,&quot;caption&quot;:&quot;&quot;,&quot;created_timestamp&quot;:&quot;0&quot;,&quot;copyright&quot;:&quot;&quot;,&quot;focal_length&quot;:&quot;0&quot;,&quot;iso&quot;:&quot;0&quot;,&quot;shutter_speed&quot;:&quot;0&quot;,&quot;title&quot;:&quot;&quot;,&quot;orientation&quot;:&quot;0&quot;}\" data-image-title=\"signal-2025-09-18-105836_002\" data-image-description=\"\" data-image-caption=\"\" data-medium-file=\"https:\/\/contre-attaque.net\/wp-content\/uploads\/2025\/09\/signal-2025-09-18-105836_002-300x300.jpeg\" data-large-file=\"https:\/\/www.europesays.com\/fr\/wp-content\/uploads\/2025\/09\/signal-2025-09-18-105836_002-1024x1024.jpeg\" src=\"https:\/\/www.europesays.com\/fr\/wp-content\/uploads\/2025\/09\/signal-2025-09-18-105836_002-1024x1024.jpeg\" alt=\"En haut : la centrale d'achat de Super U bloqu\u00e9e par des poubelles.&#10;En bas : un lyc\u00e9e bloqu\u00e9 \u00e0 Nantes.\" class=\"wp-image-96194\"  \/><\/p>\n<p>Les lyc\u00e9es Jean Perrin, Nicolas Appert, Albert Camus, Nelson Mandela et Gabriel Guist\u2019hau \u00e9taient mobilis\u00e9s. Devant Jean Perrin, des CRS \u00e9taient stationn\u00e9s pour intimider les jeunes en lutte. \u00c0 Camus, lyc\u00e9e du quartier Bellevue, c\u2019est la BAC et la police nationale qui ont menac\u00e9 les lyc\u00e9ens et lyc\u00e9ennes, qui ont tenu bon avec leurs enseignant-es.<\/p>\n<p>En parall\u00e8le, une action qui n\u2019\u00e9taient pas annonc\u00e9e a \u00e9t\u00e9 organis\u00e9e \u00e0 Carquefou, au nord Est de l\u2019agglom\u00e9ration\u00a0: la centrale Super U a \u00e9t\u00e9 bloqu\u00e9e avant l\u2019aube par une quarantaine de personnes.<\/p>\n<p>L\u2019effet de surprise a \u00e9t\u00e9 efficace, puis qu\u2019aucun policier n\u2019attendaient les bloqueurs et bloqueuses, qui ont pu \u00e9riger une barricade devant l\u2019entr\u00e9e. Cette centrale approvisionne tous les Super U du grand ouest. Une piste \u00e0 suivre.<\/p>\n","protected":false},"excerpt":{"rendered":"Ce jeudi, les forces de l\u2019ordre ont emp\u00each\u00e9 plusieurs actions, mais des blocages ont tout de m\u00eame eu&hellip;\n","protected":false},"author":2,"featured_media":401558,"comment_status":"","ping_status":"","sticky":false,"template":"","format":"standard","meta":{"footnotes":""},"categories":[2818],"tags":[1111,11,7551,47212,1777,674,1011,27,766,12,2636,25],"class_list":{"0":"post-401557","1":"post","2":"type-post","3":"status-publish","4":"format-standard","5":"has-post-thumbnail","7":"category-nantes","8":"tag-actu","9":"tag-actualites","10":"tag-blocage","11":"tag-bloquons-tout","12":"tag-eu","13":"tag-europe","14":"tag-fr","15":"tag-france","16":"tag-nantes","17":"tag-news","18":"tag-pays-de-la-loire","19":"tag-republique-francaise"},"share_on_mastodon":{"url":"https:\/\/pubeurope.com\/@fr\/115229086851785697","error":""},"_links":{"self":[{"href":"https:\/\/www.europesays.com\/fr\/wp-json\/wp\/v2\/posts\/401557","targetHints":{"allow":["GET"]}}],"collection":[{"href":"https:\/\/www.europesays.com\/fr\/wp-json\/wp\/v2\/posts"}],"about":[{"href":"https:\/\/www.europesays.com\/fr\/wp-json\/wp\/v2\/types\/post"}],"author":[{"embeddable":true,"href":"https:\/\/www.europesays.com\/fr\/wp-json\/wp\/v2\/users\/2"}],"replies":[{"embeddable":true,"href":"https:\/\/www.europesays.com\/fr\/wp-json\/wp\/v2\/comments?post=401557"}],"version-history":[{"count":0,"href":"https:\/\/www.europesays.com\/fr\/wp-json\/wp\/v2\/posts\/401557\/revisions"}],"wp:featuredmedia":[{"embeddable":true,"href":"https:\/\/www.europesays.com\/fr\/wp-json\/wp\/v2\/media\/401558"}],"wp:attachment":[{"href":"https:\/\/www.europesays.com\/fr\/wp-json\/wp\/v2\/media?parent=401557"}],"wp:term":[{"taxonomy":"category","embeddable":true,"href":"https:\/\/www.europesays.com\/fr\/wp-json\/wp\/v2\/categories?post=401557"},{"taxonomy":"post_tag","embeddable":true,"href":"https:\/\/www.europesays.com\/fr\/wp-json\/wp\/v2\/tags?post=401557"}],"curies":[{"name":"wp","href":"https:\/\/api.w.org\/{rel}","templated":true}]}}