{"id":401567,"date":"2025-09-19T04:36:38","date_gmt":"2025-09-19T04:36:38","guid":{"rendered":"https:\/\/www.europesays.com\/fr\/401567\/"},"modified":"2025-09-19T04:36:38","modified_gmt":"2025-09-19T04:36:38","slug":"pres-de-lille-maite-bailleul-fait-dans-la-dentelle-avec-ses-sublimes-robes-de-mariee","status":"publish","type":"post","link":"https:\/\/www.europesays.com\/fr\/401567\/","title":{"rendered":"Pr\u00e8s de Lille, Ma\u00eft\u00e9 Bailleul fait dans la dentelle avec ses sublimes robes de mari\u00e9e"},"content":{"rendered":"<p>            Par<br \/>\n        <strong><br \/>\n            <a href=\"https:\/\/actu.fr\/auteur\/annesophie-2\" title=\"Consulter tous les articles de Anne-Sophie Hourdeaux\" target=\"_blank\" rel=\"noopener\">Anne-Sophie Hourdeaux<\/a><br \/>\n        <\/strong><\/p>\n<p>        Publi\u00e9 le<\/p>\n<p>            19 sept. 2025 \u00e0 6h08        <\/p>\n<p>Elle a lanc\u00e9 son activit\u00e9 depuis 6\u00a0ans, et c\u2019est la premi\u00e8re fois qu\u2019elle lance une collection lors d\u2019un \u00e9v\u00e9nement public. Nous avons rencontr\u00e9 <b>Ma\u00eft\u00e9 Bailleul<\/b>, <b>cr\u00e9atrice de robes de mari\u00e9e <\/b>personnalis\u00e9es sur mesure, lors de la pr\u00e9sentation de sa <b>nouvelle collection<\/b>, dans une galerie d\u2019art \u00e0 <a href=\"https:\/\/actu.fr\/hauts-de-france\/lille_59350\" target=\"_blank\" rel=\"noopener\">Lille<\/a>. Ses <b>\u00ab\u2009show-room\u2009\u00bb et atelier<\/b> se situent \u00e0 <a href=\"https:\/\/actu.fr\/hauts-de-france\/lys-lez-lannoy_59367\" target=\"_blank\" rel=\"noopener\">Lys-lez-Lannoy<\/a>, pr\u00e8s de <a href=\"https:\/\/actu.fr\/hauts-de-france\/roubaix_59512\" target=\"_blank\" rel=\"noopener\">Roubaix<\/a> (Nord).<\/p>\n<p>    <img   decoding=\"async\" loading=\"lazy\" class=\"size-large\" src=\"https:\/\/www.europesays.com\/fr\/wp-content\/uploads\/2025\/09\/08efdd5cd3c86ebefdd5cd3c8efefdv-960x640.jpeg\" alt=\"robes mari\u00e9e ma\u00eft\u00e9 bailleul \u00e0 lys-lez-lannoy\" width=\"960\" height=\"640\"\/><br \/>\n    Ma\u00eft\u00e9 Bailleul n\u2019utilise que des mati\u00e8res de haute qualit\u00e9, \u00e0 majorit\u00e9 fran\u00e7aise\u2009: soies de Lyon, dentelle de Calais\u2026 \u00a9Anne-Sophie Hourdeaux\/Croix du NordDes robes exceptionnelles cr\u00e9\u00e9es \u00e0 deux pas de Lille<\/p>\n<p class=\" wall-content\">\u00ab\u2009Aurora\u2009\u00bb, c\u2019est le nom de la nouvelle collection toute en blancheur de Ma\u00eft\u00e9 Bailleul, cr\u00e9atrice. \u00ab\u2009Cela \u00e9voque le conte \u2018La Belle au bois dormant\u2019, une jeune fille qui s\u2019\u00e9veille. Je voulais proposer une parenth\u00e8se po\u00e9tique, de l\u2019obscurit\u00e9 \u00e0 la lumi\u00e8re, entre tradition et mode\u2009\u00bb. Chaque robe porte un nom\u2009: El\u00e9anore, Flora, Esm\u00e9e\u2026 Certaines sont tr\u00e8s \u00e9pur\u00e9es, simples, d\u2019autres tr\u00e8s travaill\u00e9es avec beaucoup de dentelles\u2026 \u00ab\u2009les plus simples sont souvent celles qui demandent le plus de temps, car elles doivent \u00eatre parfaites, le moindre d\u00e9faut se voit\u2009\u00bb.<\/p>\n<p>Le style \u00ab\u2009Ma\u00eft\u00e9 Bailleul\u2009\u00bb\u2009: f\u00e9minin jusqu\u2019au bout de la dentelle<\/p>\n<p class=\" wall-content\">Ma\u00eft\u00e9 Bailleul fait partie du tout petit cercle des cr\u00e9atrices de robes de mari\u00e9e personnalis\u00e9es sur mesure, elles sont une dizaine dans le Nord, \u00ab\u2009chacune avec son style\u2009\u00bb. Mais justement, c\u2019est quoi, le style Ma\u00eft\u00e9 Bailleul\u2009? \u00ab\u2009Ce sont les belles mati\u00e8res, la soie, la dentelle. Mon style est f\u00e9minin, avec beaucoup de transparence, de fentes, de dos nus. J\u2019habille plut\u00f4t des femmes qui s\u2019assument, des 30-35\u00a0ans\u2009\u00bb.<\/p>\n<p class=\" wall-content\">Ses mod\u00e8les \u00e9voquent toujours l\u2019\u00e9l\u00e9gance, le souci du d\u00e9tail, et le blanc. \u00ab\u2009J\u2019aime la tradition. Je fais un peu de couleur ros\u00e9e, cr\u00e8me, mais je reviens toujours au blanc\u2009!\u2009\u00bb<\/p>\n<p>    <img   decoding=\"async\" loading=\"lazy\" class=\"size-large\" src=\"https:\/\/www.europesays.com\/fr\/wp-content\/uploads\/2025\/09\/28c30e5cd3c863cc30e5cd3c830d30v-960x640.jpeg\" alt=\"robes mari\u00e9e ma\u00eft\u00e9 bailleul \u00e0 lys-lez-lannoy\" width=\"960\" height=\"640\"\/><br \/>\n    Mod\u00e8le El\u00e9anore en dentelle de Calais. \u00a9Anne-Sophie Hourdeaux\/Croix du NordSon parcours\u2009: une belle exp\u00e9rience \u00e0 Paris<\/p>\n<p class=\" wall-content\">Ma\u00eft\u00e9, originaire d\u2019Hem, a cr\u00e9\u00e9 son entreprise en 2020. Elle avait d\u00e9j\u00e0 une belle exp\u00e9rience derri\u00e8re elle. \u00ab\u2009J\u2019ai \u00e9tudi\u00e9 \u00e0 Esmod Roubaix, puis j\u2019ai r\u00e9alis\u00e9 un stage \u00e0 Paris chez une cr\u00e9atrice de robes de mari\u00e9e. C\u2019est un peu le hasard, je n\u2019avais pas forc\u00e9ment l\u2019id\u00e9e de me tourner vers ce milieu. Mais cela m\u2019a plu\u2009! Alors, j\u2019ai continu\u00e9 chez diff\u00e9rentes marques de haute couture \u00e0 Paris pendant 10\u00a0ans.\u2009\u00bb<\/p>\n<p>Votre r\u00e9gion, votre actu !<\/p>\n<p>Recevez chaque jour les infos qui comptent pour vous.<\/p>\n<p>\t<a href=\"https:\/\/actu.fr\/newsletter\" class=\"ac-btn ac-btn--corner ac-btn--medium ac-btn--blue800\" target=\"_blank\" rel=\"noopener\">S&rsquo;incrire<\/a><\/p>\n<blockquote class=\"ac-article-quote wall-content\">\n<p>C\u2019est beau dans son m\u00e9tier de voir des gens heureux tous les jours\u2009! je veux que les femmes se sentent belles, qu\u2019elles d\u00e9passent leurs complexes.<\/p>\n<\/blockquote>\n<p class=\" wall-content\">Mais l\u2019envie de revenir dans le Nord se fait sentir. Mais difficile de trouver une maison de luxe adapt\u00e9e au talent de Ma\u00eft\u00e9 du c\u00f4t\u00e9 de Lille. Elle d\u00e9cide alors de se lancer\u2009! Elle s\u2019installe \u00e0 Lys-lez-Lannoy, entre Roubaix et Willems.<\/p>\n<p class=\" wall-content\">Les d\u00e9buts n\u2019ont pas \u00e9t\u00e9 faciles, car elle a d\u00e9but\u00e9 avec\u2026 le COVID et l\u2019interdiction de se marier pendant plusieurs mois\u2009! Apr\u00e8s le confinement, les restrictions pour se marier ont dur\u00e9 un an. \u00ab\u2009C\u2019\u00e9tait compliqu\u00e9 de d\u00e9buter ainsi, mais cela m\u2019a permis de travailler ma communication sur les r\u00e9seaux sociaux, qui n\u2019ont cess\u00e9 de se d\u00e9velopper depuis 2020\u2009!\u2009\u00bb<\/p>\n<p>    <img   decoding=\"async\" loading=\"lazy\" class=\"size-large\" src=\"https:\/\/www.europesays.com\/fr\/wp-content\/uploads\/2025\/09\/f1720e5cd3c86c5720e5cd3c889720v-960x640.jpeg\" alt=\"robes mari\u00e9e ma\u00eft\u00e9 bailleul \u00e0 lys-lez-lannoy\" width=\"960\" height=\"640\"\/><br \/>\n    D\u00e9tail d\u2019une robe de mari\u00e9e en dentelle de Calais. \u00a9Anne-Sophie Hourdeaux\/Croix du Nord20 robes par an, 100\u2009% personnalis\u00e9es<\/p>\n<p class=\" wall-content\">Aujourd\u2019hui, elle cr\u00e9e environ 15 \u00e0 20 robes par an, soit 80 mari\u00e9es en 6\u00a0ans. \u00ab\u2009Le maximum, ce serait 25 par an. Il faut environ un an de pr\u00e9paration, avec 4 essayages. Tout est fait \u00e0 la main et choisi en fonction des attentes de la future mari\u00e9e\u2009\u00bb. Car si la cr\u00e9atrice pr\u00e9sente une collection par an, c\u2019est pour montrer l\u2019\u00e9tendue de son talent, mais chaque robe est personnalis\u00e9e. \u00ab\u2009Si on me contacte, c\u2019est qu\u2019on aime mon univers. Certaines femmes viennent avec une id\u00e9e pr\u00e9cise, je leur fais essayer quelques robes qui rejoignent leur envie, elles peuvent assembler tel \u00e9l\u00e9ment d\u2019une robe \u00e0 tel d\u00e9tail d\u2019une autre\u2026 D\u2019autres ont un coup de c\u0153ur pour une robe existante, qu\u2019on r\u00e9ajuste\u2009\u00bb.<\/p>\n<p>    <img   decoding=\"async\" loading=\"lazy\" class=\"size-large\" src=\"https:\/\/www.europesays.com\/fr\/wp-content\/uploads\/2025\/09\/a4b00e5cd3c8698b00e5cd3c87cb00v-960x640.jpeg\" alt=\"robes mari\u00e9e ma\u00eft\u00e9 bailleul \u00e0 lys-lez-lannoy\" width=\"960\" height=\"640\"\/><br \/>\n    La nouvelle collection de Ma\u00eft\u00e9 Bailleul. \u00a9Anne-Sophie Hourdeaux\/Croix du Nord<\/p>\n<p class=\" wall-content\">Six ans apr\u00e8s la cr\u00e9ation de sa marque, pour la premi\u00e8re fois, elle a choisi de pr\u00e9senter sa nouvelle collection lors d\u2019un \u00e9v\u00e9nement public. Il lui fallait pour cela un lieu propice. \u00ab\u2009Je me suis dit qu\u2019une galerie d\u2019art pourrait me convenir, avec un c\u00f4t\u00e9 \u00e9pur\u00e9. J\u2019ai cherch\u00e9 sur le net, j\u2019ai trouv\u00e9 la galerie Renard Hacker de Lille. Cela convenait parfaitement \u00e0 mon projet, avec des murs neutres\u2009\u00bb.<\/p>\n<p class=\" wall-content\">Elle y a retrouv\u00e9 des clientes, comme Charlotte, qui vient de se marier cet \u00e9t\u00e9. \u00ab\u2009J\u2019ai trouv\u00e9 Ma\u00eft\u00e9 gr\u00e2ce aux r\u00e9seaux sociaux\u2009! J\u2019avais une id\u00e9e pr\u00e9cise de ce que je voulais, je ne pensais pas trouver \u00e0 Lille, j\u2019\u00e9tais pr\u00eate \u00e0 aller jusque Paris. J\u2019ai choisi une robe avec fleurs brod\u00e9es sur tulle, j\u2019ai juste fait modifier le dos d\u2019une robe existante. J\u2019ai ador\u00e9, je n\u2019aurais jamais imagin\u00e9 \u00e7a\u2009! Je me suis jamais sentie aussi \u00e0 l\u2019aise dans une robe\u2009! Je voudrais r\u00e9utiliser des \u00e9l\u00e9ments, comme la jupe. Le voile pourrait devenir voile de lit\u2026 Je vais revoir Ma\u00eft\u00e9 pour en parler\u2009\u00bb pr\u00e9cise la jeune mari\u00e9e.<\/p>\n<p>    <img   decoding=\"async\" loading=\"lazy\" class=\"size-large\" src=\"https:\/\/www.europesays.com\/fr\/wp-content\/uploads\/2025\/09\/2160fd5cd3c86f460fd5cd3c80960fv-960x640.jpeg\" alt=\"robes mari\u00e9e ma\u00eft\u00e9 bailleul \u00e0 lys-lez-lannoy\" width=\"960\" height=\"640\"\/><br \/>\n    Mod\u00e8le Flora en tulle brod\u00e9. \u00a9Anne-Sophie Hourdeaux\/Croix du NordS\u2019adapter \u00e0 tout, ou presque\u2009!<\/p>\n<p class=\" wall-content\">Ma\u00eft\u00e9 Bailleul se souvient de demandes particuli\u00e8res\u2009: \u00ab\u2009Je m\u2019adapte au maximum. Certaines mari\u00e9es sont enceintes par exemple. Une d\u2019elles voulait un bustier travaill\u00e9 avec une multitude de perles. Ce n\u2019est pas mon domaine alors j\u2019ai collabor\u00e9 avec une brodeuse de Wambrechies. J\u2019aime les challenges\u2009!\u2009\u00bb Mais il y a une demande qu\u2019elle n\u2019a pas pu satisfaire\u2009: \u00ab\u2009Une cliente voulait que je lui cr\u00e9e une robe version Hunger Games, quand l\u2019h\u00e9ro\u00efne est dans l\u2019ar\u00e8ne et que sa robe se transforme en vraies flammes\u2009! Mais \u00e7a, je ne sais pas faire\u2009\u00bb rit-elle.<\/p>\n<p class=\" wall-content\">Comment fait une cr\u00e9atrice de robe de mari\u00e9e pour envisager sa propre robe\u2009? \u00ab\u2009J\u2019ai dessin\u00e9 ma robe de mari\u00e9e, mais je n\u2019ai pas voulu la cr\u00e9er moi-m\u00eame, j\u2019ai confi\u00e9 cette mission \u00e0 une amie qui est aussi cr\u00e9atrice. Je n\u2019ai jamais recr\u00e9\u00e9 une robe qui lui ressemblait, je veux que cela reste unique aussi pour moi\u2009!\u2009\u00bb<\/p>\n<p>    <img   decoding=\"async\" loading=\"lazy\" class=\"size-large\" src=\"https:\/\/www.europesays.com\/fr\/wp-content\/uploads\/2025\/09\/636ad39914c86476ad39914c80b6adv-960x640.jpg\" alt=\"robes mari\u00e9e\" width=\"960\" height=\"640\"\/><br \/>\n    La nouvelle collection 2026 de Ma\u00eft\u00e9 Bailleul\u2009: Aurora. \u00a9Anne-Sophie Hourdeaux\/Croix du Nord<\/p>\n<p class=\" wall-content\">Bien s\u00fbr, ce type de cr\u00e9ations haut de gamme a un co\u00fbt, ce n\u2019est pas pour toutes les bourses. Il faut compter entre\u00a03\u2009000\u00a0et 7\u2009000\u00a0\u20ac\u00a0la robe.<\/p>\n<p>Recyclage de robes\u2009?<\/p>\n<p class=\" wall-content\">Mettre autant dans une robe qu\u2019on ne portera qu\u2019une fois, c\u2019est dommage. Ma\u00eft\u00e9 le sait bien, alors elle a deux parades. La premi\u00e8re, c\u2019est d\u2019aider \u00e0 \u00ab\u2009recycler\u2009\u00bb sa robe pour la r\u00e9utiliser autrement. \u00ab\u2009Certaines robes sont facilement \u2018d\u00e9montables\u2019, le bustier par exemple, ou la jupe peut \u00eatre r\u00e9utilis\u00e9e. Ou alors, transformer son voile en ciel de lit de b\u00e9b\u00e9\u2026\u2009\u00bb<\/p>\n<p class=\" wall-content\">Elle a une autre id\u00e9e\u2009: \u00ab\u2009J\u2019aimerais r\u00e9unir plusieurs anciennes de mes mari\u00e9es, que chacune remette sa robe pour une journ\u00e9e exceptionnelle\u2026\u2009\u00bb<\/p>\n<p>Contact\u2009: 06 45 31 42 32. Site\u2009: <a href=\"https:\/\/maitebailleul.com\/\" target=\"_blank\" rel=\"noopener\">maitebailleul.com<\/a>\u2009; <a href=\"https:\/\/www.instagram.com\/maitebailleul\/?hl=fr\" target=\"_blank\" rel=\"noopener\">compte instagram<\/a><\/p>\n<p class=\" wall-content\">Personnalisez votre actualit\u00e9 en ajoutant vos villes et m\u00e9dias en favori avec <a href=\"https:\/\/moncompte.actu.fr\" title=\"D\u00e9couvez Mon Actu\" rel=\"nofollow noopener\" data-trk=\"{&quot;cta&quot;:{&quot;action&quot;:&quot;https:\\\/\\\/moncompte.actu.fr&quot;,&quot;category&quot;:&quot;mon compte&quot;,&quot;from&quot;:&quot;article footer&quot;,&quot;name&quot;:&quot;Mon actu&quot;,&quot;type&quot;:&quot;cta&quot;}}\" target=\"_blank\">Mon Actu<\/a>.<\/p>\n<p>                    <script async src=\"\/\/www.instagram.com\/embed.js\"><\/script><\/p>\n","protected":false},"excerpt":{"rendered":"Par Anne-Sophie Hourdeaux Publi\u00e9 le 19 sept. 2025 \u00e0 6h08 Elle a lanc\u00e9 son activit\u00e9 depuis 6\u00a0ans, et&hellip;\n","protected":false},"author":2,"featured_media":401568,"comment_status":"","ping_status":"","sticky":false,"template":"","format":"standard","meta":{"footnotes":""},"categories":[2815],"tags":[1111,11,33,1777,674,1011,27,811,1307,2425,1930,12,25],"class_list":{"0":"post-401567","1":"post","2":"type-post","3":"status-publish","4":"format-standard","5":"has-post-thumbnail","7":"category-lille","8":"tag-actu","9":"tag-actualites","10":"tag-economie","11":"tag-eu","12":"tag-europe","13":"tag-fr","14":"tag-france","15":"tag-hauts-de-france","16":"tag-lille","17":"tag-luxe","18":"tag-mariage","19":"tag-news","20":"tag-republique-francaise"},"share_on_mastodon":{"url":"https:\/\/pubeurope.com\/@fr\/115229110596658873","error":""},"_links":{"self":[{"href":"https:\/\/www.europesays.com\/fr\/wp-json\/wp\/v2\/posts\/401567","targetHints":{"allow":["GET"]}}],"collection":[{"href":"https:\/\/www.europesays.com\/fr\/wp-json\/wp\/v2\/posts"}],"about":[{"href":"https:\/\/www.europesays.com\/fr\/wp-json\/wp\/v2\/types\/post"}],"author":[{"embeddable":true,"href":"https:\/\/www.europesays.com\/fr\/wp-json\/wp\/v2\/users\/2"}],"replies":[{"embeddable":true,"href":"https:\/\/www.europesays.com\/fr\/wp-json\/wp\/v2\/comments?post=401567"}],"version-history":[{"count":0,"href":"https:\/\/www.europesays.com\/fr\/wp-json\/wp\/v2\/posts\/401567\/revisions"}],"wp:featuredmedia":[{"embeddable":true,"href":"https:\/\/www.europesays.com\/fr\/wp-json\/wp\/v2\/media\/401568"}],"wp:attachment":[{"href":"https:\/\/www.europesays.com\/fr\/wp-json\/wp\/v2\/media?parent=401567"}],"wp:term":[{"taxonomy":"category","embeddable":true,"href":"https:\/\/www.europesays.com\/fr\/wp-json\/wp\/v2\/categories?post=401567"},{"taxonomy":"post_tag","embeddable":true,"href":"https:\/\/www.europesays.com\/fr\/wp-json\/wp\/v2\/tags?post=401567"}],"curies":[{"name":"wp","href":"https:\/\/api.w.org\/{rel}","templated":true}]}}