{"id":401579,"date":"2025-09-19T04:43:10","date_gmt":"2025-09-19T04:43:10","guid":{"rendered":"https:\/\/www.europesays.com\/fr\/401579\/"},"modified":"2025-09-19T04:43:10","modified_gmt":"2025-09-19T04:43:10","slug":"les-enseignants-vent-debout-contre-les-manuels-numeriques-de-la-region-ile-de-france","status":"publish","type":"post","link":"https:\/\/www.europesays.com\/fr\/401579\/","title":{"rendered":"les enseignants vent debout contre les manuels num\u00e9riques de la r\u00e9gion \u00cele-de-France"},"content":{"rendered":"<p><strong>D\u00c9CRYPTAGE &#8211; <\/strong>Depuis la rentr\u00e9e, la collectivit\u00e9 a drastiquement baiss\u00e9 les financements allou\u00e9s au renouvellement des licences en ligne propos\u00e9es par les \u00e9diteurs scolaires. Elle impose \u00e0 la place son propre ouvrage virtuel.<\/p>\n<p class=\"fig-paragraph\">Des manuels scolaires \u00ab peu lisibles et quasi inutilisables\u00a0\u00bb. Comme beaucoup de ses coll\u00e8gues, Mathieu Logothetis, enseignant en\u00a0histoire-g\u00e9ographie, trouve bien du tort aux ouvrages scolaires num\u00e9riques propos\u00e9s depuis la rentr\u00e9e dans tous les lyc\u00e9es franciliens. Ces ressources dites \u00ablibres\u00bb, car fa\u00e7onn\u00e9es directement pour le compte de la r\u00e9gion, remplacent la majeure partie des\u00a0manuels num\u00e9riques que la collectivit\u00e9 achetait jusqu\u2019ici aux \u00e9diteurs scolaires. Les lyc\u00e9ens sont cens\u00e9s y acc\u00e9der en ligne, gr\u00e2ce aux ordinateurs offerts par\u00a0la r\u00e9gion \u00cele-de-France.<\/p>\n<p class=\"fig-paragraph\">Mais selon les enseignants interrog\u00e9s par Le Figaro, ces manuels disposent d\u2019un contenu p\u00e9dagogique tr\u00e8s limit\u00e9. \u00ab On sent bien qu\u2019ils ont \u00e9t\u00e9 faits avec des sources libres de droits, et l\u00e0 o\u00f9 les \u00e9diteurs nous proposaient auparavant des documents originaux, on n\u2019a plus ici que des images ou des textes tr\u00e8s basiques, soupire Mathieu Logothetis. Je pourrais les concevoir moi-m\u00eame en deux clics apr\u00e8s une recherche internet.\u00a0\u00bb<\/p>\n<p class=\"fig-paragraph\">De son c\u00f4t\u00e9, Pierre Claustre, \u00e9galement enseignant en histoire-g\u00e9o, d\u00e9plore l\u2019absence de cours dans ces ouvrages. \u00ab Dans ma mati\u00e8re, on n\u2019y trouve que des exercices et plus une seule le\u00e7on, c\u2019est tout de m\u00eame dommage pour un manuel\u00a0\u00bb, d\u00e9plore-t-il.<\/p>\n<p class=\"fig-paragraph\">Pour le Snes-FSU, l\u2019arriv\u00e9e du manuel \u00ab libre\u00a0\u00bb pose aussi un\u2026<\/p>\n<p class=\"fig-premium-paywall__infos\">\n        Cet article est r\u00e9serv\u00e9 aux abonn\u00e9s.        Il vous reste 81% \u00e0 d\u00e9couvrir.\n    <\/p>\n<p>                <img  data- alt=\"Le Figaro\" class=\"fig-img--complete fig-img\"\/><\/p>\n<p class=\"fig-premium-paywall__title\">Vous avez envie de lire la suite ?<\/p>\n<p class=\"fig-premium-paywall__subtitle\">D\u00e9bloquez tous les articles imm\u00e9diatement.<\/p>\n<p class=\"fig-premium-paywall__connect\">\n                D\u00e9j\u00e0 abonn\u00e9\u00a0?                <a class=\"fig-premium-paywall__connect-link\" href=\"https:\/\/connect.lefigaro.fr\/login?client=horizon_web&amp;type=main&amp;redirect_uri=https%3A%2F%2Fwww.lefigaro.fr%2Factualite-france%2Fil-n-y-a-que-des-textes-tres-basiques-les-enseignants-vent-debout-contre-les-manuels-numeriques-de-la-region-ile-de-france-20250919\" data-js-gtm=\"{&quot;customCategorie&quot;: &quot;conversion&quot;, &quot;customAction&quot;: &quot;before_Landing_Connexion_paywall_manuel&quot;, &quot;customLabel&quot;: &quot;bGVmaWdhcm8uZnJfXzFmMDkzOWEyLWM1M2QtNmEzMC04YjViLWZmMTZjMTVmZGM3NV9fQXJ0aWNsZQ==_\u00abIl n\u2019y a que des textes tr\u00e8s basiques\u00bb\u00a0: les enseignants vent debout contre les manuels num\u00e9riques de la r\u00e9gion \u00cele-de-France_66&quot;, &quot;customIDSPE&quot;: &quot;bGVmaWdhcm8uZnJfXzFmMDkzOWEyLWM1M2QtNmEzMC04YjViLWZmMTZjMTVmZGM3NV9fQXJ0aWNsZQ==&quot;, &quot;event&quot;: &quot;customEventSPE&quot;}\" rel=\"nofollow noopener\" target=\"_blank\"><br \/>\n                    Connectez-vous<br \/>\n                <\/a>\n            <\/p>\n","protected":false},"excerpt":{"rendered":"D\u00c9CRYPTAGE &#8211; Depuis la rentr\u00e9e, la collectivit\u00e9 a drastiquement baiss\u00e9 les financements allou\u00e9s au renouvellement des licences en&hellip;\n","protected":false},"author":2,"featured_media":401580,"comment_status":"","ping_status":"","sticky":false,"template":"","format":"standard","meta":{"footnotes":""},"categories":[1592],"tags":[1111,11,11271,1777,674,1011,27,662,2633,12,626,25],"class_list":{"0":"post-401579","1":"post","2":"type-post","3":"status-publish","4":"format-standard","5":"has-post-thumbnail","7":"category-ile-de-france","8":"tag-actu","9":"tag-actualites","10":"tag-enseignants","11":"tag-eu","12":"tag-europe","13":"tag-fr","14":"tag-france","15":"tag-ile-de-france","16":"tag-lycee","17":"tag-news","18":"tag-paris","19":"tag-republique-francaise"},"share_on_mastodon":{"url":"https:\/\/pubeurope.com\/@fr\/115229137598036664","error":""},"_links":{"self":[{"href":"https:\/\/www.europesays.com\/fr\/wp-json\/wp\/v2\/posts\/401579","targetHints":{"allow":["GET"]}}],"collection":[{"href":"https:\/\/www.europesays.com\/fr\/wp-json\/wp\/v2\/posts"}],"about":[{"href":"https:\/\/www.europesays.com\/fr\/wp-json\/wp\/v2\/types\/post"}],"author":[{"embeddable":true,"href":"https:\/\/www.europesays.com\/fr\/wp-json\/wp\/v2\/users\/2"}],"replies":[{"embeddable":true,"href":"https:\/\/www.europesays.com\/fr\/wp-json\/wp\/v2\/comments?post=401579"}],"version-history":[{"count":0,"href":"https:\/\/www.europesays.com\/fr\/wp-json\/wp\/v2\/posts\/401579\/revisions"}],"wp:featuredmedia":[{"embeddable":true,"href":"https:\/\/www.europesays.com\/fr\/wp-json\/wp\/v2\/media\/401580"}],"wp:attachment":[{"href":"https:\/\/www.europesays.com\/fr\/wp-json\/wp\/v2\/media?parent=401579"}],"wp:term":[{"taxonomy":"category","embeddable":true,"href":"https:\/\/www.europesays.com\/fr\/wp-json\/wp\/v2\/categories?post=401579"},{"taxonomy":"post_tag","embeddable":true,"href":"https:\/\/www.europesays.com\/fr\/wp-json\/wp\/v2\/tags?post=401579"}],"curies":[{"name":"wp","href":"https:\/\/api.w.org\/{rel}","templated":true}]}}