{"id":401589,"date":"2025-09-19T04:48:12","date_gmt":"2025-09-19T04:48:12","guid":{"rendered":"https:\/\/www.europesays.com\/fr\/401589\/"},"modified":"2025-09-19T04:48:12","modified_gmt":"2025-09-19T04:48:12","slug":"la-fragile-defense-de-leurope-face-a-la-russie","status":"publish","type":"post","link":"https:\/\/www.europesays.com\/fr\/401589\/","title":{"rendered":"La fragile d\u00e9fense de l\u2019Europe face \u00e0 la Russie"},"content":{"rendered":"<p>Mercredi 10\u00a0septembre, <a class=\"Link\" href=\"https:\/\/www.lepoint.fr\/monde\/la-pologne-denonce-une-agression-de-drones-russes-ce-que-l-on-sait-10-09-2025-2598290_24.php\" title=\"\" data-gtm=\"click:capsule\" data-capsule=\"Lien\" target=\"_blank\" rel=\"noopener\">la Russie a lanc\u00e9 une vague de\u00a021\u00a0drones<\/a> dans la profondeur du territoire de la Pologne, dont plusieurs visaient l&rsquo;une des principales bases de l&rsquo;Otan qui sert de plaque tournante pour le soutien de l&rsquo;Ukraine. Cette attaque accompagnait des frappes massives de\u00a0450\u00a0drones sur la partie occidentale de l&rsquo;Ukraine ainsi que le d\u00e9but des <a class=\"Link\" href=\"https:\/\/www.lepoint.fr\/monde\/zapad-2025-la-russie-et-la-bielorussie-defient-l-otan-aux-portes-de-la-pologne-12-09-2025-2598395_24.php\" title=\"\" data-gtm=\"click:capsule\" data-capsule=\"Lien\" target=\"_blank\" rel=\"noopener\">man\u0153uvres Zapad 2025<\/a> qui mobilisent plus de 13\u00a0000 hommes en Bi\u00e9lorussie \u2013 rappelant le sinistre pr\u00e9c\u00e9dent de l&rsquo;exercice Zapad\u00a02021\u00a0qui pr\u00e9para l&rsquo;invasion de l&rsquo;Ukraine. Elle a \u00e9t\u00e9 prolong\u00e9e par une offensive de d\u00e9sinformation sans pr\u00e9c\u00e9dent cherchant \u00e0 terroriser les populations et \u00e0 d\u00e9stabiliser les gouvernements d&rsquo;Europe orientale.<\/p>\n<p>Cette neuvi\u00e8me incursion russe dans l&rsquo;espace a\u00e9rien polonais depuis 2022, redoubl\u00e9e par <a class=\"Link\" href=\"https:\/\/www.lepoint.fr\/monde\/guerre-en-ukraine-un-drone-detecte-dans-l-espace-aerien-de-la-roumanie-13-09-2025-2598515_24.php\" title=\"\" data-gtm=\"click:capsule\" data-capsule=\"Lien\" target=\"_blank\" rel=\"noopener\">la violation de l&#8230;<\/a><\/p>\n<p>Toute l\u2019actualit\u00e9 \u00e0 1\u20ac le premier mois<\/p>\n<p><a href=\"https:\/\/abo.lepoint.fr\/?provenance=21EDI020098\" class=\"btn\" title=\"S&#039;abonner\" data-gtm=\"click:abo|display:abo\" data-campaign=\"paywall_maison\" target=\"_blank\" rel=\"noopener\">S&rsquo;abonner<\/a><\/p>\n<p>ou<\/p>\n<p>La newsletter d\u00e9bats et opinions<\/p>\n<p class=\"period\">Tous les vendredis \u00e0 7h30<\/p>\n<p>Recevez notre s\u00e9lection d\u2019articles tir\u00e9e de notre rubrique D\u00e9bats, pour comprendre les vrais enjeux du monde d\u2019aujourd\u2019hui et de notre soci\u00e9t\u00e9<\/p>\n<p>Merci !<br \/>Votre inscription a bien \u00e9t\u00e9 prise en compte avec l&rsquo;adresse email :<\/p>\n<p>Pour d\u00e9couvrir toutes nos autres newsletters, rendez-vous ici : <a href=\"https:\/\/moncompte.lepoint.fr\/\" title=\"\" target=\"_blank\" rel=\"noopener\">MonCompte<\/a><\/p>\n<p>En vous inscrivant, vous acceptez les <a href=\"https:\/\/www.lepoint.fr\/html\/cgu\/\" title=\"Conditions g\u00e9n\u00e9rales d&#039;utilisation\" target=\"_blank\" rel=\"noopener\">conditions g\u00e9n\u00e9rales d\u2019utilisations<\/a> et notre <a href=\"https:\/\/www.lepoint.fr\/html\/politique-de-protection-donnees-personnelles\/\" title=\"Politique de confidentialit\u00e9\" target=\"_blank\" rel=\"noopener\">politique de confidentialit\u00e9<\/a>.<\/p>\n","protected":false},"excerpt":{"rendered":"Mercredi 10\u00a0septembre, la Russie a lanc\u00e9 une vague de\u00a021\u00a0drones dans la profondeur du territoire de la Pologne, dont&hellip;\n","protected":false},"author":2,"featured_media":401590,"comment_status":"","ping_status":"","sticky":false,"template":"","format":"standard","meta":{"footnotes":""},"categories":[1591],"tags":[11,75,19429,1887,53307,12,2437,1885,1886,132,135],"class_list":{"0":"post-401589","1":"post","2":"type-post","3":"status-publish","4":"format-standard","5":"has-post-thumbnail","7":"category-russie","8":"tag-actualites","9":"tag-donald-trump","10":"tag-donald-tusk","11":"tag-federation-de-russie","12":"tag-leditorial-de-nicolas-baverez","13":"tag-news","14":"tag-pologne","15":"tag-russia","16":"tag-russian-federation","17":"tag-russie","18":"tag-vladimir-poutine"},"share_on_mastodon":{"url":"https:\/\/pubeurope.com\/@fr\/115229157203355628","error":""},"_links":{"self":[{"href":"https:\/\/www.europesays.com\/fr\/wp-json\/wp\/v2\/posts\/401589","targetHints":{"allow":["GET"]}}],"collection":[{"href":"https:\/\/www.europesays.com\/fr\/wp-json\/wp\/v2\/posts"}],"about":[{"href":"https:\/\/www.europesays.com\/fr\/wp-json\/wp\/v2\/types\/post"}],"author":[{"embeddable":true,"href":"https:\/\/www.europesays.com\/fr\/wp-json\/wp\/v2\/users\/2"}],"replies":[{"embeddable":true,"href":"https:\/\/www.europesays.com\/fr\/wp-json\/wp\/v2\/comments?post=401589"}],"version-history":[{"count":0,"href":"https:\/\/www.europesays.com\/fr\/wp-json\/wp\/v2\/posts\/401589\/revisions"}],"wp:featuredmedia":[{"embeddable":true,"href":"https:\/\/www.europesays.com\/fr\/wp-json\/wp\/v2\/media\/401590"}],"wp:attachment":[{"href":"https:\/\/www.europesays.com\/fr\/wp-json\/wp\/v2\/media?parent=401589"}],"wp:term":[{"taxonomy":"category","embeddable":true,"href":"https:\/\/www.europesays.com\/fr\/wp-json\/wp\/v2\/categories?post=401589"},{"taxonomy":"post_tag","embeddable":true,"href":"https:\/\/www.europesays.com\/fr\/wp-json\/wp\/v2\/tags?post=401589"}],"curies":[{"name":"wp","href":"https:\/\/api.w.org\/{rel}","templated":true}]}}