{"id":401611,"date":"2025-09-19T05:04:10","date_gmt":"2025-09-19T05:04:10","guid":{"rendered":"https:\/\/www.europesays.com\/fr\/401611\/"},"modified":"2025-09-19T05:04:10","modified_gmt":"2025-09-19T05:04:10","slug":"le-nurburgring-lescapade-qui-pourrait-donner-des-idees-a-verstappen-cest-mon-hobby-de-conduire-dautres-voitures-que-des-f1-lequipe","status":"publish","type":"post","link":"https:\/\/www.europesays.com\/fr\/401611\/","title":{"rendered":"Le N\u00fcrburgring, l&#039;escapade qui pourrait donner des id\u00e9es \u00e0 Verstappen : \u00ab C&#039;est mon hobby de conduire d&#039;autres voitures que des F1 \u00bb &#8211; L&#039;\u00c9quipe"},"content":{"rendered":"<ol>\n<li><a href=\"https:\/\/news.google.com\/rss\/articles\/CBMikAJBVV95cUxOZzVEZTJkNExJMVFMZ2tVbWNvMTMxdnFHcFFwRW1DcDllZ0l4SHJZNmx6QzAwaFlmZDI0Zm1HUlZqbzU4UVlJQ1JmU1NJLU5UeldQcUhhQWFxQUVnZjJmRkszZ1UwN3ZpbHNkcGFYNjU1VHVaX3p3WFFqVVVJdXg5WnZ3b3VNM0VfWEttX0hBRnpFYUluM2dPSjQ5ajd1bWhjaEo3cFhQVlpOYzJQSmFGc1YwRUJmeFBCbjNqNW1WUUlvZE04WHhCeWJ6SVFLR1p6YkI0ajVTWldHYk9qZG9RLVpVTnhaS2NoaFl1RjU3cG9TS1Q0S3dNTkNHRl9IbGNiMXFiZ243V0ptdTdraVYzRg?oc=5\" target=\"_blank\" rel=\"noopener\">Le N\u00fcrburgring, l&rsquo;escapade qui pourrait donner des id\u00e9es \u00e0 Verstappen : \u00ab C&rsquo;est mon hobby de conduire d&rsquo;autres voitures que des F1 \u00bb<\/a>&nbsp;&nbsp;L&rsquo;\u00c9quipe<\/li>\n<li><a href=\"https:\/\/news.google.com\/rss\/articles\/CBMi1AFBVV95cUxOdzhuTGY4azlsNDBGTk42QzBYTmVtNTNqVGY4SWo0YTJaRTJXSjRXMmNqbDhLYnVrQXNRZC1nNjFhcDhIdGdab3VQZHZwWDh1Mk5oWkVyYW5RRWc0a1hIVzNlUEJFUkdaYmhfSGJ0eVNXLWVLZTdjbm5VM1VjcXgxMVBWQWVyYURfbV9EVi1PVmhCVTNlenpSRGVkZHdIVi01RmhrbHFoLTVvbFI5X0dqazBqT01KS3puRW5jTnJvaHZycEVXTy0tQnhFWFBqbExIRTc5TQ?oc=5\" target=\"_blank\" rel=\"noopener\">Verstappen apr\u00e8s ses d\u00e9buts en GT : \u00ab Mon r\u00eave c\u2019est de faire les 24 Heures du N\u00fcrburgring<\/a>&nbsp;&nbsp;AutoHebdo<\/li>\n<li><a href=\"https:\/\/news.google.com\/rss\/articles\/CBMikgFBVV95cUxObl85NzBNbnVycHd4ZHpqR3NBSk9PSVJHS2RQWENWMTVWOVYzWDgydlhTMmNXelM0LUI3NFU3cWYtaTluQ0F5TWtvME54RzdHYXRTWm1kVXJ5OXRJYkhmQlZWOGc3WjRLNkdIWnIzUVEyd3FrZUtORUZIVmxjZEdBZGN3cmw3dUpWLXJoQ0h5YlBSdw?oc=5\" target=\"_blank\" rel=\"noopener\">Verstappen ne c\u00e8dera rien sur sa libert\u00e9 de courir ailleurs qu&rsquo;en F1<\/a>&nbsp;&nbsp;Motorsport.com<\/li>\n<li><a href=\"https:\/\/news.google.com\/rss\/articles\/CBMia0FVX3lxTE1DR1hUWWZBZlNTM3BrNXRIdFNTY1pEUVZvTGNYZkRhd0h1NzZTdGFMYW5NaEFHUGJ6X1RCdlVFbEk0a3hUbHR3TTlKUWNtelRRRkxuMEl5WV9pS3F2MUJ6ZzlvMTdfaDlIVF9R?oc=5\" target=\"_blank\" rel=\"noopener\">Le cercle ferm\u00e9 des pilotes F1 qui courent m\u00eame pendant leurs week-ends libres<\/a>&nbsp;&nbsp;Isorg.fr<\/li>\n<li><a href=\"https:\/\/news.google.com\/rss\/articles\/CBMiywFBVV95cUxOSjZuQTFYNDBHNlV6NHNVR0VwODdXbFVIZDBVdHlZYi1IUDFLUW1nT3JVYmJfZEVTUE5PLWl3d2wwTWREc2Fwa3BtN3VtcTZtdGFZZU0yTHdHYUZ2VkhFU0JoU0xTOTc0Mzh3SkNBS21QcmpBU0hiUktPYXdjdVFXd1hlQjNhZEpyVWdDS2lZS1hzeXBNejlCRm5yZElZTTNBc2h3LUpIWnhaa1VtU1N4VEZNN0h2MGRCS2lqdm9uMXpQaXdZV01mY3YzSQ?oc=5\" target=\"_blank\" rel=\"noopener\">Red Bull : le beau geste de l&rsquo;\u00e9curie pour Max Verstappen, qui va avoir un grand sourire<\/a>&nbsp;&nbsp;Sports Auto Moto<\/li>\n<\/ol>\n","protected":false},"excerpt":{"rendered":"Le N\u00fcrburgring, l&rsquo;escapade qui pourrait donner des id\u00e9es \u00e0 Verstappen : \u00ab C&rsquo;est mon hobby de conduire d&rsquo;autres&hellip;\n","protected":false},"author":2,"featured_media":401612,"comment_status":"","ping_status":"","sticky":false,"template":"","format":"standard","meta":{"footnotes":""},"categories":[1412],"tags":[1451,1452,1453,1454,1455,1011,27,60],"class_list":{"0":"post-401611","1":"post","2":"type-post","3":"status-publish","4":"format-standard","5":"has-post-thumbnail","7":"category-f1","8":"tag-f1","9":"tag-formula-1","10":"tag-formula1","11":"tag-formule-1","12":"tag-formule1","13":"tag-fr","14":"tag-france","15":"tag-sports"},"share_on_mastodon":{"url":"https:\/\/pubeurope.com\/@fr\/115229220286012341","error":""},"_links":{"self":[{"href":"https:\/\/www.europesays.com\/fr\/wp-json\/wp\/v2\/posts\/401611","targetHints":{"allow":["GET"]}}],"collection":[{"href":"https:\/\/www.europesays.com\/fr\/wp-json\/wp\/v2\/posts"}],"about":[{"href":"https:\/\/www.europesays.com\/fr\/wp-json\/wp\/v2\/types\/post"}],"author":[{"embeddable":true,"href":"https:\/\/www.europesays.com\/fr\/wp-json\/wp\/v2\/users\/2"}],"replies":[{"embeddable":true,"href":"https:\/\/www.europesays.com\/fr\/wp-json\/wp\/v2\/comments?post=401611"}],"version-history":[{"count":0,"href":"https:\/\/www.europesays.com\/fr\/wp-json\/wp\/v2\/posts\/401611\/revisions"}],"wp:featuredmedia":[{"embeddable":true,"href":"https:\/\/www.europesays.com\/fr\/wp-json\/wp\/v2\/media\/401612"}],"wp:attachment":[{"href":"https:\/\/www.europesays.com\/fr\/wp-json\/wp\/v2\/media?parent=401611"}],"wp:term":[{"taxonomy":"category","embeddable":true,"href":"https:\/\/www.europesays.com\/fr\/wp-json\/wp\/v2\/categories?post=401611"},{"taxonomy":"post_tag","embeddable":true,"href":"https:\/\/www.europesays.com\/fr\/wp-json\/wp\/v2\/tags?post=401611"}],"curies":[{"name":"wp","href":"https:\/\/api.w.org\/{rel}","templated":true}]}}