{"id":401617,"date":"2025-09-19T05:07:14","date_gmt":"2025-09-19T05:07:14","guid":{"rendered":"https:\/\/www.europesays.com\/fr\/401617\/"},"modified":"2025-09-19T05:07:14","modified_gmt":"2025-09-19T05:07:14","slug":"de-la-drogue-dans-les-coulisses-de-tbt9-se-faire-une-ligne-les-chroniqueurs-brisent-le-tabou","status":"publish","type":"post","link":"https:\/\/www.europesays.com\/fr\/401617\/","title":{"rendered":"De la drogue dans les coulisses de TBT9 ? \u201cSe faire une ligne\u2026\u201d, les chroniqueurs brisent le tabou"},"content":{"rendered":"<p data-start=\"525\" data-end=\"860\">Ce jeudi 18 septembre, <a href=\"https:\/\/www.closermag.fr\/people\/capucine-anav-elle-debarque-sur-le-plateau-de-cyril-hanouna-tout-en-latex-et-revele-pourquoi-3580418\" target=\"_blank\" rel=\"noopener\"><br \/>\nCyril Hanouna<\/a> \u00e9tait aux commandes d\u2019un nouveau num\u00e9ro de<br \/>\nTout beau tout n9uf sur<br \/>\nW9. Entour\u00e9 de ses chroniqueurs, l\u2019animateur a \u00e9voqu\u00e9 une interview<br \/>\ndonn\u00e9e par la chanteuse <a href=\"https:\/\/www.closermag.fr\/people\/zaz-son-mari-la-liberee-de-ses-nombreuses-addictions-ses-confidences-inattendues-3533720\" target=\"_blank\" rel=\"noopener\"><br \/>\nZaz<\/a> \u00e0 Paris Match.<br \/>\nElle y raconte avoir <strong>sombr\u00e9 dans la drogue tr\u00e8s<br \/>\njeune<\/strong>, lorsqu\u2019elle vivait en foyer apr\u00e8s avoir quitt\u00e9 ses<br \/>\nparents.<\/p>\n<p data-start=\"862\" data-end=\"1085\">Ce t\u00e9moignage a ouvert la porte<br \/>\n\u00e0 un d\u00e9bat inattendu : la consommation de drogue <strong>dans les<br \/>\ncoulisses de la t\u00e9l\u00e9vision<\/strong>. Tour \u00e0 tour, les chroniqueurs<br \/>\nse sont exprim\u00e9s, et ont partag\u00e9 des anecdotes surprenantes et des<br \/>\nsouvenirs plus sombres&#8230;<\/p>\n<p>\u00ab\u00a0Hanouna, il prend de la<br \/>\ncoke\u00a0\u00bb : une rumeur persistante<\/p>\n<p data-start=\"1141\" data-end=\"1582\">Cyril Hanouna a tout de suite<br \/>\ndonn\u00e9 la parole \u00e0 <a href=\"https:\/\/www.closermag.fr\/people\/emmanuel-macron-ce-tres-beau-salaire-quun-chroniqueur-de-cyril-hanouna-se-faisait-aupres-de-ses-proches-3580631\" target=\"_blank\" rel=\"noopener\"><br \/>\nLaurent Fontaine<\/a>, qui n\u2019a pas m\u00e2ch\u00e9 ses mots. \u00ab\u00a0Je pense que c\u2019est pour \u00eatre bon \u00e0<br \/>\nl\u2019antenne. Mais moi, le nombre de gens qui me disent <strong>&lsquo;Il<br \/>\nprend quoi, Cyril&rsquo;,<\/strong> je pense qu\u2019il n\u2019y a pas une personne<br \/>\nici qui ne l\u2019a pas entendu dix fois. Il fait du sport, beaucoup, je<br \/>\nne l\u2019ai jamais vu prendre une goutte d\u2019alcool, il ne prend<br \/>\n\u00e9videmment rien, il ne fume m\u00eame pas une clope !\u00a0\u00bb, a-t-il<br \/>\nassur\u00e9.<\/p>\n<p data-start=\"1584\" data-end=\"1968\">Pour l\u2019ancien animateur, ce<br \/>\npr\u00e9jug\u00e9 vient surtout du rythme impos\u00e9 par ce m\u00e9tier.<br \/>\n\u00ab\u00a0C\u2019est tellement ancr\u00e9 dans<br \/>\nla t\u00eate des gens que quand tu fais ce m\u00e9tier, tu dois \u00eatre<br \/>\nacc\u00e9l\u00e9r\u00e9, tu dois \u00eatre \u00e0 fond, et il faut avoir la banane. Il y en<br \/>\na un qui a \u00e9t\u00e9 chopp\u00e9, il n\u2019y a pas longtemps, sur le bord de la<br \/>\nroute, vous voyez de qui je parle&#8230;\u00a0\u00bb, a-t-il ajout\u00e9, visant<br \/>\n<a href=\"https:\/\/www.closermag.fr\/people\/christophe-dechavanne-lanimateur-positif-a-cause-dune-femme-nombreux-aller-retours-aux-toilettes-3520740\" target=\"_blank\" rel=\"noopener\"><br \/>\nChristophe Dechavanne<\/a>. Et de rappeler une r\u00e9plique de ce<br \/>\ndernier : \u00ab\u00a0Moi, je me<br \/>\nrappelle que Dechavanne, il y avait des mecs qui lui avaient dit<br \/>\n&lsquo;Hanouna il prend de la coke, c\u2019est pas possible&rsquo;, et il avait<br \/>\nr\u00e9pondu &lsquo;S\u2019il prenait de la drogue, <strong>il tiendrait pas six<br \/>\nmois&rsquo;<\/strong>.\u00a0\u00bb<\/p>\n<blockquote class=\"twitter-tweet\"><p><a class=\"twitter-link\" rel=\"noindex, nofollow noopener\" href=\"https:\/\/twitter.com\/TBT9_W9\/status\/1968734753571447203\" target=\"_blank\"><\/p><\/blockquote>\n<p>Jean-Luc Delarue, TPMP et les aveux des chroniqueurs<\/p>\n<p data-start=\"2283\" data-end=\"2989\">Le d\u00e9bat a ensuite pris une<br \/>\ntournure plus s\u00e9rieuse lorsque Laurent Fontaine a \u00e9voqu\u00e9 <a href=\"https:\/\/www.closermag.fr\/people\/jean-luc-delarue-en-est-mort-apres-larrestation-de-stephane-plaza-les-francs-propos-de-michel-drucker-sur-la-drogue-3542776\" target=\"_blank\" rel=\"noopener\"><br \/>\nJean-Luc Delarue<\/a>. \u00ab\u00a0Je me<br \/>\nsouviens de ses \u00e9quipes qui l\u2019attendaient \u00e0 14 h, il arrivait \u00e0 17<br \/>\nh, il s\u2019enfermait chez lui, il ne sortait pas, <strong>on annulait<br \/>\ndes tournages<\/strong> de \u00c7a se discute.\u00a0\u00bb Un souvenir confirm\u00e9 par <a href=\"https:\/\/www.closermag.fr\/people\/isabelle-morini-bosc-en-deuil-apres-son-mari-elle-perd-une-autre-personne-tres-chere-a-son-coeur-3567001\" target=\"_blank\" rel=\"noopener\"><br \/>\nIsabelle Morini-Bosc<\/a> : \u00ab\u00a0Oui, des fois, tu \u00e9tais avec lui, il se mettait brusquement<br \/>\n\u00e0 saigner du nez. Il a toujours eu un comportement normal avec moi,<br \/>\nmais \u00e7a m\u2019attristait de constater. Mais c\u2019\u00e9tait moins la coca\u00efne<br \/>\nque les m\u00e9docs pour se r\u00e9veiller, pour s\u2019endormir, pour tenir et<br \/>\ntout. Et c\u2019est comme \u00e7a que son cancer s\u2019est d\u00e9velopp\u00e9 et a pu<br \/>\n\u00e9voluer tranquillement, parce que les m\u00e9docs masquaient<br \/>\ntout\u2026\u00a0\u00bb<\/p>\n<p data-start=\"2283\" data-end=\"2989\">\u00ab\u00a0Vous savez o\u00f9 j&rsquo;ai vu le<br \/>\nplus de drogues dans ma vie ? Dans la mode\u00a0\u00bb, est intervenue<br \/>\nG\u00e9raldine Maillet, avant d&rsquo;en profiter pour redorer l&rsquo;image de<br \/>\nl&rsquo;ancienne \u00e9quipe de TPMP, devenue aujourd&rsquo;hui l&rsquo;\u00e9quipe de TBT9.<br \/>\n\u00ab\u00a0Mais dans l&rsquo;\u00e9cosyst\u00e8me TPMP, moi je n&rsquo;en ai jamais vu\u00a0\u00bb,<br \/>\na-t-elle d\u00e9clar\u00e9, cat\u00e9gorique. Cyril Hanouna, plus honn\u00eate, a<br \/>\nrappel\u00e9 qu&rsquo;ils avaient tout de m\u00eame eu <strong>des chroniqueurs<br \/>\nconsommateurs<\/strong>, comme <strong>Jean-Michel Maire qui l&rsquo;avait<br \/>\navou\u00e9<\/strong>, ou encore plus r\u00e9cemment <a href=\"https:\/\/www.closermag.fr\/people\/matthieu-delormeau-en-garde-a-vue-cest-le-silence-dans-tpmp-ses-ex-collegues-marchent-sur-des-oeufs-3522368\" target=\"_blank\" rel=\"noopener\"><br \/>\nMatthieu Delormeau<\/a>, qui a m\u00eame \u00e9t\u00e9 en garde \u00e0 vue plusieurs<br \/>\nfois \u00e0 ce sujet.\u00a0G\u00e9raldine a alors r\u00e9torqu\u00e9 : \u00ab\u00a0Non, mais physiquement ! Je n\u2019ai jamais vu<br \/>\n<strong>quelqu\u2019un se faire une ligne.<\/strong> Ils l\u2019ont racont\u00e9.<br \/>\nJean-Mi a racont\u00e9, <strong>Benjamin [Castaldi] aussi<\/strong> a<br \/>\nracont\u00e9 qu\u2019un moment donn\u00e9, il en avait pris, avant TPMP&#8230;\u00a0\u00bb<br \/>\nFace \u00e0 ces confidences, Cyril Hanouna a tenu \u00e0 conclure sur une<br \/>\nnote ferme : \u00ab\u00a0Les ch\u00e9ris,<br \/>\nvraiment, essayez de vous amuser sans \u00e7a. Vous rentrez dans un truc<br \/>\nqui va vous envoyer dans le mur, Matthieu nous en a longuement<br \/>\nparl\u00e9, vous n\u2019avez pas besoin de \u00e7a pour vous amuser.\u00a0\u00bb Des<br \/>\nconfidences que les t\u00e9l\u00e9spectateurs sont libres de croire, ou<br \/>\nnon.<\/p>\n<p><script async src=\"https:\/\/platform.twitter.com\/widgets.js\" charset=\"utf-8\"><\/script><\/p>\n","protected":false},"excerpt":{"rendered":"Ce jeudi 18 septembre, Cyril Hanouna \u00e9tait aux commandes d\u2019un nouveau num\u00e9ro de Tout beau tout n9uf sur&hellip;\n","protected":false},"author":2,"featured_media":401618,"comment_status":"","ping_status":"","sticky":false,"template":"","format":"standard","meta":{"footnotes":""},"categories":[1359],"tags":[548,1083,58,59,1011,27,973,22497,49534],"class_list":{"0":"post-401617","1":"post","2":"type-post","3":"status-publish","4":"format-standard","5":"has-post-thumbnail","7":"category-people","8":"tag-article-simple","9":"tag-cyril-hanouna","10":"tag-divertissement","11":"tag-entertainment","12":"tag-fr","13":"tag-france","14":"tag-people","15":"tag-tout-beau","16":"tag-tout-n9uf"},"share_on_mastodon":{"url":"https:\/\/pubeurope.com\/@fr\/115229232500263169","error":""},"_links":{"self":[{"href":"https:\/\/www.europesays.com\/fr\/wp-json\/wp\/v2\/posts\/401617","targetHints":{"allow":["GET"]}}],"collection":[{"href":"https:\/\/www.europesays.com\/fr\/wp-json\/wp\/v2\/posts"}],"about":[{"href":"https:\/\/www.europesays.com\/fr\/wp-json\/wp\/v2\/types\/post"}],"author":[{"embeddable":true,"href":"https:\/\/www.europesays.com\/fr\/wp-json\/wp\/v2\/users\/2"}],"replies":[{"embeddable":true,"href":"https:\/\/www.europesays.com\/fr\/wp-json\/wp\/v2\/comments?post=401617"}],"version-history":[{"count":0,"href":"https:\/\/www.europesays.com\/fr\/wp-json\/wp\/v2\/posts\/401617\/revisions"}],"wp:featuredmedia":[{"embeddable":true,"href":"https:\/\/www.europesays.com\/fr\/wp-json\/wp\/v2\/media\/401618"}],"wp:attachment":[{"href":"https:\/\/www.europesays.com\/fr\/wp-json\/wp\/v2\/media?parent=401617"}],"wp:term":[{"taxonomy":"category","embeddable":true,"href":"https:\/\/www.europesays.com\/fr\/wp-json\/wp\/v2\/categories?post=401617"},{"taxonomy":"post_tag","embeddable":true,"href":"https:\/\/www.europesays.com\/fr\/wp-json\/wp\/v2\/tags?post=401617"}],"curies":[{"name":"wp","href":"https:\/\/api.w.org\/{rel}","templated":true}]}}