{"id":401624,"date":"2025-09-19T05:11:17","date_gmt":"2025-09-19T05:11:17","guid":{"rendered":"https:\/\/www.europesays.com\/fr\/401624\/"},"modified":"2025-09-19T05:11:17","modified_gmt":"2025-09-19T05:11:17","slug":"il-a-fallu-que-jinvente-une-histoire-amir-a-tremble-pour-ses-enfants-et-vice-versa","status":"publish","type":"post","link":"https:\/\/www.europesays.com\/fr\/401624\/","title":{"rendered":"\u201cIl a fallu que j\u2019invente une histoire\u201d : Amir a trembl\u00e9 pour ses enfants, et vice versa"},"content":{"rendered":"<p>Apr\u00e8s la temp\u00eate m\u00e9diatique qui a entour\u00e9 <a href=\"https:\/\/www.closermag.fr\/people\/amir-bloque-en-israel-le-chanteur-a-trouve-le-subterfuge-pour-retrouver-sa-famille-en-france-3557080\" target=\"_blank\" rel=\"noopener\"><br \/>\nla pol\u00e9mique \u00e0 Spa<\/a> et le boycott qui a suivi, <a href=\"https:\/\/www.closermag.fr\/people\/amir-papa-pour-la-troisieme-fois-lital-a-accouche-mais-le-mystere-demeure-3521577\" target=\"_blank\" rel=\"noopener\"><br \/>\nAmir<\/a> a accept\u00e9 de se confier au <a href=\"https:\/\/www.leparisien.fr\/culture-loisirs\/musique\/jai-eu-peur-pour-mes-enfants-amir-se-confie-pour-la-premiere-fois-sur-lappel-au-boycott-de-ses-concerts-16-09-2025-UACCQIB6BZHE5HS5RUZFIWLTKM.php\" target=\"_blank\" rel=\"nofollow noopener\">Parisien<\/a> et de<br \/>\nlivrer <strong>un t\u00e9moignage \u00e0 la fois poignant et lucide<\/strong><br \/>\nsur ce qu\u2019il a travers\u00e9. Le chanteur revient d\u2019abord sur<br \/>\nl\u2019offensive lanc\u00e9e contre lui : \u201cLe boycott artistique est<br \/>\n<strong>un acte l\u00e2che,<\/strong> insens\u00e9, qui va \u00e0 l\u2019encontre du<br \/>\npluralisme, la d\u00e9finition m\u00eame de l\u2019art pour moi. D\u2019autant plus<br \/>\naberrant que les arguments n\u2019ont rien \u00e0 voir avec ce que je fais en<br \/>\ntant qu\u2019artiste, mais avec ma personne, mon pass\u00e9, mon<br \/>\nhistoire\u201d.<\/p>\n<p>Pour appuyer son propos, il \u00e9tablit une comparaison historique<br \/>\nlourde de sens : \u201c\u00c7a m\u2019a rappel\u00e9 des heures sombres. Le nageur<br \/>\nAlfred Nakache que j\u2019ai jou\u00e9 sur sc\u00e8ne a \u00e9t\u00e9 interdit de<br \/>\nChampionnat de France avant d\u2019\u00eatre d\u00e9port\u00e9 quelques semaines plus<br \/>\ntard\u201d. Mais au-del\u00e0 du principe, c\u2019est l\u2019effet concret sur sa<br \/>\nvie priv\u00e9e qui <strong>l\u2019a le plus affect\u00e9<\/strong>. \u201c\u00c0 la<br \/>\ns\u00e9curit\u00e9 de mes enfants par-dessus tout. Je commence \u00e0 m\u2019inqui\u00e9ter<br \/>\npour eux, leur s\u00e9curit\u00e9, puis la mienne, quand je vois l\u2019envergure<br \/>\nque \u00e7a prend\u201d, confie-t-il.<\/p>\n<p>Amir se confie l&rsquo;impact de son boycott sur ses enfants<\/p>\n<p>Entre messages virulents d\u2019anonymes, r\u00e9actions de politiques et<br \/>\nprises de position publiques d\u2019artistes, le <a href=\"https:\/\/www.closermag.fr\/people\/genocide-en-cours-amir-au-coeur-dune-fronde-geante-le-chanteur-se-fait-tout-petit-3564511\" target=\"_blank\" rel=\"noopener\"><br \/>\nchanteur Amir<\/a> d\u00e9crit une pluie <strong>d\u2019insultes et de<br \/>\nmenaces<\/strong> qui a envahi son t\u00e9l\u00e9phone et son quotidien.<br \/>\n\u201cOn m\u2019envoie toutes les deux minutes des messages d\u2019un ministre<br \/>\nqui r\u00e9agit ou d\u2019artistes solidaires de ce boycott, je me prends des<br \/>\nseaux de menaces et d\u2019insultes.\u201d. <strong>Comment prot\u00e9ger les<br \/>\nsiens dans ces conditions ?<\/strong><\/p>\n<p>Le chanteur admet la difficult\u00e9 : \u201cComment je fais pour en<br \/>\nparler \u00e0 mes enfants sans qu\u2019ils ressentent ce qui se passe et en<br \/>\nm\u00eame temps sans leur mentir ?\u201d Sa r\u00e9ponse, simple et<br \/>\nd\u00e9chirante, illustre la mesure des d\u00e9g\u00e2ts psychologiques : \u201cIl<br \/>\na fallu que j\u2019invente une histoire sur des gens qui<br \/>\n<strong>n\u2019aiment pas trop comment papa<br \/>\nchante\u201d.\u00a0<\/strong><\/p>\n<p>Le chanteur souhaite simplement faire<br \/>\nson m\u00e9tier<\/p>\n<p>Une pirouette narrative pour pr\u00e9server l\u2019insouciance des plus<br \/>\njeunes face \u00e0 une actualit\u00e9 toxique. Malgr\u00e9 la col\u00e8re et la peur,<br \/>\n<a href=\"https:\/\/www.closermag.fr\/people\/amir-aux-francofolies-malgre-lappel-au-boycott-le-chanteur-ne-sest-pas-degonfle-3565305\" target=\"_blank\" rel=\"noopener\"><br \/>\nl&rsquo;artiste Amir<\/a> ne se contente pas d\u2019un constat. Il r\u00e9affirme<br \/>\nson attachement \u00e0 la libert\u00e9 artistique et au pluralisme culturel,<br \/>\net son refus de voir sa carri\u00e8re r\u00e9duite \u00e0 une controverse qui,<br \/>\nselon lui, le vise plus en tant qu\u2019homme que comme artiste. Le<br \/>\nchanteur dit vouloir \u201c<strong>continuer \u00e0 faire son<br \/>\nm\u00e9tier\u201d<\/strong> mais \u00e9galement veiller, d\u00e9sormais en<br \/>\npriorit\u00e9, \u00e0 l\u2019\u00e9quilibre familial.<\/p>\n<p>Entre indignation publique et strat\u00e9gies priv\u00e9es pour prot\u00e9ger<br \/>\nses enfants, le t\u00e9moignage d\u2019Amir \u00e9claire une r\u00e9alit\u00e9 contemporaine<br \/>\n: l\u2019onde de choc d\u2019un toll\u00e9 m\u00e9diatique ne touche pas seulement la<br \/>\ncarri\u00e8re d\u2019un artiste, elle bouscule toute sa vie familiale.<\/p>\n","protected":false},"excerpt":{"rendered":"Apr\u00e8s la temp\u00eate m\u00e9diatique qui a entour\u00e9 la pol\u00e9mique \u00e0 Spa et le boycott qui a suivi, Amir&hellip;\n","protected":false},"author":2,"featured_media":401625,"comment_status":"","ping_status":"","sticky":false,"template":"","format":"standard","meta":{"footnotes":""},"categories":[1355],"tags":[33287,548,58,59,1011,27,1361,873],"class_list":{"0":"post-401624","1":"post","2":"type-post","3":"status-publish","4":"format-standard","5":"has-post-thumbnail","7":"category-musique","8":"tag-amir","9":"tag-article-simple","10":"tag-divertissement","11":"tag-entertainment","12":"tag-fr","13":"tag-france","14":"tag-music","15":"tag-musique"},"share_on_mastodon":{"url":"https:\/\/pubeurope.com\/@fr\/115229247721740771","error":""},"_links":{"self":[{"href":"https:\/\/www.europesays.com\/fr\/wp-json\/wp\/v2\/posts\/401624","targetHints":{"allow":["GET"]}}],"collection":[{"href":"https:\/\/www.europesays.com\/fr\/wp-json\/wp\/v2\/posts"}],"about":[{"href":"https:\/\/www.europesays.com\/fr\/wp-json\/wp\/v2\/types\/post"}],"author":[{"embeddable":true,"href":"https:\/\/www.europesays.com\/fr\/wp-json\/wp\/v2\/users\/2"}],"replies":[{"embeddable":true,"href":"https:\/\/www.europesays.com\/fr\/wp-json\/wp\/v2\/comments?post=401624"}],"version-history":[{"count":0,"href":"https:\/\/www.europesays.com\/fr\/wp-json\/wp\/v2\/posts\/401624\/revisions"}],"wp:featuredmedia":[{"embeddable":true,"href":"https:\/\/www.europesays.com\/fr\/wp-json\/wp\/v2\/media\/401625"}],"wp:attachment":[{"href":"https:\/\/www.europesays.com\/fr\/wp-json\/wp\/v2\/media?parent=401624"}],"wp:term":[{"taxonomy":"category","embeddable":true,"href":"https:\/\/www.europesays.com\/fr\/wp-json\/wp\/v2\/categories?post=401624"},{"taxonomy":"post_tag","embeddable":true,"href":"https:\/\/www.europesays.com\/fr\/wp-json\/wp\/v2\/tags?post=401624"}],"curies":[{"name":"wp","href":"https:\/\/api.w.org\/{rel}","templated":true}]}}