{"id":401634,"date":"2025-09-19T05:16:12","date_gmt":"2025-09-19T05:16:12","guid":{"rendered":"https:\/\/www.europesays.com\/fr\/401634\/"},"modified":"2025-09-19T05:16:12","modified_gmt":"2025-09-19T05:16:12","slug":"cette-comete-venue-dailleurs-terrorise-les-astronomes-avec-sa-chimie-impossible-et-divise-la-science-mondiale","status":"publish","type":"post","link":"https:\/\/www.europesays.com\/fr\/401634\/","title":{"rendered":"cette com\u00e8te venue d&rsquo;ailleurs terrorise les astronomes avec sa chimie impossible et divise la science mondiale"},"content":{"rendered":"<tr>\n<td><strong>EN BREF<\/strong><\/td>\n<\/tr>\n<tr>\n<td>\n<ul>\n<li>\ud83c\udf20 La com\u00e8te <strong>3I\/ATLAS<\/strong> est le troisi\u00e8me objet interstellaire d\u00e9tect\u00e9 dans notre syst\u00e8me solaire.<\/li>\n<li>\ud83d\udd2c Sa <strong>composition chimique<\/strong> unique d\u00e9fie les mod\u00e8les astronomiques actuels avec un ratio CO\u2082\/H\u2082O \u00e9lev\u00e9.<\/li>\n<li>\ud83e\ude90 La com\u00e8te suit une <strong>trajectoire hyperbolique<\/strong> et r\u00e9trograde, surprenant les astronomes par son comportement.<\/li>\n<li>\ud83d\ude80 Des hypoth\u00e8ses controvers\u00e9es \u00e9mergent sur l\u2019<strong>origine extraterrestre<\/strong> potentielle de la com\u00e8te, suscitant le d\u00e9bat.<\/li>\n<\/ul>\n<\/td>\n<\/tr>\n<p>La d\u00e9couverte de la com\u00e8te interstellaire 3I\/ATLAS a suscit\u00e9 un vif int\u00e9r\u00eat parmi la communaut\u00e9 scientifique. D\u00e9tect\u00e9e pour la premi\u00e8re fois par le t\u00e9lescope ATLAS en juillet 2025, cette com\u00e8te intrigue par ses caract\u00e9ristiques in\u00e9dites et ses comportements inattendus. Ce ph\u00e9nom\u00e8ne spatial, troisi\u00e8me objet interstellaire confirm\u00e9 \u00e0 traverser notre syst\u00e8me solaire, d\u00e9fie les lois \u00e9tablies par les astronomes. Les particularit\u00e9s de 3I\/ATLAS, tant sur le plan chimique que sur sa trajectoire, la rendent unique et soul\u00e8vent de nombreuses questions au sein de la communaut\u00e9 scientifique internationale. Les chercheurs continuent d\u2019\u00e9tudier cet astre hors du commun pour en comprendre les myst\u00e8res.<\/p>\n<p>Caract\u00e9ristiques uniques de 3I\/ATLAS<\/p>\n<p>La com\u00e8te 3I\/ATLAS pr\u00e9sente une composition chimique qui d\u00e9fie les mod\u00e8les traditionnels. Contrairement aux com\u00e8tes typiques o\u00f9 l\u2019eau pr\u00e9domine, celle-ci poss\u00e8de une chevelure domin\u00e9e par le dioxyde de carbone. Ce ratio CO\u2082\/H\u2082O figure parmi les plus \u00e9lev\u00e9s jamais observ\u00e9s. Cette particularit\u00e9 chimique s\u2019accompagne d\u2019une activit\u00e9 de d\u00e9gazage surprenante. En effet, alors qu\u2019elle \u00e9tait encore \u00e0 3,5 unit\u00e9s astronomiques du Soleil, 3I\/ATLAS a commenc\u00e9 \u00e0 lib\u00e9rer de l\u2019eau, un ph\u00e9nom\u00e8ne inhabituel \u00e0 cette distance.<\/p>\n<p>L\u2019incertitude plane \u00e9galement sur la taille de son noyau. Des observations via le t\u00e9lescope Hubble sugg\u00e8rent un diam\u00e8tre de 5 km, mais d\u2019autres donn\u00e9es \u00e9voquent une taille pouvant atteindre 20 km. Si ce dernier chiffre se confirme, 3I\/ATLAS pourrait devenir le plus grand objet interstellaire jamais observ\u00e9. Ces \u00e9l\u00e9ments font de la com\u00e8te un sujet d\u2019\u00e9tude fascinant pour les astronomes, qui cherchent \u00e0 percer ses secrets.<\/p>\n<blockquote class=\"wp-embedded-content\" data-secret=\"3Lx0ERBdjl\">\n<p><a href=\"https:\/\/www.enviro2b.com\/2025\/09\/17\/le-jour-va-devenir-nuit-a-cette-date-cette-eclipse-solaire-totale-exceptionnelle-qui-fascine-deja-les-astronomes-francais\/\" rel=\"nofollow noopener\" target=\"_blank\">\u00ab\u00a0Le jour va devenir nuit \u00e0 cette date\u00a0\u00bb : cette \u00e9clipse solaire totale exceptionnelle qui fascine d\u00e9j\u00e0 les astronomes fran\u00e7ais<\/a><\/p>\n<\/blockquote>\n<p>Une trajectoire intrigante<\/p>\n<p>3I\/ATLAS suit une trajectoire hyperbolique, indiquant qu\u2019elle n\u2019est pas captur\u00e9e par la gravit\u00e9 solaire. Sa vitesse est impressionnante, atteignant 210 000 km\/h. La com\u00e8te se d\u00e9place de fa\u00e7on r\u00e9trograde, en opposition au mouvement des plan\u00e8tes, tout en restant align\u00e9e avec le plan de l\u2019\u00e9cliptique. Cette configuration est rare pour un objet interstellaire, qui devrait avoir une trajectoire plus al\u00e9atoire.<\/p>\n<p>Des hypoth\u00e8ses \u00e9mergent quant \u00e0 l\u2019anciennet\u00e9 de cet objet. Certains scientifiques sp\u00e9culent qu\u2019elle pourrait \u00eatre plus ancienne que notre syst\u00e8me solaire. Cependant, ces id\u00e9es restent \u00e0 v\u00e9rifier. Les prochains mois s\u2019annoncent cruciaux, avec des observations pr\u00e9vues lors de son passage proche de Mars et du Soleil. La communaut\u00e9 scientifique esp\u00e8re obtenir des donn\u00e9es suppl\u00e9mentaires pour mieux comprendre cette trajectoire atypique.<\/p>\n<blockquote class=\"wp-embedded-content\" data-secret=\"lnmgTM2Vuh\">\n<p><a href=\"https:\/\/www.enviro2b.com\/2025\/06\/15\/une-cousine-lointaine-de-la-terre-cette-exoplanete-decouverte-dans-une-zone-habitable-intrigue-les-astronomes-du-monde-entier\/\" rel=\"nofollow noopener\" target=\"_blank\">\u00ab Une cousine lointaine de la Terre \u00bb : cette exoplan\u00e8te d\u00e9couverte dans une zone habitable intrigue les astronomes du monde entier<\/a><\/p>\n<\/blockquote>\n<p>Controverses et hypoth\u00e8ses autour de la com\u00e8te<\/p>\n<p>La com\u00e8te 3I\/ATLAS ne cesse de provoquer des d\u00e9bats. Dans un article controvers\u00e9, le Dr Avi Loeb a sugg\u00e9r\u00e9 que la com\u00e8te pourrait \u00eatre d\u2019origine extraterrestre. Cette th\u00e9orie a \u00e9t\u00e9 vivement critiqu\u00e9e par d\u2019autres astrophysiciens, dont Chris Lintott de l\u2019universit\u00e9 d\u2019Oxford, qui consid\u00e8re cette id\u00e9e comme une insulte aux recherches actuelles.<\/p>\n<p>Malgr\u00e9 ces controverses, la com\u00e8te offre aux scientifiques une occasion unique d\u2019\u00e9tudier un objet interstellaire. Les prochains mois seront d\u00e9terminants pour d\u00e9m\u00ealer le vrai du faux concernant ses caract\u00e9ristiques et ses origines. La communaut\u00e9 scientifique reste divis\u00e9e, mais l\u2019int\u00e9r\u00eat pour 3I\/ATLAS ne faiblit pas.<\/p>\n<p>Prochaines \u00e9tapes de l\u2019observation<\/p>\n<p>Le mois d\u2019octobre offrira des opportunit\u00e9s d\u2019observation uniques pour les astronomes. La com\u00e8te s\u2019approchera de Mars, permettant ainsi des observations plus d\u00e9taill\u00e9es. Vers la fin du mois, elle passera pr\u00e8s du Soleil, rendant son observation depuis la Terre temporairement impossible. Elle r\u00e9appara\u00eetra d\u00e9but d\u00e9cembre, atteignant son point le plus proche de notre plan\u00e8te le 19 d\u00e9cembre.<\/p>\n<p>Cette p\u00e9riode sera cruciale pour les scientifiques qui esp\u00e8rent recueillir des donn\u00e9es pr\u00e9cieuses. Les t\u00e9lescopes du monde entier se pr\u00e9parent \u00e0 capter ces moments afin de mieux comprendre l\u2019objet. La question demeure : quelles d\u00e9couvertes \u00e9mergeront de cet \u00e9v\u00e9nement interstellaire exceptionnel ?<\/p>\n<p>La com\u00e8te interstellaire 3I\/ATLAS continue de captiver les esprits par ses caract\u00e9ristiques hors du commun et ses comportements impr\u00e9visibles. Alors que les scientifiques s\u2019appr\u00eatent \u00e0 tirer parti des prochaines fen\u00eatres d\u2019observation, beaucoup de questions restent en suspens. Quelle est l\u2019origine exacte de cette com\u00e8te ? Et surtout, quelles nouvelles informations sur notre univers pourra-t-elle r\u00e9v\u00e9ler ?<\/p>\n<p>Cet article s\u2019appuie sur des sources v\u00e9rifi\u00e9es et l\u2019assistance de technologies \u00e9ditoriales.<\/p>\n<p id=\"rating\">\u00c7a vous a plu ?\u00a04.4\/5 (29)<\/p>\n","protected":false},"excerpt":{"rendered":"EN BREF \ud83c\udf20 La com\u00e8te 3I\/ATLAS est le troisi\u00e8me objet interstellaire d\u00e9tect\u00e9 dans notre syst\u00e8me solaire. \ud83d\udd2c Sa&hellip;\n","protected":false},"author":2,"featured_media":401635,"comment_status":"","ping_status":"","sticky":false,"template":"","format":"standard","meta":{"footnotes":""},"categories":[7],"tags":[1011,27,43,40,41,39,42,44],"class_list":{"0":"post-401634","1":"post","2":"type-post","3":"status-publish","4":"format-standard","5":"has-post-thumbnail","7":"category-sciences-et-technologies","8":"tag-fr","9":"tag-france","10":"tag-science","11":"tag-science-and-technology","12":"tag-sciences","13":"tag-sciences-et-technologies","14":"tag-technologies","15":"tag-technology"},"share_on_mastodon":{"url":"https:\/\/pubeurope.com\/@fr\/115229267685959387","error":""},"_links":{"self":[{"href":"https:\/\/www.europesays.com\/fr\/wp-json\/wp\/v2\/posts\/401634","targetHints":{"allow":["GET"]}}],"collection":[{"href":"https:\/\/www.europesays.com\/fr\/wp-json\/wp\/v2\/posts"}],"about":[{"href":"https:\/\/www.europesays.com\/fr\/wp-json\/wp\/v2\/types\/post"}],"author":[{"embeddable":true,"href":"https:\/\/www.europesays.com\/fr\/wp-json\/wp\/v2\/users\/2"}],"replies":[{"embeddable":true,"href":"https:\/\/www.europesays.com\/fr\/wp-json\/wp\/v2\/comments?post=401634"}],"version-history":[{"count":0,"href":"https:\/\/www.europesays.com\/fr\/wp-json\/wp\/v2\/posts\/401634\/revisions"}],"wp:featuredmedia":[{"embeddable":true,"href":"https:\/\/www.europesays.com\/fr\/wp-json\/wp\/v2\/media\/401635"}],"wp:attachment":[{"href":"https:\/\/www.europesays.com\/fr\/wp-json\/wp\/v2\/media?parent=401634"}],"wp:term":[{"taxonomy":"category","embeddable":true,"href":"https:\/\/www.europesays.com\/fr\/wp-json\/wp\/v2\/categories?post=401634"},{"taxonomy":"post_tag","embeddable":true,"href":"https:\/\/www.europesays.com\/fr\/wp-json\/wp\/v2\/tags?post=401634"}],"curies":[{"name":"wp","href":"https:\/\/api.w.org\/{rel}","templated":true}]}}