{"id":401647,"date":"2025-09-19T05:23:12","date_gmt":"2025-09-19T05:23:12","guid":{"rendered":"https:\/\/www.europesays.com\/fr\/401647\/"},"modified":"2025-09-19T05:23:12","modified_gmt":"2025-09-19T05:23:12","slug":"saint-avold-les-prepas-medecine-seduisent-davantage-et-les-lyceens-se-renseignent-plus-tot","status":"publish","type":"post","link":"https:\/\/www.europesays.com\/fr\/401647\/","title":{"rendered":"Saint-Avold. Les pr\u00e9pas m\u00e9decine s\u00e9duisent davantage et les lyc\u00e9ens se renseignent plus t\u00f4t"},"content":{"rendered":"<p>Pour r\u00e9ussir, il suffit de travailler, dit-on, mais encore faut-il savoir comment. Les classes pr\u00e9paratoires poussent \u00e0 apprendre et les r\u00e9formes se suivent mais ne se ressemblent pas. En m\u00e9decine, les \u00e9tudiants sont habitu\u00e9s \u00e0 vivre avec ce climat d\u2019incertitude permanent, v\u00e9ritable \u00c9p\u00e9e de Damocl\u00e8s qui plane au-dessus de leurs t\u00eates.<\/p>\n<p>Mais s\u2019il y a bien une constante dans l\u2019\u00e9quation, c\u2019est la charge de travail. \u00ab\u00a0La premi\u00e8re ann\u00e9e de m\u00e9decine, ce sont 8 mois de privations pour une vie de plaisir et de passion\u00a0\u00bb, r\u00e9sume Maxime Zeghouani. Le jeune&#8230;<\/p>\n","protected":false},"excerpt":{"rendered":"Pour r\u00e9ussir, il suffit de travailler, dit-on, mais encore faut-il savoir comment. Les classes pr\u00e9paratoires poussent \u00e0 apprendre&hellip;\n","protected":false},"author":2,"featured_media":401648,"comment_status":"","ping_status":"","sticky":false,"template":"","format":"standard","meta":{"footnotes":""},"categories":[9635],"tags":[1111,11,4406,33,15835,1057,4854,1777,674,10961,5016,1011,27,775,1702,12,25,42056,42057],"class_list":{"0":"post-401647","1":"post","2":"type-post","3":"status-publish","4":"format-standard","5":"has-post-thumbnail","7":"category-nancy","8":"tag-actu","9":"tag-actualites","10":"tag-commerce-et-services","11":"tag-economie","12":"tag-edition-saint-avold-creutzwald","13":"tag-education","14":"tag-enseignement-superieur","15":"tag-eu","16":"tag-europe","17":"tag-examen-diplome","18":"tag-formation-orientation","19":"tag-fr","20":"tag-france","21":"tag-grand-est","22":"tag-nancy","23":"tag-news","24":"tag-republique-francaise","25":"tag-saint-avold","26":"tag-saint-avold-ville-57e"},"share_on_mastodon":{"url":"https:\/\/pubeurope.com\/@fr\/115229294751061927","error":""},"_links":{"self":[{"href":"https:\/\/www.europesays.com\/fr\/wp-json\/wp\/v2\/posts\/401647","targetHints":{"allow":["GET"]}}],"collection":[{"href":"https:\/\/www.europesays.com\/fr\/wp-json\/wp\/v2\/posts"}],"about":[{"href":"https:\/\/www.europesays.com\/fr\/wp-json\/wp\/v2\/types\/post"}],"author":[{"embeddable":true,"href":"https:\/\/www.europesays.com\/fr\/wp-json\/wp\/v2\/users\/2"}],"replies":[{"embeddable":true,"href":"https:\/\/www.europesays.com\/fr\/wp-json\/wp\/v2\/comments?post=401647"}],"version-history":[{"count":0,"href":"https:\/\/www.europesays.com\/fr\/wp-json\/wp\/v2\/posts\/401647\/revisions"}],"wp:featuredmedia":[{"embeddable":true,"href":"https:\/\/www.europesays.com\/fr\/wp-json\/wp\/v2\/media\/401648"}],"wp:attachment":[{"href":"https:\/\/www.europesays.com\/fr\/wp-json\/wp\/v2\/media?parent=401647"}],"wp:term":[{"taxonomy":"category","embeddable":true,"href":"https:\/\/www.europesays.com\/fr\/wp-json\/wp\/v2\/categories?post=401647"},{"taxonomy":"post_tag","embeddable":true,"href":"https:\/\/www.europesays.com\/fr\/wp-json\/wp\/v2\/tags?post=401647"}],"curies":[{"name":"wp","href":"https:\/\/api.w.org\/{rel}","templated":true}]}}