{"id":401661,"date":"2025-09-19T05:33:10","date_gmt":"2025-09-19T05:33:10","guid":{"rendered":"https:\/\/www.europesays.com\/fr\/401661\/"},"modified":"2025-09-19T05:33:10","modified_gmt":"2025-09-19T05:33:10","slug":"grenoble-les-cinq-sorties-a-ne-pas-louper-pour-les-journees-europeennes-du-patrimoine","status":"publish","type":"post","link":"https:\/\/www.europesays.com\/fr\/401661\/","title":{"rendered":"Grenoble. Les cinq sorties \u00e0 ne pas louper pour les Journ\u00e9es europ\u00e9ennes du patrimoine"},"content":{"rendered":"<p>            Par<br \/>\n        <strong><br \/>\n            <a href=\"https:\/\/actu.fr\/auteur\/redaction-grenoble\" title=\"Consulter tous les articles de R\u00e9daction Grenoble\" target=\"_blank\" rel=\"noopener\">R\u00e9daction Grenoble<\/a><br \/>\n        <\/strong><\/p>\n<p>        Publi\u00e9 le<\/p>\n<p>            19 sept. 2025 \u00e0 6h16        <\/p>\n<p>Culture, arts et patrimoine : du vendredi 19 au dimanche 21 septembre, des lieux historiques et embl\u00e9matiques de <a href=\"https:\/\/actu.fr\/auvergne-rhone-alpes\/grenoble_38185\" target=\"_blank\" rel=\"noopener\">Grenoble<\/a> ouvrent leurs portes aux visiteurs pour les <strong>Journ\u00e9es europ\u00e9ennes du patrimoine<\/strong>.<br \/>Pour l\u2019occasion, la r\u00e9daction d\u2019actu Grenoble vous a fait une s\u00e9lection des sorties et visites gratuites \u00e0 ne pas manquer dans la capitale des Alpes.<\/p>\n<p>Dans les coulisses de la mairie<\/p>\n<p class=\" wall-content\">Il s\u2019\u00e9l\u00e8ve depuis 1967 sur le boulevard Jean-Pain : <strong>l\u2019H\u00f4tel de Ville<\/strong> de Grenoble est un b\u00e2timent labellis\u00e9 \u201cArchitecture contemporaine remarquable\u201d et prot\u00e9g\u00e9 au titre des Monuments historiques depuis 2023.<\/p>\n<p class=\" wall-content\">Pour les Journ\u00e9es europ\u00e9ennes du patrimoine, les visiteurs vont avoir acc\u00e8s \u00e0 une visite guid\u00e9e des espaces en rez-de-chauss\u00e9e pour d\u00e9couvrir l\u2019architecture particuli\u00e8re des lieux, ainsi que le mobilier et \u0153uvres d\u2019art pr\u00e9sents. Un arr\u00eat dans la nouvelle salle du conseil municipal et dans le bureau du maire est \u00e9galement pr\u00e9vu.<\/p>\n<p>R\u00e9servation obligatoire sur le site de l\u2019Office de tourisme. Rendez-vous est donn\u00e9 au pied des marches, c\u00f4t\u00e9 parc Paul-Mistral.\u00a0<\/p>\n<p>Transports gratuits toute la journ\u00e9e de dimanche<\/p>\n<p>Le SMMAG a indiqu\u00e9 qu&rsquo;\u00e0 l&rsquo;occasion des Journ\u00e9es europ\u00e9ennes du patrimoine, \u00ab\u00a0dimanche 21 septembre, l\u2019ensemble des bus et tramways MR\u00e9so sera exceptionnellement en libre acc\u00e8s toute la journ\u00e9e sur le Pays Voironnais, le Gr\u00e9sivaudan et Grenoble Alpes M\u00e9tropole\u00a0\u00bb. <br \/>Les horaires de circulation restent inchang\u00e9es pour la journ\u00e9e.<\/p>\n<p>Le chantier pharaonique de la Tour Perret<\/p>\n<p class=\" wall-content\">Avec la Bastille, la <a href=\"https:\/\/actu.fr\/auvergne-rhone-alpes\/grenoble_38185\/grenoble-connaissez-vous-l-histoire-de-la-mythique-tour-perret_60286573.html\" target=\"_blank\" rel=\"noopener\">Tour Perret<\/a> est l\u2019un des monuments embl\u00e9matiques de Grenoble. Les portes du chantier s\u2019ouvrent au grand public le temps d\u2019un week-end, pour (re)d\u00e9couvrir l\u2019histoire de la tour en b\u00e9ton arm\u00e9, haute de 90 m\u00e8tres, qui vient de f\u00eater son 100e anniversaire.<\/p>\n<p class=\" wall-content\">L\u2019occasion aussi d\u2019observer de plus pr\u00e8s le travail de restauration r\u00e9alis\u00e9 par les artisans depuis plusieurs mois, avant sa r\u00e9ouverture annonc\u00e9e au printemps 2026.<\/p>\n<p>Votre r\u00e9gion, votre actu !<\/p>\n<p>Recevez chaque jour les infos qui comptent pour vous.<\/p>\n<p>\t<a href=\"https:\/\/actu.fr\/newsletter\" class=\"ac-btn ac-btn--corner ac-btn--medium ac-btn--blue800\" target=\"_blank\" rel=\"noopener\">S&rsquo;incrire<\/a><\/p>\n<p>R\u00e9servation obligatoire sur le site de l\u2019Office de tourisme. Rendez-vous est donn\u00e9 devant le portillon de la palissade.<\/p>\n<p>Ce b\u00e2timent place de Verdun exceptionnellement ouvert<\/p>\n<p class=\" wall-content\">L\u2019immense b\u00e2timent place de Verdun, en face de la pr\u00e9fecture, est habituellement ferm\u00e9 au public. Pour le week-end, <strong>l\u2019H\u00f4tel des Troupes de montagne<\/strong> ouvre exceptionnellement ses portes au public.<\/p>\n<p>    <a href=\"https:\/\/www.google.com\/maps\/embed?pb=!1m18!1m12!1m3!1d1182.2511772897005!2d5.730635929422566!3d45.189464128592014!2m3!1f0!2f0!3f0!3m2!1i1024!2i768!4f13.1!3m3!1m2!1s0x478af48b444d568b%3A0x396e553c98485de9!2sHotel%20Des%20Troupes%20De%20Montagne!5e0!3m2!1sfr!2sfr!4v1758030123133!5m2!1sfr!2sfr\" title=\"Ouvrie le lien\" target=\"_blank\" rel=\"noopener\">Cliquez ici pour visualiser le contenu<\/a><\/p>\n<p class=\" wall-content\">Les visiteurs sont invit\u00e9s \u00e0 d\u00e9ambuler librement entre les diff\u00e9rentes pi\u00e8ces de r\u00e9ception ouvertes pour d\u00e9couvrir l\u2019histoire de la 27e brigade d\u2019infanterie de montagne, compos\u00e9e de soldats de montagne, d\u2019artilleurs ou de chasseurs alpins. Une exposition des derni\u00e8res \u0153uvres du mus\u00e9e des Troupes de montagne va \u00e9galement \u00eatre propos\u00e9e.<\/p>\n<p>Entr\u00e9e libre. Ouverture de 10 heures \u00e0 17 heures samedi et dimanche. Pr\u00e9sentation d\u2019une pi\u00e8ce d\u2019identit\u00e9 obligatoire.<\/p>\n<p>Au c\u0153ur du futur si\u00e8ge m\u00e9tropolitain<\/p>\n<p class=\" wall-content\">Grenoble-Alpes M\u00e9tropole ouvre aussi les portes d\u2019une partie de ses \u00e9quipements pour des visites guid\u00e9es lors des Journ\u00e9es du patrimoine. C\u2019est notamment le cas du chantier de son <a href=\"https:\/\/actu.fr\/auvergne-rhone-alpes\/grenoble_38185\/grenoble-un-chantier-titanesque-qui-explose-le-budget-la-metropole-justifie-ses-travaux_62921944.html\" target=\"_blank\" rel=\"noopener\">futur si\u00e8ge m\u00e9tropolitain<\/a>, en face du stade des Alpes.\u00a0<\/p>\n<p class=\" wall-content\">Le b\u00e2timent est en cours de r\u00e9habilitation et doit devenir \u00ab\u00a0exemplaire du point de vue environnemental\u00a0\u00bb. Attention, pour des questions de s\u00e9curit\u00e9, la visite n\u2019est accessible qu\u2019\u00e0 partir de 6 ans.<\/p>\n<p>R\u00e9servation obligatoire sur le site de la M\u00e9tropole. Rendez-vous rue de Malakoff, au d\u00e9but de l\u2019avenue de Valmy.<\/p>\n<p>Dans les entrailles du t\u00e9l\u00e9ph\u00e9rique de la Bastille<\/p>\n<p class=\" wall-content\">C\u2019est l\u2019une des attractions phares de Grenoble. Le <a href=\"https:\/\/actu.fr\/auvergne-rhone-alpes\/grenoble_38185\/grenoble-les-bulles-du-telepherique-de-la-bastille-evacuees-decouvrez-les-images_62444043.html\" target=\"_blank\" rel=\"noopener\">t\u00e9l\u00e9ph\u00e9rique de la Bastille<\/a> et ses cabines bulles d\u00e9voilent ses coulisses au cours d\u2019une visite guid\u00e9e de l\u2019atelier, place Tournadre, accompagn\u00e9 du chef d\u2019exploitation de la remont\u00e9e m\u00e9canique.<\/p>\n<p class=\" wall-content\">L\u2019occasion de d\u00e9couvrir l\u2019envers du d\u00e9cor, d\u2019observer de plus pr\u00e8s la m\u00e9canique du t\u00e9l\u00e9ph\u00e9rique et d\u2019en apprendre davantage sur l\u2019entretien des bulles.<\/p>\n<p>R\u00e9servation obligatoire \u00e0 <a href=\"https:\/\/actu.fr\/cdn-cgi\/l\/email-protection\" class=\"__cf_email__\" data-cfemail=\"4f262120290f2d2e3c3b2623232a62283d2a21202d232a612c2022\" target=\"_blank\" rel=\"noopener\">[email\u00a0protected]<\/a>. Visites le samedi et dimanche \u00e0 9h30 et 10h30. Gratuit sur pr\u00e9sentation d\u2019un ticket de t\u00e9l\u00e9ph\u00e9rique dat\u00e9 du jour de visite.\u00a0<\/p>\n<p class=\" wall-content\">Personnalisez votre actualit\u00e9 en ajoutant vos villes et m\u00e9dias en favori avec <a href=\"https:\/\/moncompte.actu.fr\" title=\"D\u00e9couvez Mon Actu\" rel=\"nofollow noopener\" data-trk=\"{&quot;cta&quot;:{&quot;action&quot;:&quot;https:\\\/\\\/moncompte.actu.fr&quot;,&quot;category&quot;:&quot;mon compte&quot;,&quot;from&quot;:&quot;article footer&quot;,&quot;name&quot;:&quot;Mon actu&quot;,&quot;type&quot;:&quot;cta&quot;}}\" target=\"_blank\">Mon Actu<\/a>.<\/p>\n","protected":false},"excerpt":{"rendered":"Par R\u00e9daction Grenoble Publi\u00e9 le 19 sept. 2025 \u00e0 6h16 Culture, arts et patrimoine : du vendredi 19&hellip;\n","protected":false},"author":2,"featured_media":401662,"comment_status":"","ping_status":"","sticky":false,"template":"","format":"standard","meta":{"footnotes":""},"categories":[9566],"tags":[1111,11,2430,1777,674,1011,27,2731,19692,47275,1652,12,25],"class_list":{"0":"post-401661","1":"post","2":"type-post","3":"status-publish","4":"format-standard","5":"has-post-thumbnail","7":"category-grenoble","8":"tag-actu","9":"tag-actualites","10":"tag-auvergne-rhone-alpes","11":"tag-eu","12":"tag-europe","13":"tag-fr","14":"tag-france","15":"tag-grenoble","16":"tag-grenoble-alpes-metropole","17":"tag-journees-europeennes-du-patrimoine","18":"tag-loisirs-culture","19":"tag-news","20":"tag-republique-francaise"},"share_on_mastodon":{"url":"https:\/\/pubeurope.com\/@fr\/115229334911014233","error":""},"_links":{"self":[{"href":"https:\/\/www.europesays.com\/fr\/wp-json\/wp\/v2\/posts\/401661","targetHints":{"allow":["GET"]}}],"collection":[{"href":"https:\/\/www.europesays.com\/fr\/wp-json\/wp\/v2\/posts"}],"about":[{"href":"https:\/\/www.europesays.com\/fr\/wp-json\/wp\/v2\/types\/post"}],"author":[{"embeddable":true,"href":"https:\/\/www.europesays.com\/fr\/wp-json\/wp\/v2\/users\/2"}],"replies":[{"embeddable":true,"href":"https:\/\/www.europesays.com\/fr\/wp-json\/wp\/v2\/comments?post=401661"}],"version-history":[{"count":0,"href":"https:\/\/www.europesays.com\/fr\/wp-json\/wp\/v2\/posts\/401661\/revisions"}],"wp:featuredmedia":[{"embeddable":true,"href":"https:\/\/www.europesays.com\/fr\/wp-json\/wp\/v2\/media\/401662"}],"wp:attachment":[{"href":"https:\/\/www.europesays.com\/fr\/wp-json\/wp\/v2\/media?parent=401661"}],"wp:term":[{"taxonomy":"category","embeddable":true,"href":"https:\/\/www.europesays.com\/fr\/wp-json\/wp\/v2\/categories?post=401661"},{"taxonomy":"post_tag","embeddable":true,"href":"https:\/\/www.europesays.com\/fr\/wp-json\/wp\/v2\/tags?post=401661"}],"curies":[{"name":"wp","href":"https:\/\/api.w.org\/{rel}","templated":true}]}}