{"id":401663,"date":"2025-09-19T05:34:20","date_gmt":"2025-09-19T05:34:20","guid":{"rendered":"https:\/\/www.europesays.com\/fr\/401663\/"},"modified":"2025-09-19T05:34:20","modified_gmt":"2025-09-19T05:34:20","slug":"apres-le-reveil-poussif-de-grenoble-une-4eme-journee-sous-tension-attend-les-grosses-ecuries-de-pro-d2","status":"publish","type":"post","link":"https:\/\/www.europesays.com\/fr\/401663\/","title":{"rendered":"Apr\u00e8s le r\u00e9veil poussif de Grenoble, une 4\u00e8me journ\u00e9e sous tension attend les grosses \u00e9curies de Pro D2"},"content":{"rendered":"<p>Grenoble s\u2019est extirp\u00e9 du pi\u00e8ge tendu par Nevers jeudi soir, mais sans vraiment rassurer. Ce vendredi, la suite de la 4e journ\u00e9e de <a href=\"https:\/\/www.xvovalie.com\/pro-d2\/\" rel=\"nofollow noopener\" target=\"_blank\">Pro D2<\/a> propose un programme copieux : <a data-ilj-link-preview=\"true\" data-excerpt=\"Le club de rugby de Brive, \u00e9galement connu sous le nom de CAB (Club Athl\u00e9tique Brive), est bas\u00e9 \u00e0 Brive-la-Gaillarde, dans le d\u00e9partement de la Corr\u00e8ze en France. Fond\u00e9 en 1910, le club est reconnu pour son histoire et sa tradition, avec notamment une victoire en 1997 en Coupe d&#039;Europe des clubs champions.&#013;&#010;&#013;&#010;Le club a \u00e9galement remport\u00e9 le championnat de France de rugby \u00e0 XV \u00e0 deux reprises, en 1949 et en 1998.\" href=\"https:\/\/www.xvovalie.com\/brive\/\" rel=\"nofollow noopener\" target=\"_blank\">Brive<\/a> en d\u00e9placement \u00e0 <a href=\"https:\/\/www.xvovalie.com\/tag\/bopb\/\" rel=\"nofollow noopener\" target=\"_blank\">Biarritz<\/a>, Vannes qui re\u00e7oit Provence, <a href=\"https:\/\/www.xvovalie.com\/tag\/colomiers-rugby\/\" rel=\"nofollow noopener\" target=\"_blank\">Colomiers<\/a> face \u00e0 Aurillac, ou encore <a data-ilj-link-preview=\"true\" data-excerpt=\"L&#039;Union Sportive Oyonnax Rugby, fond\u00e9e en 1909, est un club de rugby qui \u00e9volue Top 14.&#013;&#010;Staff et pr\u00e9sidence :&#013;&#010;&#013;&#010; &#009;Pr\u00e9sident : Dougal Bendjaballah&#013;&#010; &#009;Entra\u00eeneur : Joe El Abd&#013;&#010; &#009;Vincent Debaty (m\u00eal\u00e9e)&#013;&#010; &#009;Dewald Senekal (touche)&#013;&#010; &#009;Fabien Cibray (attaque)&#013;&#010;&#013;&#010;Palmar\u00e8s d&#039;Oyonnax :&#013;&#010;&#013;&#010;&#013;&#010;&#013;&#010;Comp\u00e9tition&#013;&#010;Titre \/ Distinction&#013;&#010;Ann\u00e9es&#013;&#010;&#013;&#010;&#013;&#010;Championnat de France de Pro D2&#013;&#010;Champion&#013;&#010;2013, 2017, 2023&#013;&#010;&#013;&#010;&#013;&#010;Vice-champion&#013;&#010;1967&#013;&#010;&#013;&#010;&#013;&#010;Championnat de France de F\u00e9d\u00e9rale 1&#013;&#010;Champion&#013;&#010;2001&#013;&#010;&#013;&#010;&#013;&#010;Vice-champion&#013;&#010;2003&#013;&#010;&#013;&#010;&#013;&#010;Championnat de France groupe B&#013;&#010;Vice-champion&#013;&#010;1992\" href=\"https:\/\/www.xvovalie.com\/oyonnax\/\" rel=\"nofollow noopener\" target=\"_blank\">Oyonnax<\/a> \u00e0 Dax. Entre ambitions de mont\u00e9e, gestion des effectifs et lutte pour rester coll\u00e9 au bon wagon, <strong>chaque match p\u00e8se d\u00e9j\u00e0 lourd<\/strong>.<\/p>\n<p>L\u2019essentiel<\/p>\n<ul class=\"wp-block-list\">\n<li><strong><a href=\"https:\/\/www.xvovalie.com\/tag\/fcg\/\" rel=\"nofollow noopener\" target=\"_blank\">Grenoble<\/a> gagne mais peine encore \u00e0 convaincre<\/strong> : Le FCG s\u2019impose (20-17) face \u00e0 une \u00e9quipe de <a href=\"https:\/\/www.xvovalie.com\/tag\/uson-nevers\/\" rel=\"nofollow noopener\" target=\"_blank\">Nevers<\/a> accrocheuse et bien organis\u00e9e. Un essai encaiss\u00e9 apr\u00e8s la sir\u00e8ne vient ternir le tableau.<\/li>\n<li><strong>Brive, <a data-ilj-link-preview=\"true\" data-excerpt=\"Fond\u00e9 en 1950, le RC Vannes a gravi les \u00e9chelons pour atteindre l&#039;\u00e9lite du rugby fran\u00e7ais. Le club, qui \u00e9volue d\u00e9sormais en Top 14, incarne l&#039;ambition et la pers\u00e9v\u00e9rance du rugby breton.&#013;&#010;Staff et pr\u00e9sidence :&#013;&#010;&#013;&#010; &#009;Pr\u00e9sident : Olivier Cloarec&#013;&#010; &#009;Entra\u00eeneur : Jean-No\u00ebl Spitzer (manager g\u00e9n\u00e9ral)&#013;&#010; &#009;Entra\u00eeneurs adjoints : Pierre Venayre (arri\u00e8res), St\u00e9phane Trainini (avants), Tom Smith (comp\u00e9tences sp\u00e9cifiques)&#013;&#010;&#013;&#010;Palmar\u00e8s du RC Vannes&#013;&#010;&#013;&#010;&#013;&#010;&#013;&#010;Comp\u00e9tition&#013;&#010;Titres&#013;&#010;Ann\u00e9es des victoires&#013;&#010;&#013;&#010;&#013;&#010;&#013;&#010;&#013;&#010;Championnat de France F\u00e9d\u00e9rale 1&#013;&#010;1&#013;&#010;2016&#013;&#010;&#013;&#010;&#013;&#010;Championnat de Pro D2&#013;&#010;1&#013;&#010;2024 (accession en Top 14)\" href=\"https:\/\/www.xvovalie.com\/tag\/rc-vannes\/\" rel=\"nofollow noopener\" target=\"_blank\">Vannes<\/a>, Oyonnax, Agen\u2026 les gros sortent ce soir<\/strong> : Tous les pr\u00e9tendants au Top 14 sont sur le pont ce vendredi avec des d\u00e9placements parfois pi\u00e9geux. Aucun droit \u00e0 l\u2019erreur.<\/li>\n<li><strong>Les compos ont tourn\u00e9 fort<\/strong> : Brive (13 changements), Oyonnax, Colomiers, Soyaux-Angoul\u00eame, Carcassonne\u2026 Plusieurs staffs ont fait tourner presque int\u00e9gralement leurs XV de d\u00e9part.<\/li>\n<li><strong>La hi\u00e9rarchie peut basculer<\/strong> : Cette soir\u00e9e pourrait propulser Brive ou Vannes en t\u00eate, ou enfoncer des \u00e9quipes d\u00e9j\u00e0 sous pression comme Carcassonne, Biarritz ou le <a href=\"https:\/\/www.xvovalie.com\/tag\/sa-xv\/\" rel=\"nofollow noopener\" target=\"_blank\">SA XV<\/a>.<\/li>\n<\/ul>\n<p>Grenoble \u2013 Nevers : une victoire qui n\u2019efface pas tous les doutes<\/p>\n<p>En ouverture de cette 4e journ\u00e9e, <strong>Grenoble<\/strong> devait absolument r\u00e9agir apr\u00e8s avoir pris l\u2019eau \u00e0 <a href=\"https:\/\/www.xvovalie.com\/tag\/su-agen\/\" rel=\"nofollow noopener\" target=\"_blank\">Agen<\/a> la semaine pr\u00e9c\u00e9dente (38-20). Sur la pelouse du <strong>stade des Alpes<\/strong>, les Is\u00e9rois ont montr\u00e9 une meilleure tenue d\u00e9fensive et plus de s\u00e9rieux dans l\u2019engagement. Mais tout n\u2019a pas \u00e9t\u00e9 corrig\u00e9.<\/p>\n<p>Un premier essai en sup\u00e9riorit\u00e9 num\u00e9rique pour <strong>Bastien Soury<\/strong> apr\u00e8s un maul (23e) et un deuxi\u00e8me en fin de match pour <strong>Barnab\u00e9 <a href=\"https:\/\/www.xvovalie.com\/tag\/baptiste-couilloud\/\" rel=\"nofollow noopener\" target=\"_blank\">Couilloud<\/a><\/strong> apr\u00e8s une relance bien construite (68e) ont suffi. Enfin, presque. Car <strong>Jules Bousquet<\/strong>, entr\u00e9 en jeu, a sauv\u00e9 le bonus d\u00e9fensif pour Nevers dans les arr\u00eats de jeu. \u00c0 la 83e minute.<\/p>\n<p>Le FCG s\u2019impose (20-17), mais laisse encore filer des points, comme trop souvent. Le groupe reste f\u00e9brile en fin de match et a souffert dans les zones de combat malgr\u00e9 une conqu\u00eate solide.<\/p>\n<p><strong>Nevers<\/strong>, de son c\u00f4t\u00e9, n\u2019a pas d\u00e9m\u00e9rit\u00e9. Bien en place d\u00e9fensivement, agressif dans les rucks et capable de belles s\u00e9quences derri\u00e8re avec <strong>Turner<\/strong> et <strong>Ragoevi<\/strong>, l\u2019USON confirme qu\u2019elle a le profil pour rester dans le top 6 toute la saison.<\/p>\n<p>Les chiffres \u00e0 retenir :<\/p>\n<ul class=\"wp-block-list\">\n<li>13 points pour Grenoble, leader provisoire.<\/li>\n<li>Nevers suit avec 10 points et un bonus m\u00e9rit\u00e9.<\/li>\n<li>9 p\u00e9nalit\u00e9s conc\u00e9d\u00e9es par le FCG en premi\u00e8re p\u00e9riode.<\/li>\n<li>Couilloud, Cl\u00e9ment, Palmier en forme c\u00f4t\u00e9 grenoblois ; Turner et Bousquet tr\u00e8s en vue \u00e0 Nevers.<\/li>\n<\/ul>\n<p>Brive \u00e0 Biarritz : un choc qui peut faire basculer la t\u00eate du classement<\/p>\n<p><strong>Brive<\/strong>, c\u2019est du s\u00e9rieux cette saison. Trois matchs, trois performances convaincantes, une m\u00eal\u00e9e qui avance, un <a data-ilj-link-preview=\"true\" data-excerpt=\"D\u00e9couvrez ici tous les mouvements d&#039;effectif, en Top 14, en Pro D2 ou au niveau international.\" href=\"https:\/\/www.xvovalie.com\/effectif\/\" rel=\"nofollow noopener\" target=\"_blank\">effectif<\/a> taill\u00e9 pour le Top 14\u2026 et ce soir, un test \u00e0 <strong>Aguilera<\/strong> contre un <strong>Biarritz<\/strong> en reconstruction.<\/p>\n<p>Le staff corr\u00e9zien a sorti les cadres : <strong>Mikautadze, Stassen, <a href=\"https:\/\/www.xvovalie.com\/tag\/courtney-lawes\/\" rel=\"nofollow noopener\" target=\"_blank\">Lawes<\/a>, Olding, Cooney, Bosch<\/strong>. 13 changements dans le XV, signe que la profondeur est r\u00e9elle et assum\u00e9e. L\u2019objectif est clair : gagner et, en cas de faux pas de Vannes ou Grenoble la semaine prochaine, <strong>prendre la t\u00eate du championnat<\/strong>.<\/p>\n<p>Face \u00e0 eux, le <strong>BO<\/strong> semble encore chercher son identit\u00e9. Le recrutement est dense (El Fakir, Bonneval, Dolhagaray), mais le jeu manque de constance. Ce match ressemble \u00e0 un tournant pour le staff, qui a besoin de points \u00e0 domicile pour rester dans le wagon des six.<\/p>\n<p>Vannes \u2013 Provence : duel d\u2019\u00e9quipes ambitieuses, d\u00e9j\u00e0 d\u00e9cisif<\/p>\n<p>C\u2019est la grosse affiche de 21h. <strong>Vannes<\/strong> a conserv\u00e9 son cadre, ses rep\u00e8res, ses leaders : <strong>Bouthier \u00e0 l\u2019arri\u00e8re<\/strong>, <strong>Deba\u00ebs \u00e0 l\u2019ouverture<\/strong>, <strong>Ruru \u00e0 la m\u00eal\u00e9e<\/strong>. Le club breton vise haut, encore une fois. Mais le jeu reste in\u00e9gal, et cette r\u00e9ception de <strong>Provence Rugby<\/strong> arrive au bon moment pour se jauger.<\/p>\n<p>En face, Aix aligne une \u00e9quipe impressionnante : <strong>Rodda, Jalagonia, Tuisue<\/strong> devant, <strong><a href=\"https:\/\/www.xvovalie.com\/tag\/georges-north\/\" rel=\"nofollow noopener\" target=\"_blank\">North<\/a>, Bituniyata, Finau<\/strong> derri\u00e8re. Une vraie ossature de Top 14. Mais attention, la mayonnaise ne prend pas encore pleinement. C\u2019est l\u2019occasion de frapper fort, \u00e0 l\u2019ext\u00e9rieur, et de poser les bases d\u2019un futur solide.<\/p>\n<p>Dax \u2013 Oyonnax : le promu face au rouleau compresseur<\/p>\n<p><strong><a href=\"https:\/\/www.xvovalie.com\/tag\/us-dax\/\" rel=\"nofollow noopener\" target=\"_blank\">Dax<\/a><\/strong>, avec ses moyens, ses jeunes et son public, joue sans pression. Mais ce soir, c\u2019est <strong>l\u2019Oyonnax Rugby<\/strong> qui d\u00e9barque. Et l\u00e0, c\u2019est un tout autre morceau. Les visiteurs ont align\u00e9 une \u00e9quipe quasiment au complet avec <strong>Matkava \u2013 Lobzhanidze \u2013 Mensa<\/strong>, <strong>Leindekar<\/strong>, <strong>Guilly<\/strong>, et un banc solide.<\/p>\n<p>Le promu landais devra s\u2019appuyer sur l\u2019envie et le rythme, mais la puissance oyomen risque de faire mal sur 80 minutes. Si Oyonnax veut s\u2019inviter rapidement dans les trois premiers, c\u2019est le genre de match qu\u2019il faut prendre.<\/p>\n<p>Colomiers \u2013 Aurillac : \u00e9quilibre instable entre deux formations aux profils proches<\/p>\n<p>D\u2019un c\u00f4t\u00e9, <strong>Colomiers<\/strong> continue son bon d\u00e9but de saison. L\u2019\u00e9quipe joue bien, a retrouv\u00e9 de la stabilit\u00e9 derri\u00e8re avec <strong>Nu\u2019u<\/strong>, <strong>Marta<\/strong>, <strong>Tuitavuki<\/strong>, et peut compter sur <strong>Delpy<\/strong> \u00e0 l\u2019ouverture. De l\u2019autre, <strong><a href=\"https:\/\/www.xvovalie.com\/tag\/stade-aurillacois\/\" rel=\"nofollow noopener\" target=\"_blank\">Aurillac<\/a><\/strong> propose une structure claire, port\u00e9e par <strong>Abzhandadze<\/strong>, <strong>Talalua<\/strong>, <strong>Brune<\/strong>, et un paquet d\u2019avants qui tient la route.<\/p>\n<p>Ce match est un vrai r\u00e9v\u00e9lateur : celui qui gagne ce soir peut pr\u00e9tendre viser mieux que le ventre mou. Celui qui perd verra les premiers s\u2019\u00e9loigner.<\/p>\n<p>B\u00e9ziers \u2013 Mont-de-Marsan : un classique du milieu de tableau \u00e0 fort enjeu<\/p>\n<p>Les deux \u00e9quipes sont capables de tr\u00e8s bonnes choses\u2026 et de trous d\u2019air incompr\u00e9hensibles. <strong><a href=\"https:\/\/www.xvovalie.com\/tag\/asbh\/\" rel=\"nofollow noopener\" target=\"_blank\">B\u00e9ziers<\/a><\/strong>, \u00e0 domicile, a besoin de lancer une s\u00e9rie. Le retour de <strong>Marqu\u00e8s<\/strong> \u00e0 la m\u00eal\u00e9e peut aider. <strong>Mont-de-Marsan<\/strong>, de son c\u00f4t\u00e9, aligne une formation exp\u00e9riment\u00e9e, physique, et continue de s\u2019appuyer sur ses valeurs de combat.<\/p>\n<p>Entre deux formations qui se connaissent par c\u0153ur, la discipline et la finition seront d\u00e9cisives.<\/p>\n<p>Carcassonne \u2013 Agen : l\u2019urgence d\u2019un c\u00f4t\u00e9, la continuit\u00e9 de l\u2019autre<\/p>\n<p><strong>Carcassonne<\/strong> n\u2019a pas encore gagn\u00e9 cette saison. Le club audois est d\u00e9j\u00e0 sous pression. \u00c0 domicile, c\u2019est quasiment une obligation de prendre des points. Mais <strong>Agen<\/strong>, qui a cartonn\u00e9 Grenoble, arrive avec confiance et des arguments : <strong>Mata Kaiongo, Maunder, Muscarditz<\/strong>, et un banc tr\u00e8s dense.<\/p>\n<p>C\u2019est peut-\u00eatre le match le plus d\u00e9s\u00e9quilibr\u00e9 sur le papier\u2026 mais Carca n\u2019a plus le choix. Le public devra jouer son r\u00f4le.<\/p>\n<p>Valence Romans \u2013 Soyaux-Angoul\u00eame : deux visions du maintien qui s\u2019affrontent<\/p>\n<p><strong><a href=\"https:\/\/www.xvovalie.com\/tag\/vrdr\/\" rel=\"nofollow noopener\" target=\"_blank\">Valence Romans<\/a><\/strong>, avec un effectif stable, un jeu simple et une d\u00e9fense solide, fait son bout de chemin. <strong>M\u00e9ret, Spanderashvili, Marrou<\/strong>, c\u2019est s\u00e9rieux, structur\u00e9. En face, <strong>le SA XV a tout chang\u00e9<\/strong> : 15 joueurs modifi\u00e9s dans le XV de d\u00e9part. Du tr\u00e8s lourd en premi\u00e8re ligne, mais une vraie incertitude sur les automatismes.<\/p>\n<p>Dans ce genre de match, \u00e0 la maison, <strong>VRDR n\u2019a pas le droit de flancher<\/strong>. S\u2019ils veulent se maintenir tranquillement, ce genre d\u2019opposition doit se solder par une victoire.<\/p>\n<p>Classement avant les huit matchs du vendredi<\/p>\n<tr>Rang\u00c9quipePoints<\/tr>\n<tr>\n<td>1<\/td>\n<td>Grenoble<\/td>\n<td>13<\/td>\n<\/tr>\n<tr>\n<td>2<\/td>\n<td>Nevers<\/td>\n<td>10<\/td>\n<\/tr>\n<tr>\n<td>3<\/td>\n<td>Brive (*)<\/td>\n<td>9<\/td>\n<\/tr>\n<tr>\n<td>4<\/td>\n<td>Agen (*)<\/td>\n<td>9<\/td>\n<\/tr>\n<tr>\n<td>5<\/td>\n<td>Vannes (*)<\/td>\n<td>8<\/td>\n<\/tr>\n<tr>\n<td>6<\/td>\n<td>Colomiers (*)<\/td>\n<td>8<\/td>\n<\/tr>\n<tr>\n<td>7<\/td>\n<td>Oyonnax (*)<\/td>\n<td>7<\/td>\n<\/tr>\n<tr>\n<td>8<\/td>\n<td>Biarritz (*)<\/td>\n<td>7<\/td>\n<\/tr>\n<tr>\n<td>9<\/td>\n<td>B\u00e9ziers (*)<\/td>\n<td>6<\/td>\n<\/tr>\n<tr>\n<td>10<\/td>\n<td>Dax (*)<\/td>\n<td>5<\/td>\n<\/tr>\n<p>(*) : match en attente ce soir.<\/p>\n<p>Ce qui peut changer ce soir<\/p>\n<ul class=\"wp-block-list\">\n<li><strong>Brive<\/strong> peut prendre la t\u00eate du championnat.<\/li>\n<li><strong>Vannes<\/strong> peut s\u2019installer dans le top 3.<\/li>\n<li><strong>Oyonnax<\/strong>, en cas de bonus, peut passer devant Agen.<\/li>\n<li>En bas de tableau, <strong>Carcassonne et le SA XV<\/strong> jouent d\u00e9j\u00e0 une partie de leur saison.<\/li>\n<\/ul>\n<p>Une soir\u00e9e pour affirmer ou basculer<\/p>\n<p>Cette J4 a d\u00e9marr\u00e9 fort, et <strong>le menu de ce vendredi a tout pour provoquer des secousses<\/strong> dans le classement. Entre les rotations massives, les d\u00e9placements risqu\u00e9s et les ambitions affich\u00e9es, beaucoup de choses vont se jouer ce soir. Et comme souvent en Pro D2, ce n\u2019est pas forc\u00e9ment celui qu\u2019on attend qui frappera le plus fort.<\/p>\n<p><img loading=\"lazy\" src=\"data:image\/svg+xml,%3Csvg%20xmlns=\" http:=\"\" height=\"100\" width=\"100\" class=\" sp-no-webp\" alt=\"whatsapp image 2024 07 31 at 09.08.32\" decoding=\"async\" data-lazy-src=\"https:\/\/www.europesays.com\/fr\/wp-content\/uploads\/2025\/04\/whatsapp-image-2024-07-31-at-09.08.32-e1727245864215.jpeg\"\/> <\/p>\n<p>J\u2019ai grandi dans une famille o\u00f9 le rugby \u00e9tait de tous les moments. J\u2019\u00e9tais au bord du terrain quand Castres a battu Pau et a rejoint l\u2019\u00e9lite, j\u2019\u00e9tais dans le Stade Pierre Antoine face \u00e0 Gary Whetton quand il a fait son Haka pour c\u00e9l\u00e9brer le Brennus de 1993 et j\u2019ai toujours \u00e9t\u00e9 berc\u00e9 des l\u00e9gendes de ce sport. Maintenant, c\u2019est avec XV Ovalie que j\u2019entends prolonger l\u2019aventure. #TeamCO<\/p>\n","protected":false},"excerpt":{"rendered":"Grenoble s\u2019est extirp\u00e9 du pi\u00e8ge tendu par Nevers jeudi soir, mais sans vraiment rassurer. Ce vendredi, la suite&hellip;\n","protected":false},"author":2,"featured_media":401664,"comment_status":"","ping_status":"","sticky":false,"template":"","format":"standard","meta":{"footnotes":""},"categories":[9566],"tags":[1111,11,2430,10420,1777,674,22338,1011,27,2731,12,2308,25,53312],"class_list":{"0":"post-401663","1":"post","2":"type-post","3":"status-publish","4":"format-standard","5":"has-post-thumbnail","7":"category-grenoble","8":"tag-actu","9":"tag-actualites","10":"tag-auvergne-rhone-alpes","11":"tag-ca-brive","12":"tag-eu","13":"tag-europe","14":"tag-fc-grenoble","15":"tag-fr","16":"tag-france","17":"tag-grenoble","18":"tag-news","19":"tag-pro-d2","20":"tag-republique-francaise","21":"tag-uson-nevers"},"share_on_mastodon":{"url":"https:\/\/pubeurope.com\/@fr\/115229338047550249","error":""},"_links":{"self":[{"href":"https:\/\/www.europesays.com\/fr\/wp-json\/wp\/v2\/posts\/401663","targetHints":{"allow":["GET"]}}],"collection":[{"href":"https:\/\/www.europesays.com\/fr\/wp-json\/wp\/v2\/posts"}],"about":[{"href":"https:\/\/www.europesays.com\/fr\/wp-json\/wp\/v2\/types\/post"}],"author":[{"embeddable":true,"href":"https:\/\/www.europesays.com\/fr\/wp-json\/wp\/v2\/users\/2"}],"replies":[{"embeddable":true,"href":"https:\/\/www.europesays.com\/fr\/wp-json\/wp\/v2\/comments?post=401663"}],"version-history":[{"count":0,"href":"https:\/\/www.europesays.com\/fr\/wp-json\/wp\/v2\/posts\/401663\/revisions"}],"wp:featuredmedia":[{"embeddable":true,"href":"https:\/\/www.europesays.com\/fr\/wp-json\/wp\/v2\/media\/401664"}],"wp:attachment":[{"href":"https:\/\/www.europesays.com\/fr\/wp-json\/wp\/v2\/media?parent=401663"}],"wp:term":[{"taxonomy":"category","embeddable":true,"href":"https:\/\/www.europesays.com\/fr\/wp-json\/wp\/v2\/categories?post=401663"},{"taxonomy":"post_tag","embeddable":true,"href":"https:\/\/www.europesays.com\/fr\/wp-json\/wp\/v2\/tags?post=401663"}],"curies":[{"name":"wp","href":"https:\/\/api.w.org\/{rel}","templated":true}]}}