{"id":401667,"date":"2025-09-19T05:36:34","date_gmt":"2025-09-19T05:36:34","guid":{"rendered":"https:\/\/www.europesays.com\/fr\/401667\/"},"modified":"2025-09-19T05:36:34","modified_gmt":"2025-09-19T05:36:34","slug":"que-faire-a-rennes-ce-week-end-du-20-septembre-au-21-septembre-2025","status":"publish","type":"post","link":"https:\/\/www.europesays.com\/fr\/401667\/","title":{"rendered":"Que faire \u00e0 Rennes ce week-end du 20 septembre au 21 septembre 2025 ?"},"content":{"rendered":"<p>\n        L\u2019exposition d\u00e9voile une douzaine d\u2019ann\u00e9es de cr\u00e9ation, abordant des th\u00e9matiques li\u00e9es \u00e0 la m\u00e9moire, l\u2019identit\u00e9 et l\u2019oubli. Tabouret, connue pour son approche subtile et po\u00e9tique des visages, exprime \u00e0 travers ses portraits des \u00e2mes fragiles, des corps \u00e9nigmatiques, et une sensualit\u00e9 palpable. L\u2019exposition \u00ab Les yeux dans les yeux. Portraits de la Collection Pinault \u00bb est \u00e0 d\u00e9couvrir au Couvent des Jacobins\n        <\/p>\n<p><a href=\"https:\/\/www.letelegramme.fr\/api\/gotourl\/bevt\/2907303\/\" target=\"_blank\" rel=\"noopener\"><br \/>\n        Journ\u00e9es du patrimoine\u00a0: visite guid\u00e9e de l\u2019Ubu sur r\u00e9servation<br \/>\n        <\/a><\/p>\n<p>\n        Tout public. \u00c9v\u00e9nement organis\u00e9 par. Visite guid\u00e9e pour traverser l\u2019histoire du lieu accompagn\u00e9e d\u2019une \u00e9coute de musiques d\u2019artistes pass\u00e9s dans cette salle. Dimanche soir : \u00e9coute en direct du podcast \u00ab Orature \u00bb pour plonger dans les souvenirs de publics qui ont assist\u00e9 \u00e0 un concert \u00e0 l\u2019Ubu ou aux Trans musicales. Visites en autonomie \u00e9galement possibles.\n        <\/p>\n<p><a href=\"https:\/\/www.letelegramme.fr\/api\/gotourl\/bevt\/2925615\/\" target=\"_blank\" rel=\"noopener\"><br \/>\n        Journ\u00e9es europ\u00e9ennes du patrimoine\u00a0: visite de p\u00e9niches<br \/>\n        <\/a><\/p>\n<p>\n        Tout public. Embarquement \u00e0 bord des p\u00e9niches La Dame blanche et L\u2019Arbre d\u2019eau. Anciennes sabli\u00e8res, ces bateaux ont \u00e9t\u00e9 transform\u00e9s en 1985. D\u00e9couverte de l\u2019histoire de leurs m\u00e9tamorphoses, de leurs coulisses et du projet. \u00c9changes avec celles et ceux qui font vivre ces lieux chaque jour. Musique et autres clins d\u2019\u0153il culturels ponctuent les visites.\n        <\/p>\n<p><a href=\"https:\/\/www.letelegramme.fr\/api\/gotourl\/bevt\/2947380\/\" target=\"_blank\" rel=\"noopener\"><br \/>\n        Billetterie du festival Le Grand Soufflet<br \/>\n        <\/a><\/p>\n<p>\n        Le Grand Soufflet, festival incontournable d\u2019Ille-et-Vilaine revient, du 1er au 12 octobre, \u00e0 Rennes et dans plus de 65 lieux dans tout le d\u00e9partement. Au programme notamment : Bonga, Bombino, Altin G\u00fcn, A\u00efta Mon Amour, Ha\u00efdouti Orkestar, Robert Finley, Djazia Satour, Azahar, Eliasse, Femti Fem, Komasi, La Moss\u00e0, Michalove, Sugar Bulgar, Tram des Balkans et M\u00e9lissa Zantman\u2026 Billetterie en ligne.\n        <\/p>\n<p>L&rsquo;agenda des loisirs<\/p>\n<p class=\"moveInBrittany__text\" style=\"color:#fff\">\n            Festivals, expositions, visites, conf\u00e9rences, &#8230;\n          <\/p>\n<p>Sortir \u00e0 Rennes le dimanche 21 septembre<a href=\"https:\/\/www.letelegramme.fr\/api\/gotourl\/bevt\/2932306\/\" target=\"_blank\" rel=\"noopener\"><br \/>\n        Braderie du canal Saint-Martin<br \/>\n        <\/a><\/p>\n<p>\n        Tout public. Pr\u00e8s de 1 500 exposants sont r\u00e9partis sur 5 km.\n        <\/p>\n<p><a href=\"https:\/\/www.letelegramme.fr\/api\/gotourl\/bevt\/2950487\/\" target=\"_blank\" rel=\"noopener\"><br \/>\n        Visite guid\u00e9e des Archives de Rennes sur inscription<br \/>\n        <\/a><\/p>\n<p>\n        Pour d\u00e9couvrir les coulisses du b\u00e2timent des Archives de Rennes, les diff\u00e9rentes facettes du m\u00e9tier d\u2019archiviste et quelques documents remarquables par le prisme de la g\u00e9n\u00e9alogie. Dur\u00e9e de la visite : 1 h. Inscription sur place, dans la limite des places disponibles.\n        <\/p>\n<p><a href=\"https:\/\/www.letelegramme.fr\/api\/gotourl\/bevt\/2950480\/\" target=\"_blank\" rel=\"noopener\"><br \/>\n        Braderie de livres du Secours Populaire<br \/>\n        <\/a><\/p>\n<p>\n        La recette est int\u00e9gralement d\u00e9di\u00e9e au financement des actions de solidarit\u00e9 du Secours populaire d\u2019Ille-et-Vilaine. Entr\u00e9e gratuite.\n        <\/p>\n<p><a href=\"https:\/\/www.letelegramme.fr\/api\/gotourl\/bevt\/2974436\/\" target=\"_blank\" rel=\"noopener\"><br \/>\n        Exposition\u00a0: \u00ab\u00a0Grand \u00e9cart et petits bonds\u00a0\u00bb<br \/>\n        <\/a><\/p>\n<p>\n        \u00c0 l\u2019occasion de la France Design Week 2025, les dipl\u00f4m\u00e9\u00b7es de l\u2019option Design proposent de d\u00e9couvrir leurs univers.\n        <\/p>\n<p><a href=\"https:\/\/www.letelegramme.fr\/api\/gotourl\/bevt\/3007706\/\" target=\"_blank\" rel=\"noopener\"><br \/>\n        Journ\u00e9es du patrimoine\u00a0: visite \u00ab\u00a0R\u00e9sistants de l\u2019ombre\u00a0\u00bb<br \/>\n        <\/a><\/p>\n<p>\n        Les visiteurs plongeront dans le Rennes occup\u00e9 de 1940 lors d\u2019une visite immersive guid\u00e9e par Louis, un journaliste breton en costume d\u2019\u00e9poque, r\u00e9sistant de la premi\u00e8re heure. L\u2019occasion, dans les ruelles du centre historique, de d\u00e9couvrir les lieux embl\u00e9matiques de la R\u00e9sistance locale. Visite pour adultes et enfants \u00e0 partir de 10 ans, sur r\u00e9servation (nombre de places limit\u00e9).\n        <\/p>\n<p><\/p>\n","protected":false},"excerpt":{"rendered":"L\u2019exposition d\u00e9voile une douzaine d\u2019ann\u00e9es de cr\u00e9ation, abordant des th\u00e9matiques li\u00e9es \u00e0 la m\u00e9moire, l\u2019identit\u00e9 et l\u2019oubli. Tabouret,&hellip;\n","protected":false},"author":2,"featured_media":6963,"comment_status":"","ping_status":"","sticky":false,"template":"","format":"standard","meta":{"footnotes":""},"categories":[2821],"tags":[1111,11,829,1777,674,1011,27,12,3907,584,25],"class_list":{"0":"post-401667","1":"post","2":"type-post","3":"status-publish","4":"format-standard","5":"has-post-thumbnail","7":"category-rennes","8":"tag-actu","9":"tag-actualites","10":"tag-bretagne","11":"tag-eu","12":"tag-europe","13":"tag-fr","14":"tag-france","15":"tag-news","16":"tag-que-faire","17":"tag-rennes","18":"tag-republique-francaise"},"share_on_mastodon":{"url":"https:\/\/pubeurope.com\/@fr\/115229345889234449","error":""},"_links":{"self":[{"href":"https:\/\/www.europesays.com\/fr\/wp-json\/wp\/v2\/posts\/401667","targetHints":{"allow":["GET"]}}],"collection":[{"href":"https:\/\/www.europesays.com\/fr\/wp-json\/wp\/v2\/posts"}],"about":[{"href":"https:\/\/www.europesays.com\/fr\/wp-json\/wp\/v2\/types\/post"}],"author":[{"embeddable":true,"href":"https:\/\/www.europesays.com\/fr\/wp-json\/wp\/v2\/users\/2"}],"replies":[{"embeddable":true,"href":"https:\/\/www.europesays.com\/fr\/wp-json\/wp\/v2\/comments?post=401667"}],"version-history":[{"count":0,"href":"https:\/\/www.europesays.com\/fr\/wp-json\/wp\/v2\/posts\/401667\/revisions"}],"wp:featuredmedia":[{"embeddable":true,"href":"https:\/\/www.europesays.com\/fr\/wp-json\/wp\/v2\/media\/6963"}],"wp:attachment":[{"href":"https:\/\/www.europesays.com\/fr\/wp-json\/wp\/v2\/media?parent=401667"}],"wp:term":[{"taxonomy":"category","embeddable":true,"href":"https:\/\/www.europesays.com\/fr\/wp-json\/wp\/v2\/categories?post=401667"},{"taxonomy":"post_tag","embeddable":true,"href":"https:\/\/www.europesays.com\/fr\/wp-json\/wp\/v2\/tags?post=401667"}],"curies":[{"name":"wp","href":"https:\/\/api.w.org\/{rel}","templated":true}]}}