{"id":401668,"date":"2025-09-19T05:38:09","date_gmt":"2025-09-19T05:38:09","guid":{"rendered":"https:\/\/www.europesays.com\/fr\/401668\/"},"modified":"2025-09-19T05:38:09","modified_gmt":"2025-09-19T05:38:09","slug":"un-nouveau-parc-de-plus-de-5-hectares-inaugure-ce-samedi-a-strasbourg-de-nombreuses-animations-proposees","status":"publish","type":"post","link":"https:\/\/www.europesays.com\/fr\/401668\/","title":{"rendered":"Un nouveau parc de plus de 5 hectares inaugur\u00e9 ce samedi \u00e0 Strasbourg : de nombreuses animations propos\u00e9es"},"content":{"rendered":"<p>            Par<br \/>\n        <strong><br \/>\n            <a href=\"https:\/\/actu.fr\/auteur\/ivan-capecchi\" title=\"Consulter tous les articles de Ivan CAPECCHI\" rel=\"nofollow noopener\" target=\"_blank\">Ivan CAPECCHI<\/a><br \/>\n        <\/strong><\/p>\n<p>        Publi\u00e9 le<\/p>\n<p>            19 sept. 2025 \u00e0 7h02        <\/p>\n<p>Le nouveau <a href=\"https:\/\/actu.fr\/grand-est\/strasbourg_67482\/parc-des-romains-a-strasbourg-on-connait-la-date-d-inauguration-de-ce-nouvel-espace-de-verdure_62967383.html\" rel=\"nofollow noopener\" target=\"_blank\">parc des Romains<\/a>, d\u2019une superficie de 5,5 ha, ouvre au public samedi 20 septembre \u00e0 Strasbourg. Il comprend une <strong>aire de jeux de 1 500 m2<\/strong> inspir\u00e9e de l\u2019Antiquit\u00e9, des <strong>\u00e9quipements de sport\/fitness<\/strong>, un <a href=\"https:\/\/actu.fr\/grand-est\/strasbourg_67482\/heritage-des-jo-cette-oeuvre-exposee-a-paris-va-etre-rapatriee-a-strasbourg-et-sera-accessible-a-tous_61684278.html\" rel=\"nofollow noopener\" target=\"_blank\">pavillon des JO<\/a>, des <strong>cheminements pi\u00e9tons s\u00e9curis\u00e9s<\/strong>, une <strong>travers\u00e9e nord-sud cyclable<\/strong> et<strong> plus de 400 arbres<\/strong>.<\/p>\n<p class=\" wall-content\">La c\u00e9r\u00e9monie officielle se tiendra <strong>de 11h \u00e0 12h30<\/strong>.<\/p>\n<p>Balades, ateliers, musique : de nombreuses animations gratuites propos\u00e9es<\/p>\n<p class=\" wall-content\">Toute la journ\u00e9e, des <a href=\"https:\/\/actu.fr\/tag\/animations\" rel=\"nofollow noopener\" target=\"_blank\">animations<\/a> gratuites sont propos\u00e9es : d\u00e9couverte de <a href=\"https:\/\/actu.fr\/grand-est\/strasbourg_67482\/ce-quartier-de-strasbourg-est-en-pleine-ebullition-des-millions-d-euros-investis-de-nombreux-projets-lances_61132615.html\" rel=\"nofollow noopener\" target=\"_blank\">Koenigshoffen<\/a> \u00e0 l\u2019\u00e9poque gallo-romaine avec le <strong>Mus\u00e9e arch\u00e9ologique<\/strong> (10h30-17h) et <strong>balades arch\u00e9ologiques<\/strong> au d\u00e9part du <strong>stand INRAP<\/strong> (15h et 16h).<\/p>\n<p class=\" wall-content\">Les <strong>Jardins de la Montagne Verte<\/strong> animeront des <strong>ateliers \u00ab\u00a0reconnaissance des plantes\u00a0\u00bb, \u00ab\u00a0peinture v\u00e9g\u00e9tale\u00a0\u00bb et \u00ab\u00a0nichoirs \u00e0 assembler\u00a0\u00bb<\/strong> (11h30, 13h45, 15h30, inscription sur place). Une <strong>course d\u2019orientation d\u00e9couverte<\/strong> sera organis\u00e9e par l\u2019ASPTT (10h30-17h).<\/p>\n<p class=\" wall-content\">C\u00f4t\u00e9 <a href=\"https:\/\/actu.fr\/tag\/musique\" rel=\"nofollow noopener\" target=\"_blank\">musique<\/a> :<strong> Chucao &amp; Camomille<\/strong> (14h-15h), la <strong>fanfare Kalory<\/strong> (15h30-16h30) puis <strong>\u00ab\u00a0Pulse Station !\u00a0\u00bb de Bastiaan<\/strong> (17h-18h) animeront les lieux.<\/p>\n<p class=\" wall-content\">Pour retrouver <a href=\"https:\/\/www.strasbourg.eu\/documents\/d\/strasbourg.eu\/parc_des_romains_programme_web-pdf\" rel=\"nofollow noopener\" target=\"_blank\">l\u2019int\u00e9gralit\u00e9 du programme, cliquez ici<\/a>.<\/p>\n<p class=\" wall-content\">Personnalisez votre actualit\u00e9 en ajoutant vos villes et m\u00e9dias en favori avec <a href=\"https:\/\/moncompte.actu.fr\" title=\"D\u00e9couvez Mon Actu\" rel=\"nofollow noopener\" data-trk=\"{&quot;cta&quot;:{&quot;action&quot;:&quot;https:\\\/\\\/moncompte.actu.fr&quot;,&quot;category&quot;:&quot;mon compte&quot;,&quot;from&quot;:&quot;article footer&quot;,&quot;name&quot;:&quot;Mon actu&quot;,&quot;type&quot;:&quot;cta&quot;}}\" target=\"_blank\">Mon Actu<\/a>.<\/p>\n","protected":false},"excerpt":{"rendered":"Par Ivan CAPECCHI Publi\u00e9 le 19 sept. 2025 \u00e0 7h02 Le nouveau parc des Romains, d\u2019une superficie de&hellip;\n","protected":false},"author":2,"featured_media":401669,"comment_status":"","ping_status":"","sticky":false,"template":"","format":"standard","meta":{"footnotes":""},"categories":[2820],"tags":[1111,11,1063,1777,674,1011,27,775,1652,873,12,25,640],"class_list":{"0":"post-401668","1":"post","2":"type-post","3":"status-publish","4":"format-standard","5":"has-post-thumbnail","7":"category-strasbourg","8":"tag-actu","9":"tag-actualites","10":"tag-animations","11":"tag-eu","12":"tag-europe","13":"tag-fr","14":"tag-france","15":"tag-grand-est","16":"tag-loisirs-culture","17":"tag-musique","18":"tag-news","19":"tag-republique-francaise","20":"tag-strasbourg"},"share_on_mastodon":{"url":"https:\/\/pubeurope.com\/@fr\/115229353876015762","error":""},"_links":{"self":[{"href":"https:\/\/www.europesays.com\/fr\/wp-json\/wp\/v2\/posts\/401668","targetHints":{"allow":["GET"]}}],"collection":[{"href":"https:\/\/www.europesays.com\/fr\/wp-json\/wp\/v2\/posts"}],"about":[{"href":"https:\/\/www.europesays.com\/fr\/wp-json\/wp\/v2\/types\/post"}],"author":[{"embeddable":true,"href":"https:\/\/www.europesays.com\/fr\/wp-json\/wp\/v2\/users\/2"}],"replies":[{"embeddable":true,"href":"https:\/\/www.europesays.com\/fr\/wp-json\/wp\/v2\/comments?post=401668"}],"version-history":[{"count":0,"href":"https:\/\/www.europesays.com\/fr\/wp-json\/wp\/v2\/posts\/401668\/revisions"}],"wp:featuredmedia":[{"embeddable":true,"href":"https:\/\/www.europesays.com\/fr\/wp-json\/wp\/v2\/media\/401669"}],"wp:attachment":[{"href":"https:\/\/www.europesays.com\/fr\/wp-json\/wp\/v2\/media?parent=401668"}],"wp:term":[{"taxonomy":"category","embeddable":true,"href":"https:\/\/www.europesays.com\/fr\/wp-json\/wp\/v2\/categories?post=401668"},{"taxonomy":"post_tag","embeddable":true,"href":"https:\/\/www.europesays.com\/fr\/wp-json\/wp\/v2\/tags?post=401668"}],"curies":[{"name":"wp","href":"https:\/\/api.w.org\/{rel}","templated":true}]}}