{"id":401670,"date":"2025-09-19T05:39:17","date_gmt":"2025-09-19T05:39:17","guid":{"rendered":"https:\/\/www.europesays.com\/fr\/401670\/"},"modified":"2025-09-19T05:39:17","modified_gmt":"2025-09-19T05:39:17","slug":"strasbourg-une-nouvelle-unite-a-lhopital-pour-recueillir-la-parole-des-enfants-victimes-de-violences","status":"publish","type":"post","link":"https:\/\/www.europesays.com\/fr\/401670\/","title":{"rendered":"Strasbourg. Une nouvelle unit\u00e9 \u00e0 l\u2019h\u00f4pital pour recueillir la parole des enfants victimes de violences"},"content":{"rendered":"<p>\u00c9viter \u00e0 l\u2019enfant de r\u00e9p\u00e9ter sans cesse son r\u00e9cit, et donc de revivre son traumatisme. C\u2019est l\u2019un des principes fondateurs des unit\u00e9s d\u2019accueil p\u00e9diatrique enfance en danger (Uaped), <a href=\"https:\/\/www.dna.fr\/societe\/2023\/11\/20\/ce-que-contient-le-plan-du-gouvernement-cona\/societe\/2023\/11\/20\/ce-que-contient-le-plan-du-gouvernement-contre-les-violences-faites-aux-enfantstre-les-violences-faites-aux-enfants\" target=\"_blank\" rel=\"noopener\">qui se d\u00e9ploient progressivement en France<\/a>.<\/p>\n<p>Apr\u00e8s <a href=\"https:\/\/www.dna.fr\/politique\/2023\/01\/25\/le-groupe-hospitalier-toujours-sur-le-fil-du-rasoir\" target=\"_blank\" rel=\"noopener\">une premi\u00e8re unit\u00e9 l\u2019an dernier au sein des urgences p\u00e9diatriques de Mulhouse<\/a> , une seconde vient d\u2019ouvrir \u00e0 l\u2019h\u00f4pital de Hautepierre \u00e0 Strasbourg. Elle permet aux mineurs victimes de violences et de maltraitances de t\u00e9moigner dans un environnement protecteur.<\/p>\n<p>Cr\u00e9\u00e9e en partenariat avec la justice, les forces de l\u2019ordre et les h\u00f4pitaux universitaires de Strasbourg (HUS), l\u2019Uaped rassemble dans un m\u00eame lieu m\u00e9decins, pu\u00e9ricultrices, assistantes sociales, psychologues, et enqu\u00eateurs. \u00ab\u00a0L\u2019enfant n\u2019est pas transbahut\u00e9 d\u2019un site \u00e0 l\u2019autre, \u00e0 l\u2019h\u00f4pital, puis \u00e0 la police,\u00a0etc. Ce sont les professionnels qui viennent \u00e0 lui\u00a0\u00bb, r\u00e9sume \u00c9ric Bolli, commissaire divisionnaire.<\/p>\n<p>  Une vitre sans tain pour les auditions<\/p>\n<p>L\u2019unit\u00e9 strasbourgeoise se compose de plusieurs espaces. Une salle dite \u201cde mise en confiance\u201d est d\u00e9cor\u00e9e d\u2019un tapis color\u00e9, d\u2019une \u00e9tag\u00e8re d\u00e9bordant de jeux de soci\u00e9t\u00e9, de poup\u00e9es et de puzzles. On trouve aussi dans un coin quelques barres chocolat\u00e9es. \u00ab\u00a0Ici, les victimes renouent le lien de confiance avec l\u2019adulte\u00a0\u00bb, souligne Alexis Walch, m\u00e9decin r\u00e9f\u00e9rent.<\/p>\n<p>La pi\u00e8ce attenante est plus sobre pour \u00ab\u00a0capter l\u2019attention de l\u2019enfant\u00a0\u00bb\u00a0: des canap\u00e9s blancs, une table basse, une cam\u00e9ra dans un angle et une grande vitre sans tain. Les enqu\u00eateurs, gendarmes et policiers, y recueillent la parole des victimes. \u00ab\u00a0Ces entretiens sont men\u00e9s par des professionnels form\u00e9s, insiste Clarisse Taron, procureure de la R\u00e9publique. Il faut utiliser les bons mots, car s\u2019il a peur, un enfant peut se r\u00e9tracter. Il \u00e9prouve aussi des difficult\u00e9s \u00e0 se rep\u00e9rer dans le temps et dans l\u2019espace.\u00a0\u00bb<\/p>\n<p>  Des examens m\u00e9dico-l\u00e9gaux<\/p>\n<p>Une autre salle est r\u00e9serv\u00e9e aux examens m\u00e9dico-l\u00e9gaux. \u00ab\u00a0Sur r\u00e9quisition, nous pouvons proc\u00e9der \u00e0 des pr\u00e9l\u00e8vements ADN, des examens gyn\u00e9cologiques. Un poupon nous aide \u00e0 d\u00e9signer les diff\u00e9rentes parties du corps\u00a0\u00bb, pr\u00e9cise Alexis Walch. Une psychologue prend ensuite le relais. Une assistante sociale est \u00e9galement pr\u00e9sente. \u00c0 chaque \u00e9tape, le mineur peut \u00eatre accompagn\u00e9 d\u2019une pu\u00e9ricultrice.<\/p>\n<p>\u00ab\u00a0Cette unit\u00e9 est un lieu de r\u00e9pit, de protection pour que l\u2019enfant amorce, nous l\u2019esp\u00e9rons, un chemin de reconstruction\u00a0\u00bb, r\u00e9sume Samir Henni, directeur g\u00e9n\u00e9ral des HUS.<\/p>\n<p>Entre janvier et septembre, 600 enfants ont \u00e9t\u00e9 examin\u00e9s au sein de l\u2019Uaped de Strasbourg, une vingtaine ont \u00e9t\u00e9 auditionn\u00e9s.<\/p>\n<p>L\u2019ouverture de l\u2019Uaped a repr\u00e9sent\u00e9 un investissement de 91\u00a0000\u00a0\u20ac pour les HUS, subventionn\u00e9 par l\u2019Agence r\u00e9gionale de sant\u00e9, la Collectivit\u00e9 europ\u00e9enne du Bas-Rhin et le minist\u00e8re de la Justice.<\/p>\n","protected":false},"excerpt":{"rendered":"\u00c9viter \u00e0 l\u2019enfant de r\u00e9p\u00e9ter sans cesse son r\u00e9cit, et donc de revivre son traumatisme. C\u2019est l\u2019un des&hellip;\n","protected":false},"author":2,"featured_media":401671,"comment_status":"","ping_status":"","sticky":false,"template":"","format":"standard","meta":{"footnotes":""},"categories":[2820],"tags":[1111,11,2389,2649,2880,1777,674,274,107,1011,27,5325,2798,775,3035,12,25,71,640,2879],"class_list":{"0":"post-401670","1":"post","2":"type-post","3":"status-publish","4":"format-standard","5":"has-post-thumbnail","7":"category-strasbourg","8":"tag-actu","9":"tag-actualites","10":"tag-alsace","11":"tag-bas-rhin","12":"tag-edition-strasbourg","13":"tag-eu","14":"tag-europe","15":"tag-faits-divers-justice","16":"tag-fil-info","17":"tag-fr","18":"tag-france","19":"tag-galerie-media","20":"tag-galerie-photo","21":"tag-grand-est","22":"tag-la-matinale-strasbourg","23":"tag-news","24":"tag-republique-francaise","25":"tag-sante","26":"tag-strasbourg","27":"tag-strasbourg-ville"},"share_on_mastodon":{"url":"https:\/\/pubeurope.com\/@fr\/115229357776243431","error":""},"_links":{"self":[{"href":"https:\/\/www.europesays.com\/fr\/wp-json\/wp\/v2\/posts\/401670","targetHints":{"allow":["GET"]}}],"collection":[{"href":"https:\/\/www.europesays.com\/fr\/wp-json\/wp\/v2\/posts"}],"about":[{"href":"https:\/\/www.europesays.com\/fr\/wp-json\/wp\/v2\/types\/post"}],"author":[{"embeddable":true,"href":"https:\/\/www.europesays.com\/fr\/wp-json\/wp\/v2\/users\/2"}],"replies":[{"embeddable":true,"href":"https:\/\/www.europesays.com\/fr\/wp-json\/wp\/v2\/comments?post=401670"}],"version-history":[{"count":0,"href":"https:\/\/www.europesays.com\/fr\/wp-json\/wp\/v2\/posts\/401670\/revisions"}],"wp:featuredmedia":[{"embeddable":true,"href":"https:\/\/www.europesays.com\/fr\/wp-json\/wp\/v2\/media\/401671"}],"wp:attachment":[{"href":"https:\/\/www.europesays.com\/fr\/wp-json\/wp\/v2\/media?parent=401670"}],"wp:term":[{"taxonomy":"category","embeddable":true,"href":"https:\/\/www.europesays.com\/fr\/wp-json\/wp\/v2\/categories?post=401670"},{"taxonomy":"post_tag","embeddable":true,"href":"https:\/\/www.europesays.com\/fr\/wp-json\/wp\/v2\/tags?post=401670"}],"curies":[{"name":"wp","href":"https:\/\/api.w.org\/{rel}","templated":true}]}}