{"id":401676,"date":"2025-09-19T05:42:09","date_gmt":"2025-09-19T05:42:09","guid":{"rendered":"https:\/\/www.europesays.com\/fr\/401676\/"},"modified":"2025-09-19T05:42:09","modified_gmt":"2025-09-19T05:42:09","slug":"80-seniors-seront-transportes-dans-des-velos-cargos-pour-une-balade-des-generations","status":"publish","type":"post","link":"https:\/\/www.europesays.com\/fr\/401676\/","title":{"rendered":"80 s\u00e9niors seront transport\u00e9s dans des v\u00e9los cargos pour une \u00ab\u00a0balade des g\u00e9n\u00e9rations\u00a0\u00bb"},"content":{"rendered":"<p>            Par<br \/>\n        <strong><br \/>\n            <a href=\"https:\/\/actu.fr\/auteur\/laure-gentil\" title=\"Consulter tous les articles de Laure Gentil\" target=\"_blank\" rel=\"noopener\">Laure Gentil<\/a><br \/>\n        <\/strong><\/p>\n<p>        Publi\u00e9 le<\/p>\n<p>            19 sept. 2025 \u00e0 7h32        <\/p>\n<p>Du 22 au 26\u00a0septembre la Ville de <strong>Nantes<\/strong> organise la 4e \u00e9dition de sa \u00ab\u2009Balade des g\u00e9n\u00e9rations\u2009\u00bb. Pendant ces cinq jours, des \u00ab\u2009p\u00e9daleurs\u2009\u00bb transporteront \u00e0 bord de v\u00e9los-cargos 80 s\u00e9niors, r\u00e9sidant en Ehpad, en r\u00e9sidence autonomie, en accueil de jour ou dans leur propre logement et suivis \u00e0 domicile.<\/p>\n<p>Lutter contre l\u2019isolement des personnes \u00e2g\u00e9es<\/p>\n<p class=\" wall-content\">L\u2019id\u00e9e est de lutter contre l\u2019isolement des personnes \u00e2g\u00e9es r\u00e9sidant en Ehpad. L\u2019initiative a <strong>commenc\u00e9 en 2019<\/strong> avec l\u2019achat par la Ville de Nantes de deux v\u00e9los triporteurs \u00e0 assistance \u00e9lectrique pour proposer aux s\u00e9niors des balades \u00e0 travers la ville.<\/p>\n<blockquote class=\"ac-article-quote wall-content\">\n<p>En 2021, cette initiative aboutit \u00e0 la cr\u00e9ation par deux directeurs d\u2018Ehpad d\u2019un \u00e9v\u00e9nement d\u00e9di\u00e9 : la \u00ab Balade des g\u00e9n\u00e9rations \u00bb. L\u2019objectif est d\u2019emmener des s\u00e9niors en promenade \u00e0 l\u2019avant d\u2019un v\u00e9lo triporteur conduit par une personne volontaire. L\u2019occasion de rendre visibles les s\u00e9niors au sein de l\u2019espace public et de favoriser les liens entre les g\u00e9n\u00e9rations.<\/p>\n<p>    <strong>Ville de Nantes<\/strong>\n            <\/p><\/blockquote>\n<p class=\" wall-content\">En tout, <strong>45 p\u00e9daleurs sont mobilis\u00e9s<\/strong> pour emmener les s\u00e9niors en promenade\u2009: des agents de la Ville de Nantes, du Centre communal d\u2019action sociale (CCAS), de Nantes M\u00e9tropole, des adh\u00e9rents de l\u2019association des s\u00e9niors nantais l\u2019ORPAN et des b\u00e9n\u00e9voles des associations Les Petits Fr\u00e8res des Pauvres et \u00c0 v\u00e9lo sans \u00e2ge.<\/p>\n<p>Quel est le d\u00e9roulement\u2009?<\/p>\n<p class=\" wall-content\">Chaque \u00e9quipe est <strong>accompagn\u00e9e de quatre encadrants<\/strong>, \u00ab\u2009charg\u00e9s de s\u00e9curiser la balade, dont les v\u00e9los sont pr\u00eat\u00e9s par Naolib\u2009\u00bb, explique la Ville. Une formation en amont est propos\u00e9e pour aider \u00e0 la prise en main du v\u00e9lo triporteur.<\/p>\n<p class=\" wall-content\">Les personnes promen\u00e9es sont \u00ab\u2009des r\u00e9sidents nantais vivant en Ehpad, en r\u00e9sidence autonomie ou dans leur propre logement et suivis \u00e0 domicile\u2009\u00bb. <strong>L\u2019\u00e9v\u00e9nement est ouvert \u00e0 tout s\u00e9nior<\/strong> souhaitant participer, sur inscription.<\/p>\n<p>Votre r\u00e9gion, votre actu !<\/p>\n<p>Recevez chaque jour les infos qui comptent pour vous.<\/p>\n<p>\t<a href=\"https:\/\/actu.fr\/newsletter\" class=\"ac-btn ac-btn--corner ac-btn--medium ac-btn--blue800\" target=\"_blank\" rel=\"noopener\">S&rsquo;incrire<\/a><\/p>\n<p class=\" wall-content\">Il y a<strong> 10 balades<\/strong> et<strong> deux parcours<\/strong> chaque jour. Le d\u00e9part et l\u2019arriv\u00e9e se font \u00e0 l\u2019Ehpad La Madeleine su l\u2019\u00eele de Nantes. Chaque itin\u00e9raire dure environ 5,5\u00a0km, soit 1 heure 40, avec plusieurs pauses\u2009:<\/p>\n<ul class=\" wall-content\">\n<li><strong>un d\u00e9part \u00e0 11h<\/strong> jusqu\u2019au Jardin des Plantes en passant par le pont G\u00e9n\u00e9ral Audibert, le CHU, Commerce, le ch\u00e2teau des Ducs et la Gare SNCF\u2009;<\/li>\n<li><strong>un d\u00e9part \u00e0 14h<\/strong> jusqu\u2019au centre historique de Nantes qui passe par \u00ab\u2009les sites embl\u00e9matiques du centre\u2009\u00bb\u2009: de la place Royale, \u00e0 la place Graslin, en passant par la rue de l\u2019H\u00f4tel de ville, la Cath\u00e9drale et le ch\u00e2teau des Ducs.<\/li>\n<\/ul>\n<p>Contact pour les inscriptions (b\u00e9n\u00e9voles et s\u00e9niors)\u2009: <a href=\"https:\/\/actu.fr\/cdn-cgi\/l\/email-protection\" class=\"__cf_email__\" data-cfemail=\"f5979499949190d8919086d892909b908794819c9a9b86b598949c879c90d89b949b819086db9387\" target=\"_blank\" rel=\"noopener\">[email\u00a0protected]<\/a> ou directement aupr\u00e8s des EHPAD. 02\u200940\u200999\u200929\u200929<\/p>\n<p class=\" wall-content\">Personnalisez votre actualit\u00e9 en ajoutant vos villes et m\u00e9dias en favori avec <a href=\"https:\/\/moncompte.actu.fr\" title=\"D\u00e9couvez Mon Actu\" rel=\"nofollow noopener\" data-trk=\"{&quot;cta&quot;:{&quot;action&quot;:&quot;https:\\\/\\\/moncompte.actu.fr&quot;,&quot;category&quot;:&quot;mon compte&quot;,&quot;from&quot;:&quot;article footer&quot;,&quot;name&quot;:&quot;Mon actu&quot;,&quot;type&quot;:&quot;cta&quot;}}\" target=\"_blank\">Mon Actu<\/a>.<\/p>\n","protected":false},"excerpt":{"rendered":"Par Laure Gentil Publi\u00e9 le 19 sept. 2025 \u00e0 7h32 Du 22 au 26\u00a0septembre la Ville de Nantes&hellip;\n","protected":false},"author":2,"featured_media":401677,"comment_status":"","ping_status":"","sticky":false,"template":"","format":"standard","meta":{"footnotes":""},"categories":[2818],"tags":[1111,11,7552,12216,1777,674,1011,27,766,12,2636,25,104],"class_list":{"0":"post-401676","1":"post","2":"type-post","3":"status-publish","4":"format-standard","5":"has-post-thumbnail","7":"category-nantes","8":"tag-actu","9":"tag-actualites","10":"tag-balade","11":"tag-ehpad","12":"tag-eu","13":"tag-europe","14":"tag-fr","15":"tag-france","16":"tag-nantes","17":"tag-news","18":"tag-pays-de-la-loire","19":"tag-republique-francaise","20":"tag-societe"},"share_on_mastodon":{"url":"https:\/\/pubeurope.com\/@fr\/115229369531885583","error":""},"_links":{"self":[{"href":"https:\/\/www.europesays.com\/fr\/wp-json\/wp\/v2\/posts\/401676","targetHints":{"allow":["GET"]}}],"collection":[{"href":"https:\/\/www.europesays.com\/fr\/wp-json\/wp\/v2\/posts"}],"about":[{"href":"https:\/\/www.europesays.com\/fr\/wp-json\/wp\/v2\/types\/post"}],"author":[{"embeddable":true,"href":"https:\/\/www.europesays.com\/fr\/wp-json\/wp\/v2\/users\/2"}],"replies":[{"embeddable":true,"href":"https:\/\/www.europesays.com\/fr\/wp-json\/wp\/v2\/comments?post=401676"}],"version-history":[{"count":0,"href":"https:\/\/www.europesays.com\/fr\/wp-json\/wp\/v2\/posts\/401676\/revisions"}],"wp:featuredmedia":[{"embeddable":true,"href":"https:\/\/www.europesays.com\/fr\/wp-json\/wp\/v2\/media\/401677"}],"wp:attachment":[{"href":"https:\/\/www.europesays.com\/fr\/wp-json\/wp\/v2\/media?parent=401676"}],"wp:term":[{"taxonomy":"category","embeddable":true,"href":"https:\/\/www.europesays.com\/fr\/wp-json\/wp\/v2\/categories?post=401676"},{"taxonomy":"post_tag","embeddable":true,"href":"https:\/\/www.europesays.com\/fr\/wp-json\/wp\/v2\/tags?post=401676"}],"curies":[{"name":"wp","href":"https:\/\/api.w.org\/{rel}","templated":true}]}}