{"id":401678,"date":"2025-09-19T05:43:29","date_gmt":"2025-09-19T05:43:29","guid":{"rendered":"https:\/\/www.europesays.com\/fr\/401678\/"},"modified":"2025-09-19T05:43:29","modified_gmt":"2025-09-19T05:43:29","slug":"ligne-21-nouveaux-foyers-sinforment","status":"publish","type":"post","link":"https:\/\/www.europesays.com\/fr\/401678\/","title":{"rendered":"Lign\u00e9. 21 nouveaux foyers s\u2019informent"},"content":{"rendered":"<p>Le 12\u00a0septembre, Maurice Perrion, maire de Lign\u00e9, a pr\u00e9sent\u00e9 aux nouveaux habitants l\u2019\u00e9quipe des adjoints du conseil municipal. Puis une vid\u00e9o, pr\u00e9sentant la Ville a \u00e9t\u00e9 projet\u00e9e rendant compte des diff\u00e9rentes structures. Il fut question du Pays d\u2019Ancenis, des services de la Compa et la Ville de Lign\u00e9, qui comptabilise 5\u00a0201\u00a0habitants \u00e0 ce jour.<\/p>\n<p>Le top 5\u00a0de Lign\u00e9\u00a0: faire la f\u00eate du mouton, voir un spectacle au Pr\u00e9ambule, les journ\u00e9es du patrimoine\u00a0les 20 et 21\u00a0au 22\u00a0septembre, se balader\u00a0sur la voie verte en suivant itin\u00e9raire cyclable Chateaubriant-Lign\u00e9, les liaisons douces et le jardin p\u00e9dagogique\u2026 Et se divertir au plan d\u2019eau.<\/p>\n<p>Du point de vue de la municipalit\u00e9, Lign\u00e9 est dot\u00e9e d\u2019un centre technique municipal, d\u2019une borne biom\u00e9trique, d\u2019une police municipale\u2026 90\u00a0agents sont au service de la population dont le plus grand nombre en relation avec l\u2019enfance et la jeunesse.<\/p>\n<p>\u00a0<\/p>\n","protected":false},"excerpt":{"rendered":"Le 12\u00a0septembre, Maurice Perrion, maire de Lign\u00e9, a pr\u00e9sent\u00e9 aux nouveaux habitants l\u2019\u00e9quipe des adjoints du conseil municipal.&hellip;\n","protected":false},"author":2,"featured_media":401679,"comment_status":"","ping_status":"","sticky":false,"template":"","format":"standard","meta":{"footnotes":""},"categories":[2818],"tags":[22729,1111,11,1777,674,36669,1011,27,53313,3052,766,12,2845,2636,25],"class_list":{"0":"post-401678","1":"post","2":"type-post","3":"status-publish","4":"format-standard","5":"has-post-thumbnail","7":"category-nantes","8":"tag-22729","9":"tag-actu","10":"tag-actualites","11":"tag-eu","12":"tag-europe","13":"tag-foyers","14":"tag-fr","15":"tag-france","16":"tag-informent","17":"tag-ligne","18":"tag-nantes","19":"tag-news","20":"tag-nouveaux","21":"tag-pays-de-la-loire","22":"tag-republique-francaise"},"share_on_mastodon":{"url":"https:\/\/pubeurope.com\/@fr\/115229373458011318","error":""},"_links":{"self":[{"href":"https:\/\/www.europesays.com\/fr\/wp-json\/wp\/v2\/posts\/401678","targetHints":{"allow":["GET"]}}],"collection":[{"href":"https:\/\/www.europesays.com\/fr\/wp-json\/wp\/v2\/posts"}],"about":[{"href":"https:\/\/www.europesays.com\/fr\/wp-json\/wp\/v2\/types\/post"}],"author":[{"embeddable":true,"href":"https:\/\/www.europesays.com\/fr\/wp-json\/wp\/v2\/users\/2"}],"replies":[{"embeddable":true,"href":"https:\/\/www.europesays.com\/fr\/wp-json\/wp\/v2\/comments?post=401678"}],"version-history":[{"count":0,"href":"https:\/\/www.europesays.com\/fr\/wp-json\/wp\/v2\/posts\/401678\/revisions"}],"wp:featuredmedia":[{"embeddable":true,"href":"https:\/\/www.europesays.com\/fr\/wp-json\/wp\/v2\/media\/401679"}],"wp:attachment":[{"href":"https:\/\/www.europesays.com\/fr\/wp-json\/wp\/v2\/media?parent=401678"}],"wp:term":[{"taxonomy":"category","embeddable":true,"href":"https:\/\/www.europesays.com\/fr\/wp-json\/wp\/v2\/categories?post=401678"},{"taxonomy":"post_tag","embeddable":true,"href":"https:\/\/www.europesays.com\/fr\/wp-json\/wp\/v2\/tags?post=401678"}],"curies":[{"name":"wp","href":"https:\/\/api.w.org\/{rel}","templated":true}]}}