{"id":401694,"date":"2025-09-19T05:52:10","date_gmt":"2025-09-19T05:52:10","guid":{"rendered":"https:\/\/www.europesays.com\/fr\/401694\/"},"modified":"2025-09-19T05:52:10","modified_gmt":"2025-09-19T05:52:10","slug":"lete-de-retour-a-lyon-mais-pas-pour-longtemps","status":"publish","type":"post","link":"https:\/\/www.europesays.com\/fr\/401694\/","title":{"rendered":"l\u2019\u00e9t\u00e9 de retour \u00e0 Lyon\u2026 mais pas pour longtemps"},"content":{"rendered":"<p itemprop=\"description\"><strong>Il faudra en profiter.<\/strong><\/p>\n<p>Il va faire chaud\u2026 et m\u00eame plut\u00f4t chaud pour un mois de septembre. La fin de semaine s\u2019annonce particuli\u00e8rement agr\u00e9able sur l\u2019agglom\u00e9ration lyonnaise et le d\u00e9partement du Rh\u00f4ne. Le soleil sera au rendez-vous des journ\u00e9es de vendredi et de ce samedi avec au bout des temp\u00e9ratures qui d\u00e9passeront de loin les normales de saison.<\/p>\n<p>On attend en effet plus de 31\u00b0C ce vendredi apr\u00e8s-midi soit 9\u00b0C de plus qu\u2019habituellement pour une mi-septembre. Le sc\u00e9nario restera le m\u00eame pour ce samedi avec une moyenne de 19\u00b0C le matin sur l\u2019agglom\u00e9ration lyonnaise et une nouvelle fois 31\u00b0C au plus fort de la journ\u00e9e.<\/p>\n<p>Autant dire qu\u2019il faudra en profiter puisqu\u2019un changement de temps se pr\u00e9pare pour la fin du week-end. Ce dimanche, la pluie reviendra en force avec des risques d\u2019orages. Le mercure lui va fortement baisser : pas plus de 23\u00b0C. Le d\u00e9but de semaine sera \u00e9galement marqu\u00e9 par la fraicheur. Comptez un maximum de 18\u00b0C ce lundi, 16\u00b0C ce mardi et 15\u00b0C ce mercredi.<\/p>\n<blockquote class=\"twitter-tweet\"><p>&#13;<\/p>\n<p dir=\"ltr\" lang=\"fr\">\ud83d\udcc9 Apr\u00e8s un impressionnant pic de <a href=\"https:\/\/twitter.com\/hashtag\/chaleur?src=hash&amp;ref_src=twsrc%5Etfw\" rel=\"nofollow noopener\" target=\"_blank\">#chaleur<\/a>, les temp\u00e9ratures d\u00e9gringoleront litt\u00e9ralement ce dimanche 21 septembre 2025, renouant avec des niveaux inf\u00e9rieurs aux normales. Notre article sur l&rsquo;arriv\u00e9e de l&rsquo;<a href=\"https:\/\/twitter.com\/hashtag\/automne?src=hash&amp;ref_src=twsrc%5Etfw\" rel=\"nofollow noopener\" target=\"_blank\">#automne<\/a>. \u27a1\ufe0f <a href=\"https:\/\/t.co\/RKrz2UkF94\" rel=\"nofollow\">https:\/\/t.co\/RKrz2UkF94<\/a> <a href=\"https:\/\/t.co\/TsmRT1UYso\" rel=\"nofollow\">pic.twitter.com\/TsmRT1UYso<\/a><\/p>\n<p>&#13;<br \/>\n\u2014 Guillaume S\u00e9chet (@Meteovilles) <a href=\"https:\/\/twitter.com\/Meteovilles\/status\/1968714404230283773?ref_src=twsrc%5Etfw\" rel=\"nofollow noopener\" target=\"_blank\">September 18, 2025<\/a><\/p><\/blockquote>\n<p>\t\t  <script async src=\"https:\/\/platform.twitter.com\/widgets.js\" charset=\"utf-8\"><\/script><\/p>\n","protected":false},"excerpt":{"rendered":"Il faudra en profiter. Il va faire chaud\u2026 et m\u00eame plut\u00f4t chaud pour un mois de septembre. La&hellip;\n","protected":false},"author":2,"featured_media":401695,"comment_status":"","ping_status":"","sticky":false,"template":"","format":"standard","meta":{"footnotes":""},"categories":[1889],"tags":[1111,11,2813,2190,2430,1109,251,1112,2811,1777,674,118,1011,27,1922,1110,1114,2428,2810,12,241,316,25,2812,517,800],"class_list":{"0":"post-401694","1":"post","2":"type-post","3":"status-publish","4":"format-standard","5":"has-post-thumbnail","7":"category-lyon","8":"tag-actu","9":"tag-actualites","10":"tag-article","11":"tag-asvel","12":"tag-auvergne-rhone-alpes","13":"tag-breves","14":"tag-culture","15":"tag-depeches","16":"tag-economique","17":"tag-eu","18":"tag-europe","19":"tag-faits-divers","20":"tag-fr","21":"tag-france","22":"tag-info","23":"tag-informations","24":"tag-infos","25":"tag-lyon","26":"tag-lyonmag","27":"tag-news","28":"tag-ol","29":"tag-politique","30":"tag-republique-francaise","31":"tag-sociale","32":"tag-sport","33":"tag-transports"},"share_on_mastodon":{"url":"https:\/\/pubeurope.com\/@fr\/115229408866196037","error":""},"_links":{"self":[{"href":"https:\/\/www.europesays.com\/fr\/wp-json\/wp\/v2\/posts\/401694","targetHints":{"allow":["GET"]}}],"collection":[{"href":"https:\/\/www.europesays.com\/fr\/wp-json\/wp\/v2\/posts"}],"about":[{"href":"https:\/\/www.europesays.com\/fr\/wp-json\/wp\/v2\/types\/post"}],"author":[{"embeddable":true,"href":"https:\/\/www.europesays.com\/fr\/wp-json\/wp\/v2\/users\/2"}],"replies":[{"embeddable":true,"href":"https:\/\/www.europesays.com\/fr\/wp-json\/wp\/v2\/comments?post=401694"}],"version-history":[{"count":0,"href":"https:\/\/www.europesays.com\/fr\/wp-json\/wp\/v2\/posts\/401694\/revisions"}],"wp:featuredmedia":[{"embeddable":true,"href":"https:\/\/www.europesays.com\/fr\/wp-json\/wp\/v2\/media\/401695"}],"wp:attachment":[{"href":"https:\/\/www.europesays.com\/fr\/wp-json\/wp\/v2\/media?parent=401694"}],"wp:term":[{"taxonomy":"category","embeddable":true,"href":"https:\/\/www.europesays.com\/fr\/wp-json\/wp\/v2\/categories?post=401694"},{"taxonomy":"post_tag","embeddable":true,"href":"https:\/\/www.europesays.com\/fr\/wp-json\/wp\/v2\/tags?post=401694"}],"curies":[{"name":"wp","href":"https:\/\/api.w.org\/{rel}","templated":true}]}}