{"id":401701,"date":"2025-09-19T05:58:34","date_gmt":"2025-09-19T05:58:34","guid":{"rendered":"https:\/\/www.europesays.com\/fr\/401701\/"},"modified":"2025-09-19T05:58:34","modified_gmt":"2025-09-19T05:58:34","slug":"un-tableau-inconnu-de-pablo-picasso-estime-a-8-millions-deuros-devoile-a-paris","status":"publish","type":"post","link":"https:\/\/www.europesays.com\/fr\/401701\/","title":{"rendered":"Un tableau inconnu de Pablo Picasso estim\u00e9 \u00e0 8 millions d&rsquo;euros d\u00e9voil\u00e9 \u00e0 Paris"},"content":{"rendered":"<ul class=\"jsx-862013697 ArticleChapo__List\">\n<li class=\"jsx-862013697 ArticleChapo__List_Item flex\">Un tableau de Pablo Picasso intitul\u00e9 \u00ab\u00a0Buste de femme au chapeau \u00e0 fleurs\u00a0\u00bb sera mis aux ench\u00e8res le 24 octobre \u00e0 l&rsquo;H\u00f4tel Drouot \u00e0 Paris.<\/li>\n<li class=\"jsx-862013697 ArticleChapo__List_Item flex\">Ce portait de sa compagne Dora Maar peint en 1943 est estim\u00e9 autour de 8 millions d&rsquo;euros.<\/li>\n<li class=\"jsx-862013697 ArticleChapo__List_Item flex\">Inconnu du grand public et jamais expos\u00e9, il appartient aux ayants droit d&rsquo;un grand collectionneur fran\u00e7ais.<\/li>\n<\/ul>\n<p data-module=\"article-paragraph\" class=\"jsx-3046738180 Paragraph Paragraph__End\">Un tableau \u00ab\u00a0exceptionnel\u00a0\u00bb de Pablo Picasso, portrait de sa compagne Dora Maar, peint en 1943 et conserv\u00e9 par la famille de son premier propri\u00e9taire depuis 1944, a \u00e9t\u00e9 d\u00e9voil\u00e9 jeudi 18 septembre \u00e0 l&rsquo;H\u00f4tel Drouot \u00e0 Paris, o\u00f9 il sera mis aux ench\u00e8res le 24 octobre. Intitul\u00e9 Buste de femme au chapeau \u00e0 fleurs, ce tableau tr\u00e8s color\u00e9 peint \u00e0 l&rsquo;huile et d&rsquo;une taille de 80 x 60 centim\u00e8tres, est \u00ab\u00a0estim\u00e9 autour de 8 millions d&rsquo;euros, un prix de r\u00e9serve qui peut s&rsquo;envoler\u00a0\u00bb, selon Christophe Lucien, commissaire-priseur charg\u00e9 de la vente.\u00a0<\/p>\n<p>Un tableau jamais expos\u00e9<\/p>\n<p data-module=\"article-paragraph\" class=\"jsx-3046738180 Paragraph Paragraph__End\">Il a \u00e9t\u00e9 <a href=\"https:\/\/www.tf1info.fr\/culture\/grasse-271-dessins-de-picasso-retrouves-dans-leur-garage-un-cadeau-de-remerciement-du-peintre-1188151.html\" target=\"_blank\" rel=\"noopener\">peint par Picasso<\/a> le 11 juillet 1943 et acquis en ao\u00fbt 1944 par le grand-p\u00e8re des actuels ayants droit, un grand collectionneur fran\u00e7ais. Ces derniers souhaitent le vendre dans le cadre d&rsquo;une succession, a-t-il pr\u00e9cis\u00e9.\u00a0<\/p>\n<p><img decoding=\"async\" src=\"https:\/\/www.europesays.com\/fr\/wp-content\/uploads\/2025\/09\/picasso-buste-de-femme-au-chapeau-a-fleurs-ee83f5-0@1x.jpeg\" alt=\"AFP\" loading=\"lazy\" importance=\"low\" fetchpriority=\"low\" class=\"\" data-module=\"article-image\"\/>AFP<\/p>\n<p data-module=\"article-paragraph\" class=\"jsx-3046738180 Paragraph Paragraph__End\">\u00ab\u00a0<a href=\"https:\/\/www.tf1info.fr\/culture\/italie-le-tableau-retrouve-dans-une-cave-en-1962-est-un-original-de-picasso-2326278.html\" target=\"_blank\" rel=\"noopener\">Inconnu du public et jamais expos\u00e9<\/a>, hormis dans l&rsquo;atelier du ma\u00eetre espagnol \u00e0 Paris pendant l&rsquo;Occupation\u00a0\u00bb, ce tableau est \u00ab\u00a0assez exceptionnel et marque un jalon dans l&rsquo;histoire de l&rsquo;art et dans celle de Picasso\u00a0\u00bb, a pr\u00e9cis\u00e9 Agn\u00e8s Sevestre-Barb\u00e9, sp\u00e9cialiste de Picasso pr\u00e9sente lors du d\u00e9voilement de l&rsquo;\u0153uvre.<\/p>\n<p><a href=\"https:\/\/www.tf1info.fr\/culture\/video-une-chaussette-sale-de-michael-jackson-mise-aux-encheres-a-nimes-2385982.html\" rel=\"noopener\" class=\"jsx-3308031228 Link flex\" target=\"_blank\"><img decoding=\"async\" src=\"https:\/\/www.europesays.com\/fr\/wp-content\/uploads\/2025\/09\/michael-jackson-1996-493091-0@1x.jpeg\" alt=\"AFP\" loading=\"lazy\" importance=\"low\" fetchpriority=\"low\" class=\"\" aria-hidden=\"true\"\/><\/p>\n<p class=\"jsx-3657663356 ReadMoreArticle__Title\">Lire aussi<\/p>\n<p class=\"jsx-3657663356\">Une chaussette (sale) de Michael Jackson vendue 6.200 euros aux ench\u00e8res \u00e0 N\u00eemes<\/p>\n<p><\/a><\/p>\n<p data-module=\"article-paragraph\" class=\"jsx-3046738180 Paragraph\">D&rsquo;inspiration \u00ab\u00a0\u00e0 la fois naturaliste et cubiste\u00a0\u00bb, il montre Dora Maar en proie \u00e0 la tristesse mais au visage harmonieux, portant un chapeau \u00e0 fleurs, color\u00e9, au moment o\u00f9 Picasso la d\u00e9laisse pour une plus jeune femme, Fran\u00e7oise Gilot. Authentifi\u00e9 par l&rsquo;administration Picasso, ce portrait n&rsquo;\u00e9tait connu des sp\u00e9cialistes et passionn\u00e9s de Picasso qu&rsquo;en noir et blanc et \u00e0 travers le catalogue raisonn\u00e9 de ses \u0153uvres (inventaire officiel) le mentionnant, selon Drouot.\u00a0<\/p>\n<p data-module=\"article-paragraph\" class=\"jsx-3046738180 Paragraph Paragraph__End\">Des photos de Brassa\u00ef, ami de Picasso, prises dans l&rsquo;atelier du peintre attestent \u00e9galement de la pr\u00e9sence du tableau. Ces photos ont \u00e9t\u00e9 pr\u00e9sent\u00e9es lors du d\u00e9voilement de l&rsquo;\u0153uvre jeudi par la maison de vente aux ench\u00e8res.<\/p>\n<p>Rania HOBALLAH avec AFP<\/p>\n","protected":false},"excerpt":{"rendered":"Un tableau de Pablo Picasso intitul\u00e9 \u00ab\u00a0Buste de femme au chapeau \u00e0 fleurs\u00a0\u00bb sera mis aux ench\u00e8res le&hellip;\n","protected":false},"author":2,"featured_media":401702,"comment_status":"","ping_status":"","sticky":false,"template":"","format":"standard","meta":{"footnotes":""},"categories":[1888],"tags":[1111,1928,11,1927,1921,1777,674,1011,27,1922,2041,12,1926,52200,626,1925,973,25,1669,133,2040],"class_list":{"0":"post-401701","1":"post","2":"type-post","3":"status-publish","4":"format-standard","5":"has-post-thumbnail","7":"category-paris","8":"tag-actu","9":"tag-actu-paris","10":"tag-actualites","11":"tag-actualites-paris","12":"tag-article-video","13":"tag-eu","14":"tag-europe","15":"tag-fr","16":"tag-france","17":"tag-info","18":"tag-medias-et-divertissement","19":"tag-news","20":"tag-news-paris","21":"tag-pablo-picasso","22":"tag-paris","23":"tag-paris-news","24":"tag-people","25":"tag-republique-francaise","26":"tag-sorties","27":"tag-video","28":"tag-video-culture"},"share_on_mastodon":{"url":"https:\/\/pubeurope.com\/@fr\/115229432521645371","error":""},"_links":{"self":[{"href":"https:\/\/www.europesays.com\/fr\/wp-json\/wp\/v2\/posts\/401701","targetHints":{"allow":["GET"]}}],"collection":[{"href":"https:\/\/www.europesays.com\/fr\/wp-json\/wp\/v2\/posts"}],"about":[{"href":"https:\/\/www.europesays.com\/fr\/wp-json\/wp\/v2\/types\/post"}],"author":[{"embeddable":true,"href":"https:\/\/www.europesays.com\/fr\/wp-json\/wp\/v2\/users\/2"}],"replies":[{"embeddable":true,"href":"https:\/\/www.europesays.com\/fr\/wp-json\/wp\/v2\/comments?post=401701"}],"version-history":[{"count":0,"href":"https:\/\/www.europesays.com\/fr\/wp-json\/wp\/v2\/posts\/401701\/revisions"}],"wp:featuredmedia":[{"embeddable":true,"href":"https:\/\/www.europesays.com\/fr\/wp-json\/wp\/v2\/media\/401702"}],"wp:attachment":[{"href":"https:\/\/www.europesays.com\/fr\/wp-json\/wp\/v2\/media?parent=401701"}],"wp:term":[{"taxonomy":"category","embeddable":true,"href":"https:\/\/www.europesays.com\/fr\/wp-json\/wp\/v2\/categories?post=401701"},{"taxonomy":"post_tag","embeddable":true,"href":"https:\/\/www.europesays.com\/fr\/wp-json\/wp\/v2\/tags?post=401701"}],"curies":[{"name":"wp","href":"https:\/\/api.w.org\/{rel}","templated":true}]}}