{"id":401703,"date":"2025-09-19T05:59:10","date_gmt":"2025-09-19T05:59:10","guid":{"rendered":"https:\/\/www.europesays.com\/fr\/401703\/"},"modified":"2025-09-19T05:59:10","modified_gmt":"2025-09-19T05:59:10","slug":"visiteurs-commerciale-btob-tourisme-sur-mesure-circuits-dexception-cdi-paris-ile-de-france-et-province-petites-annonces","status":"publish","type":"post","link":"https:\/\/www.europesays.com\/fr\/401703\/","title":{"rendered":"VISITEURS &#8211; Commercial(e) BtoB \u2013 Tourisme sur mesure &#038; circuits d\u2019exception &#8211; CDI &#8211; (Paris\/Ile de France et Province) | Petites annonces"},"content":{"rendered":"<p>\n\t\t\t\t <br \/>Qui sommes-nous ? <\/p>\n<p style=\"margin: 30px;\">Depuis bient\u00f4t 40 ans, VISITEURS con\u00e7oit des voyages riches de sens, aux quatre coins du monde. Des circuits accompagn\u00e9s, des voyages sur mesure, des s\u00e9jours soigneusement s\u00e9lectionn\u00e9s : notre ambition est de proposer des moments de vie uniques, en lien avec les cultures, les paysages et les peuples.&#13;\t\t\t\t <\/p>\n<p>Authenticit\u00e9, partage, respect de l\u2019environnement, attention aux d\u00e9tails et qualit\u00e9 d\u2019accompagnement sont les fondements de notre approche.&#13;\t\t\t\t <\/p>\n<p>Dans le cadre de notre d\u00e9veloppement, nous recherchons <b>un(e) commercial(e) terrain BtoB exp\u00e9riment\u00e9(e) pour repr\u00e9senter VISITEURS aupr\u00e8s des agences de voyages partenaires sur une large zone comprenant Paris, l\u2019\u00cele-de-France Est, et le Centre-Est.<\/b>&#13;\t\t\t\t <\/p>\n<p>\ud83d\udccd<b>Secteurs pour le poste (un seul) :<\/b>&#13;\t\t\t\t <br \/><b>Paris et Ile de France : 75, 77, 91, 93 et 94.&#13;\t\t\t\t <br \/>Province : 08, 10, 18, 36, 41, 45, 51, 52, 55, 58, 89<\/b><\/p>\n<p>\n\t\t\t\t  Description du poste<\/p>\n<ul style=\"margin: 30px;\">Rattach\u00e9(e) \u00e0 <b>la direction commerciale<\/b>, vous serez <b>l\u2019interlocuteur(rice) privil\u00e9gi\u00e9(e) des agences de voyages de votre secteur <\/b> pour promouvoir les produits <b>VISITEURS <\/b>: <b>circuits accompagn\u00e9s, voyages sur mesure, et s\u00e9jours d\u2019exception<\/b>.&#13;\t\t\t\t <\/p>\n<p><b>Vous serez notamment charg\u00e9(e) de :<\/b>&#13;\t\t\t\t <\/p>\n<p>&#8211; D\u00e9velopper un portefeuille de partenaires agences et r\u00e9seaux, et renforcer leur fid\u00e9lisation&#13;\t\t\t\t <br \/>&#8211; Pr\u00e9senter, promouvoir et vendre nos produits aux professionnels du tourisme&#13;\t\t\t\t <br \/>&#8211; Former les \u00e9quipes de vente aux outils, itin\u00e9raires et collections de voyages VISITEURS&#13;\t\t\t\t <br \/>&#8211; Mettre en \u0153uvre des actions commerciales sur votre secteur (visites, animations, roadshowss, eductours, salons, etc.)&#13;\t\t\t\t <br \/>&#8211; Analyser les besoins du march\u00e9 local pour adapter les actions commerciales&#13;\t\t\t\t <br \/>&#8211; Atteindre les objectifs fix\u00e9s en termes de chiffre d\u2019affaires et de parts de march\u00e9.<\/p>\n<\/ul>\n<p>\t\t\t\t  Profil recherch\u00e9 <\/p>\n<p style=\"margin: 30px;\">&#8211; <b>Exp\u00e9rience confirm\u00e9e (3 ans minimum) dans une fonction similaire <\/b> en tant que commercial(e) BtoB dans le secteur du tourisme&#13;\t\t\t\t <br \/>&#8211; Formation <b>Bac+2 minimum<\/b> (commerce, tourisme ou \u00e9quivalent)&#13;\t\t\t\t <br \/>&#8211;<b> Excellent relationnel<\/b>, sens de la p\u00e9dagogie, go\u00fbt du terrain et de la performance&#13;\t\t\t\t <br \/>&#8211; Organisation, autonomie, rigueur et dynamisme sont essentiels \u00e0 votre r\u00e9ussite&#13;\t\t\t\t <br \/>&#8211; <b>Ma\u00eetrise des outils num\u00e9riques<\/b> (CRM, pr\u00e9sentations, reporting)&#13;\t\t\t\t <br \/>&#8211; <b>Connaissance des r\u00e9seaux d\u2019agences de voyages et de leur fonctionnement<\/b>&#13;\t\t\t\t <br \/>&#8211; <b>Esprit collectif indispensable<\/b>&#13;\t\t\t\t <br \/>&#8211; Go\u00fbt du challenge  <\/p>\n<p>\n\t\t\t\t  Avantages <\/p>\n<p style=\"margin: 30px;\">\ud83c\udf0d <b>Pourquoi rejoindre VISITEURS ?<\/b>&#13;\t\t\t\t <\/p>\n<p>&#8211; Une entreprise \u00e0 taille humaine avec une identit\u00e9 forte et des valeurs port\u00e9es sur la rencontre, la d\u00e9couverte et la responsabilit\u00e9&#13;\t\t\t\t <br \/>&#8211; Une \u00e9quipe passionn\u00e9e, solidaire, experte, et proche de ses partenaires&#13;\t\t\t\t <br \/>&#8211; Une entreprise attach\u00e9e \u00e0 la promesse clients&#13;\t\t\t\t <br \/>&#8211; Des produits riches, diff\u00e9renciants, orient\u00e9s qualit\u00e9 avant tout&#13;\t\t\t\t <br \/>&#8211; Des voyages d\u2019exception&#13;\t\t\t\t <br \/>&#8211; De nombreux projets en cours <\/p>\n<p>\n\t\t\t\t  Conditions <\/p>\n<p style=\"margin: 30px;\">&#8211; Contrat <b>CDI \u00e0 pourvoir \u00e0 partir d&rsquo;Octobre 2025<\/b>&#13;\t\t\t\t <br \/>&#8211; R\u00e9mun\u00e9ration :<b> fixe selon profil + variable selon objectifs<\/b>&#13;\t\t\t\t <br \/>&#8211; <b>T\u00e9l\u00e9travail possible<\/b> avec <b>nombreux d\u00e9placements et une journ\u00e9e par semaine au bureau<\/b> (Paris 9\u00e8me)&#13;\t\t\t\t <\/p>\n<p><b>Avantages :<\/b>&#13;\t\t\t\t <\/p>\n<p>\ud83d\ude97 V\u00e9hicule de fonction&#13;\t\t\t\t <br \/>\ud83d\udcbb Outils de travail fournis (ordinateur, mobile)&#13;\t\t\t\t <br \/>\ud83c\udfdd\ufe0f Eductours sur nos destinations&#13;\t\t\t\t <br \/>\ud83e\ude7a Mutuelle entreprise\u200b<\/p>\n<p>\n\t\t\t\t  D\u00e9roulement des entretiens <\/p>\n<p style=\"margin: 30px;\">2 entretiens avec la direction commerciale et la direction g\u00e9n\u00e9rale&#13;\t\t\t\t <\/p>\n<p>\u2708\ufe0f <b>Envie de faire voyager autrement ?<\/b>&#13;\t\t\t\t <\/p>\n<p><b>Rejoignez VISITEURS, acteur reconnu du voyage de d\u00e9couverte depuis pr\u00e8s de 40 ans, et devenez un maillon essentiel de notre d\u00e9veloppement commercial !<\/b><\/p>\n<p><\/p>\n<p>Merci de nous transmettre votre CV, dossier de candidature et lettre de motivation via notre page recrutement<\/p>\n","protected":false},"excerpt":{"rendered":"Qui sommes-nous ? Depuis bient\u00f4t 40 ans, VISITEURS con\u00e7oit des voyages riches de sens, aux quatre coins du&hellip;\n","protected":false},"author":2,"featured_media":15231,"comment_status":"","ping_status":"","sticky":false,"template":"","format":"standard","meta":{"footnotes":""},"categories":[1888],"tags":[11,6421,2408,2105,1777,674,1011,27,6417,4662,3754,12,626,6422,25,6419,6420,602,6418],"class_list":{"0":"post-401703","1":"post","2":"type-post","3":"status-publish","4":"format-standard","5":"has-post-thumbnail","7":"category-paris","8":"tag-actualites","9":"tag-agences-de-voyage","10":"tag-appels-d","11":"tag-distribution","12":"tag-eu","13":"tag-europe","14":"tag-fr","15":"tag-france","16":"tag-information","17":"tag-journal","18":"tag-media","19":"tag-news","20":"tag-paris","21":"tag-place-de-marche","22":"tag-republique-francaise","23":"tag-tour-operateurs","24":"tag-tour-operators","25":"tag-tourisme","26":"tag-voyagistes"},"share_on_mastodon":{"url":"https:\/\/pubeurope.com\/@fr\/115229436446136137","error":""},"_links":{"self":[{"href":"https:\/\/www.europesays.com\/fr\/wp-json\/wp\/v2\/posts\/401703","targetHints":{"allow":["GET"]}}],"collection":[{"href":"https:\/\/www.europesays.com\/fr\/wp-json\/wp\/v2\/posts"}],"about":[{"href":"https:\/\/www.europesays.com\/fr\/wp-json\/wp\/v2\/types\/post"}],"author":[{"embeddable":true,"href":"https:\/\/www.europesays.com\/fr\/wp-json\/wp\/v2\/users\/2"}],"replies":[{"embeddable":true,"href":"https:\/\/www.europesays.com\/fr\/wp-json\/wp\/v2\/comments?post=401703"}],"version-history":[{"count":0,"href":"https:\/\/www.europesays.com\/fr\/wp-json\/wp\/v2\/posts\/401703\/revisions"}],"wp:featuredmedia":[{"embeddable":true,"href":"https:\/\/www.europesays.com\/fr\/wp-json\/wp\/v2\/media\/15231"}],"wp:attachment":[{"href":"https:\/\/www.europesays.com\/fr\/wp-json\/wp\/v2\/media?parent=401703"}],"wp:term":[{"taxonomy":"category","embeddable":true,"href":"https:\/\/www.europesays.com\/fr\/wp-json\/wp\/v2\/categories?post=401703"},{"taxonomy":"post_tag","embeddable":true,"href":"https:\/\/www.europesays.com\/fr\/wp-json\/wp\/v2\/tags?post=401703"}],"curies":[{"name":"wp","href":"https:\/\/api.w.org\/{rel}","templated":true}]}}