{"id":401710,"date":"2025-09-19T06:03:12","date_gmt":"2025-09-19T06:03:12","guid":{"rendered":"https:\/\/www.europesays.com\/fr\/401710\/"},"modified":"2025-09-19T06:03:12","modified_gmt":"2025-09-19T06:03:12","slug":"entretien-trump-xi-pour-saccorder-sur-tiktok-favoriser-les-discussions-usa-chine-19-09-2025-a-0601","status":"publish","type":"post","link":"https:\/\/www.europesays.com\/fr\/401710\/","title":{"rendered":"Entretien Trump-Xi pour s&rsquo;accorder sur TikTok, favoriser les discussions USA-Chine &#8211; 19\/09\/2025 \u00e0 06:01"},"content":{"rendered":"<p>\n par Trevor Hunnicutt\n<\/p>\n<p>\n Le pr\u00e9sident<br \/>\nam\u00e9ricain Donald Trump et le pr\u00e9sident chinois Xi Jinping<br \/>\ndoivent s&rsquo;entretenir vendredi par t\u00e9l\u00e9phone avec l&rsquo;objectif de<br \/>\nparvenir \u00e0 un accord pour pr\u00e9server les op\u00e9rations de<br \/>\nl&rsquo;application TikTok aux Etats-Unis et d&rsquo;apaiser les tensions<br \/>\nentre les deux pays \u00e0 propos du commerce.\n<\/p>\n<p>\n Il s&rsquo;agit du premier entretien rendu public entre les deux<br \/>\ndirigeants depuis trois mois. Des repr\u00e9sentants am\u00e9ricains ont<br \/>\nfait savoir qu&rsquo;il aurait lieu dans la matin\u00e9e, heure de la c\u00f4te<br \/>\nEst am\u00e9ricaine. La Chine n&rsquo;a pas confirm\u00e9 officiellement qu&rsquo;un<br \/>\n\u00e9change t\u00e9l\u00e9phonique aurait lieu.\n<\/p>\n<p>\n Washington et P\u00e9kin ont \u00e9tabli plus t\u00f4t cette ann\u00e9e des<br \/>\ndiscussions \u00e0 propos d&rsquo;une possible rencontre entre les deux<br \/>\npr\u00e9sidents en marge du Forum de coop\u00e9ration Asie-Pacifique<br \/>\n(Apec) pr\u00e9vu fin octobre en Cor\u00e9e du Sud, ont d\u00e9clar\u00e9 en juillet<br \/>\ndes sources \u00e0 Reuters, sur fond d&rsquo;une apparente volont\u00e9 de<br \/>\nDonald Trump et Xi Jinping de stabiliser les relations entre les<br \/>\ndeux plus grandes puissances \u00e9conomiques mondiales.\n<\/p>\n<p>\n Alors que le Congr\u00e8s am\u00e9ricain a adopt\u00e9 l&rsquo;an dernier une loi<br \/>\nordonnant la fermeture de TikTok si ses op\u00e9rations aux<br \/>\nEtats-Unis n&rsquo;\u00e9taient pas vendues par son propri\u00e9taire chinois<br \/>\nByteDance, citant des motifs de s\u00e9curit\u00e9 nationale, Donald Trump<br \/>\na accord\u00e9 d\u00e8s son retour au pouvoir en janvier dernier un d\u00e9lai<br \/>\nsuppl\u00e9mentaire \u00e0 l&rsquo;application afin de lui trouver un nouveau<br \/>\npropri\u00e9taire.\n<\/p>\n<p>\n Le chef de la Maison blanche, r\u00e9ticent \u00e0 l&rsquo;id\u00e9e de fermer<br \/>\nTikTok aux Etats-Unis du fait du grand nombre d&rsquo;utilisateurs de<br \/>\nl&rsquo;application et du r\u00f4le de celle-ci pour la diffusion de<br \/>\nmessages politiques, a besoin que P\u00e9kin donne son feu vert \u00e0 une<br \/>\noffre de rachat am\u00e9ricaine.\n<\/p>\n<p>\n \u00ab\u00a0J&rsquo;aime TikTok. Elle a aid\u00e9 \u00e0 me faire \u00e9lire\u00a0\u00bb, a d\u00e9clar\u00e9<br \/>\njeudi Donald Trump lors d&rsquo;une conf\u00e9rence de presse. \u00ab\u00a0TikTok a<br \/>\nune valeur consid\u00e9rable. Les Etats-Unis ont cette valeur entre<br \/>\nleurs mains, parce qu&rsquo;ils nous appartient de l&rsquo;approuver\u00a0\u00bb.\n<\/p>\n<p>\n Des questions cruciales demeurent \u00e0 propos de l&rsquo;accord entre<br \/>\nles deux pays annonc\u00e9 plus t\u00f4t cette semaine par des<br \/>\nrepr\u00e9sentants am\u00e9ricains, notamment la structure de capital de<br \/>\nl&rsquo;entreprise, l&rsquo;ampleur du contr\u00f4le que P\u00e9kin conserverait ou<br \/>\nnon, et si le Congr\u00e8s am\u00e9ricain approuvera l&rsquo;op\u00e9ration.\n<\/p>\n<p>\n FRONTS MULTIPLES\n<\/p>\n<p>\n Selon des sources au fait de la question, une fois act\u00e9 le<br \/>\ntransfert des op\u00e9rations de TikTok aux Etats-Unis, l&rsquo;application<br \/>\ncontinuera d&rsquo;utiliser l&rsquo;algorithme mis au point par ByteDance.<br \/>\nCela pr\u00e9occupe des \u00e9lus am\u00e9ricains, inquiets que la Chine<br \/>\npuissance espionner les Am\u00e9ricains ou mener des op\u00e9rations<br \/>\nd&rsquo;influence via l&rsquo;application. P\u00e9kin dit qu&rsquo;aucune preuve ne<br \/>\nmontre que TikTok repr\u00e9sente un danger de s\u00e9curit\u00e9 nationale.\n<\/p>\n<p>\n Le dossier TikTok est men\u00e9 en parall\u00e8le \u00e0 des n\u00e9gociations<br \/>\nplus larges entre les Etats-Unis et la Chine, qui tentent de<br \/>\nparvenir \u00e0 un accord commercial pour \u00e9viter d&rsquo;importants droits<br \/>\nde douane mutuels, alors que Donald Trump a entrepris une<br \/>\nrefonte de la politique commerciale am\u00e9ricaine.\n<\/p>\n<p>\n Une tr\u00eave commerciale a \u00e9t\u00e9 convenue en mai, puis prolong\u00e9e<br \/>\n\u00e0 la mi-ao\u00fbt de trois mois, mais les relations entre les deux<br \/>\nplus grandes puissances \u00e9conomiques mondiales restent glaciales.\n<\/p>\n<p>\n \u00ab\u00a0Nous sommes proches d&rsquo;un accord\u00a0\u00bb, a dit Donald Trump jeudi,<br \/>\nsemble-t-il en r\u00e9f\u00e9rence aux n\u00e9gociations commerciales. \u00ab\u00a0Nous<br \/>\npourrions d\u00e9cider d&rsquo;une extension (de la pause) avec la Chine,<br \/>\nqui serait bas\u00e9e sur les termes actuels, ce qui est plut\u00f4t<br \/>\nbien\u00a0\u00bb, a-t-il poursuivi.\n<\/p>\n<p>\n En marge du commerce persistent des points de friction,<br \/>\nnotamment \u00e0 propos de Ta\u00efwan et des revendications territoriales<br \/>\nde P\u00e9kin en mer de Chine du Sud, rel\u00e9gu\u00e9es au second plan \u00e0<br \/>\nWashington par les guerres en Ukraine et \u00e0 Gaza.\n<\/p>\n<p>\n Un porte-parole de l&rsquo;ambassade de Chine \u00e0 Washington a<br \/>\nd\u00e9clar\u00e9 que la diplomatie entre les chefs d&rsquo;Etat \u00ab\u00a0joue un r\u00f4le<br \/>\nirrempla\u00e7able pour fournir des orientations strat\u00e9giques pour<br \/>\nles relations sino-am\u00e9ricaines\u00a0\u00bb.\n<\/p>\n<p>\n Signe de bonne volont\u00e9 en amont de l&rsquo;entretien t\u00e9l\u00e9phonique<br \/>\nTrump-Xi, la Chine a autoris\u00e9 cette semaine le d\u00e9part d&rsquo;une<br \/>\nbanqui\u00e8re de Wells Fargo<br \/>\n <a href=\"https:\/\/www.boursorama.com\/cours\/WFC\/\" rel=\"nofollow noopener\" target=\"_blank\"><br \/>\n  WFC.N<br \/>\n <\/a><br \/>\n qui avait depuis plusieurs mois<br \/>\ninterdiction de quitter le territoire chinois pour retourner aux<br \/>\nEtats-Unis.\n<\/p>\n<p>\n (Trevor Hunnicutt, avec la contribution de David Brunnstrom;<br \/>\nversion fran\u00e7aise Jean Terzian)<\/p>\n","protected":false},"excerpt":{"rendered":"par Trevor Hunnicutt Le pr\u00e9sident am\u00e9ricain Donald Trump et le pr\u00e9sident chinois Xi Jinping doivent s&rsquo;entretenir vendredi par&hellip;\n","protected":false},"author":2,"featured_media":7013,"comment_status":"","ping_status":"","sticky":false,"template":"","format":"standard","meta":{"footnotes":""},"categories":[1589],"tags":[400,11,398,408,405,73,1866,403,402,399,404,12,401,406,1864,1865,1863,308,407],"class_list":{"0":"post-401710","1":"post","2":"type-post","3":"status-publish","4":"format-standard","5":"has-post-thumbnail","7":"category-etats-unis","8":"tag-action-cac-40","9":"tag-actualites","10":"tag-bourse-de-paris","11":"tag-boursorama","12":"tag-cotations","13":"tag-etats-unis","14":"tag-etats-unis-damerique","15":"tag-indices-devises","16":"tag-investir","17":"tag-investissement","18":"tag-marche-boursier","19":"tag-news","20":"tag-sicav","21":"tag-trackers","22":"tag-united-states","23":"tag-united-states-of-america","24":"tag-us","25":"tag-usa","26":"tag-warrants"},"share_on_mastodon":{"url":"https:\/\/pubeurope.com\/@fr\/115229452100994779","error":""},"_links":{"self":[{"href":"https:\/\/www.europesays.com\/fr\/wp-json\/wp\/v2\/posts\/401710","targetHints":{"allow":["GET"]}}],"collection":[{"href":"https:\/\/www.europesays.com\/fr\/wp-json\/wp\/v2\/posts"}],"about":[{"href":"https:\/\/www.europesays.com\/fr\/wp-json\/wp\/v2\/types\/post"}],"author":[{"embeddable":true,"href":"https:\/\/www.europesays.com\/fr\/wp-json\/wp\/v2\/users\/2"}],"replies":[{"embeddable":true,"href":"https:\/\/www.europesays.com\/fr\/wp-json\/wp\/v2\/comments?post=401710"}],"version-history":[{"count":0,"href":"https:\/\/www.europesays.com\/fr\/wp-json\/wp\/v2\/posts\/401710\/revisions"}],"wp:featuredmedia":[{"embeddable":true,"href":"https:\/\/www.europesays.com\/fr\/wp-json\/wp\/v2\/media\/7013"}],"wp:attachment":[{"href":"https:\/\/www.europesays.com\/fr\/wp-json\/wp\/v2\/media?parent=401710"}],"wp:term":[{"taxonomy":"category","embeddable":true,"href":"https:\/\/www.europesays.com\/fr\/wp-json\/wp\/v2\/categories?post=401710"},{"taxonomy":"post_tag","embeddable":true,"href":"https:\/\/www.europesays.com\/fr\/wp-json\/wp\/v2\/tags?post=401710"}],"curies":[{"name":"wp","href":"https:\/\/api.w.org\/{rel}","templated":true}]}}