{"id":401713,"date":"2025-09-19T06:05:13","date_gmt":"2025-09-19T06:05:13","guid":{"rendered":"https:\/\/www.europesays.com\/fr\/401713\/"},"modified":"2025-09-19T06:05:13","modified_gmt":"2025-09-19T06:05:13","slug":"classement-fiba-lallemagne-passe-2e-la-france-reste-4e","status":"publish","type":"post","link":"https:\/\/www.europesays.com\/fr\/401713\/","title":{"rendered":"Classement FIBA | L\u2019Allemagne passe 2e, la France reste 4e"},"content":{"rendered":"<p><img fetchpriority=\"high\" decoding=\"async\" class=\"aligncenter size-full wp-image-772788\" src=\"https:\/\/www.europesays.com\/fr\/wp-content\/uploads\/2025\/09\/https:\/\/www.basketusa.com\/app\/uploads\/2025\/09\/fx5p6n18uwfjrnzvwodk-e1758241463547.webp.webp\" alt=\"Allemagne\" width=\"1200\" height=\"802\"\/>Sans surprise, l&rsquo;<strong>Euro 2025<\/strong> a fait bouger des choses au dernier <a href=\"https:\/\/www.fiba.basketball\/en\/news\/germany-jump-to-no-2-in-latest-fiba-world-ranking-men-presented-by-nike\" rel=\"prefetch nofollow noopener\" target=\"_blank\">classement <strong>FIBA<\/strong><\/a>. Ainsi, <a href=\"https:\/\/www.basketusa.com\/news\/771834\/lallemagne-realise-le-double-champion-du-monde-champion-deurope\/\" rel=\"prefetch nofollow noopener\" target=\"_blank\">l&rsquo;invincible <strong>Allemagne<\/strong><\/a> a gagn\u00e9 une place et d\u00e9pass\u00e9 la Serbie (quant \u00e0 elle \u00e9limin\u00e9e d\u00e8s les 1\/8e de finale), ce qui offre un nouveau dauphin aux \u00c9tats-Unis, toujours loin devant \u00e0 la premi\u00e8re place (malgr\u00e9 une simple m\u00e9daille de bronze \u00e0 l&rsquo;AmeriCup).<\/p>\n<p>De son c\u00f4t\u00e9, la <strong>Turquie<\/strong>, <a href=\"https:\/\/www.basketusa.com\/news\/771896\/la-soupe-a-la-grimace-pour-la-turquie\/\" rel=\"prefetch nofollow noopener\" target=\"_blank\">finaliste malheureuse<\/a> de cette \u00e9dition contre les Allemands, grimpe de 15 places (!) pour s&rsquo;installer d\u00e8s \u00e0 pr\u00e9sent au 12e rang. C&rsquo;est d&rsquo;ailleurs la plus forte progression du Top 50 (plus loin, le Mali a gagn\u00e9 18 places pour se hisser au 65e rang, apr\u00e8s sa <a href=\"https:\/\/www.basketusa.com\/news\/766960\/langola-retrouve-le-toit-de-lafrique\/\" rel=\"prefetch nofollow noopener\" target=\"_blank\">finale \u00e0 l&rsquo;AfroBasket<\/a>). Autres belles surprises de cet Euro, qui avancent de quelques positions : la Finlande (17e) et la G\u00e9orgie (20e).<\/p>\n<p>Au rayon des \u00e9liminations pr\u00e9coces, outre la Serbie, soulignons la chute de deux places de l&rsquo;Espagne, sacr\u00e9e lors de l&rsquo;Euro 2022, mais \u00e9ject\u00e9e d\u00e8s la phase de poules cette ann\u00e9e. Quant \u00e0 la <strong>France<\/strong>, elle reste \u00e0 la quatri\u00e8me place, et sous la menace du Canada, malgr\u00e9 sa <a href=\"https:\/\/www.basketusa.com\/news\/770166\/la-france-quitte-leuro-par-la-petite-porte\/\" rel=\"prefetch nofollow noopener\" target=\"_blank\">sortie d\u00e8s les 1\/8e de finale<\/a>.<\/p>\n<p>Enfin, l&rsquo;Angola (29e), le Br\u00e9sil (10e) et l&rsquo;Australie (6e), respectivement vainqueurs de l&rsquo;AfroBasket, de l&rsquo;AmeriCup et de l&rsquo;Asia Cup, ont \u00e9galement progress\u00e9 de quelques rangs dans ce nouveau classement.<\/p>\n<p><img loading=\"lazy\" decoding=\"async\" class=\"aligncenter size-full wp-image-772789\" src=\"https:\/\/www.europesays.com\/fr\/wp-content\/uploads\/2025\/09\/https:\/\/www.basketusa.com\/app\/uploads\/2025\/09\/cgxtb1ilmmolrnmrjc7w-e1758241697936.webp.webp\" alt=\"\" width=\"1000\" height=\"1250\"\/><\/p>\n<p style=\"text-align: right;\">Cr\u00e9dit photo : FIBA.com<\/p>\n","protected":false},"excerpt":{"rendered":"Sans surprise, l&rsquo;Euro 2025 a fait bouger des choses au dernier classement FIBA. Ainsi, l&rsquo;invincible Allemagne a gagn\u00e9&hellip;\n","protected":false},"author":2,"featured_media":401714,"comment_status":"","ping_status":"","sticky":false,"template":"","format":"standard","meta":{"footnotes":""},"categories":[1587],"tags":[11,672,1804,1805,1803,1777,674,1801,12,1802],"class_list":{"0":"post-401713","1":"post","2":"type-post","3":"status-publish","4":"format-standard","5":"has-post-thumbnail","7":"category-allemagne","8":"tag-actualites","9":"tag-allemagne","10":"tag-bundesrepublik-deutschland","11":"tag-de","12":"tag-deutschland","13":"tag-eu","14":"tag-europe","15":"tag-germany","16":"tag-news","17":"tag-republique-federale-dallemagne"},"share_on_mastodon":{"url":"https:\/\/pubeurope.com\/@fr\/115229460576794276","error":""},"_links":{"self":[{"href":"https:\/\/www.europesays.com\/fr\/wp-json\/wp\/v2\/posts\/401713","targetHints":{"allow":["GET"]}}],"collection":[{"href":"https:\/\/www.europesays.com\/fr\/wp-json\/wp\/v2\/posts"}],"about":[{"href":"https:\/\/www.europesays.com\/fr\/wp-json\/wp\/v2\/types\/post"}],"author":[{"embeddable":true,"href":"https:\/\/www.europesays.com\/fr\/wp-json\/wp\/v2\/users\/2"}],"replies":[{"embeddable":true,"href":"https:\/\/www.europesays.com\/fr\/wp-json\/wp\/v2\/comments?post=401713"}],"version-history":[{"count":0,"href":"https:\/\/www.europesays.com\/fr\/wp-json\/wp\/v2\/posts\/401713\/revisions"}],"wp:featuredmedia":[{"embeddable":true,"href":"https:\/\/www.europesays.com\/fr\/wp-json\/wp\/v2\/media\/401714"}],"wp:attachment":[{"href":"https:\/\/www.europesays.com\/fr\/wp-json\/wp\/v2\/media?parent=401713"}],"wp:term":[{"taxonomy":"category","embeddable":true,"href":"https:\/\/www.europesays.com\/fr\/wp-json\/wp\/v2\/categories?post=401713"},{"taxonomy":"post_tag","embeddable":true,"href":"https:\/\/www.europesays.com\/fr\/wp-json\/wp\/v2\/tags?post=401713"}],"curies":[{"name":"wp","href":"https:\/\/api.w.org\/{rel}","templated":true}]}}