{"id":401717,"date":"2025-09-19T06:07:15","date_gmt":"2025-09-19T06:07:15","guid":{"rendered":"https:\/\/www.europesays.com\/fr\/401717\/"},"modified":"2025-09-19T06:07:15","modified_gmt":"2025-09-19T06:07:15","slug":"il-y-a-eu-deux-succes-quel-bilan-tirer-de-la-grosse-journee-de-mobilisation-hier-en-france","status":"publish","type":"post","link":"https:\/\/www.europesays.com\/fr\/401717\/","title":{"rendered":"\u00ab\u00a0Il y a eu deux succ\u00e8s\u00a0\u00bb\u00a0: quel bilan tirer de la grosse journ\u00e9e de mobilisation hier en France\u00a0?"},"content":{"rendered":"<p>  \tCe vendredi matin en France, les syndicats se r\u00e9jouissent du succ\u00e8s de la mobilisation dans les rues la veille. Avec\u00a01 million de manifestants d\u2019apr\u00e8s leurs chiffres, 500.000 d\u2019apr\u00e8s la police, ils ont d\u00e9montr\u00e9 leur capacit\u00e9 \u00e0 incarner la col\u00e8re des Fran\u00e7ais. Plus que le mouvement \u00ab\u00a0Bloquons tout\u00a0\u00bb, pour autant la situation politique reste toujours tr\u00e8s compliqu\u00e9e.<\/p>\n<p>&#13;<br \/>\n&#13;<\/p>\n<p>Il y a eu deux succ\u00e8s jeudi en France\u00a0: celui des syndicats, et donc de la gauche. Mais aussi un succ\u00e8s de la droite, avec le ministre de l\u2019Int\u00e9rieur, le R\u00e9publicain Bruno Retailleau, qui a r\u00e9ussi \u00e0 contenir les d\u00e9bordements.<\/p>\n<p>\u00c0 la fin de la journ\u00e9e, on comptait 181 interpellations qui ont abouti \u00e0 75 gardes \u00e0 vue. Ce n\u2019est pas beaucoup. Mais qu\u2019elle sera la suite\u00a0? Ce sera peut-\u00eatre une solution \u00e0 la belge\u2026 Une v\u00e9ritable R\u00e9volution.<\/p>\n<p>&#13;<br \/>\n&#13;<\/p>\n<p>&#13;<br \/>\n&#13;<\/p>\n<p>    \u00c0 lire aussi<\/p>\n<p>  <img decoding=\"async\" data-copyright=\"AFP\" class=\"r-img\"  typeof=\"foaf:Image\" src=\"https:\/\/www.europesays.com\/fr\/wp-content\/uploads\/2025\/09\/49291846.jpeg\" alt=\"AFP_74YH2L7\"\/><br \/>\n      <a href=\"https:\/\/www.rtl.be\/actu\/monde\/france\/journee-de-mobilisation-massive-en-france-plus-dun-million-de-personnes-dans-les\/2025-09-18\/article\/763962\" class=\"r-stories--link\" target=\"_blank\" rel=\"noopener\">Journ\u00e9e de mobilisation massive en France\u00a0: \u00ab\u00a0Plus d\u2019un million de personnes\u00a0\u00bb dans les manifestations, selon un syndicat<\/a><\/p>\n<p>Depuis 1958 et l\u2019instauration de la V\u00e8me R\u00e9publique, la France a perdu sa culture parlementaire. Jusqu\u2019en 2022 l\u2019Assembl\u00e9e nationale n\u2019\u00e9tait qu\u2019une chambre d\u2019enregistrement, au service d\u2019un gouvernement disposant de la majorit\u00e9 absolue. Une \u00e9vidence quand le parti du Pr\u00e9sident \u00e9tait au pouvoir, mais aussi en cas de cohabitation. Les \u00e9lections l\u00e9gislatives donnaient des vainqueurs et le pr\u00e9sident n\u2019avait qu\u2019\u00e0 nommer Premier Ministre, le chef du parti majoritaire.<\/p>\n<p>Un journaliste du Figaro vient d\u2019ailleurs de publier un livre dans lequel il affirme qu\u2019en proc\u00e9dant \u00e0 une dissolution l\u2019an dernier, Emmanuel Macron s\u2019attendait \u00e0 une victoire du Rassemblement National. Il aurait alors nomm\u00e9 Jordan Bardella \u00e0 Matignon, dans l\u2019espoir de le griller comme l\u2019avait fait Fran\u00e7ois Mitterrand avec Jacques Chirac en 1986.<\/p>\n<p>Du jamais vu<\/p>\n<p>Mais la constitution d\u2019un front r\u00e9publicain contre le RN a tout boulevers\u00e9, le parti de Marine Le Pen pourtant largement arriv\u00e9 en t\u00eate au premier tour, n\u2019a pas r\u00e9ussi \u00e0 transformer l\u2019essai, et la France s\u2019est retrouv\u00e9e sans majorit\u00e9 avec une Assembl\u00e9e constitu\u00e9e de trois grandes forces quasi \u00e9gales, et de 11 groupes parlementaires. Du jamais vu.<\/p>\n<p>&#13;<br \/>\n&#13;<\/p>\n<p>Michel Barnier puis Fran\u00e7ois Bayrou, issus de la culture majoritaire n\u2019ont pas su cr\u00e9er des compromis \u00e0 la belge. S\u00e9bastien Lecornu semble avoir compris la le\u00e7on. Il consulte tous azimuts, et recevra notamment les syndicats la semaine prochaine. Il prend son temps et agit comme un formateur en Belgique.<\/p>\n<p>Quand on voit ce qui s\u2018est pass\u00e9 hier, il va devoir essayer de constituer un gouvernement hybride, avec les Macronistes, les R\u00e9publicains mais aussi\u00a0la gauche mod\u00e9r\u00e9e. Rejetant dans l\u2019opposition les deux extr\u00eames, Marine Le Pen et Jean-Luc M\u00e9lenchon. Un attelage \u00e0 la belge, compl\u00e8tement incongru sous la V\u00e8me R\u00e9publique.<\/p>\n<p>Je lui conseillerais bien d\u2019aller suivre un stage \u00e0 Bruxelles. Mais, ce n\u2019est peut-\u00eatre pas le moment\u2026<\/p>\n<p>&#13;<br \/>\n&#13;<\/p>\n<p>&#13;<br \/>\n&#13;<\/p>\n<p><a class=\"r-btn r-btn--tag\" href=\"https:\/\/www.rtl.be\/6347\/free-tags\/manifestation\" title=\"manifestation\" target=\"_blank\" rel=\"noopener\">manifestation<\/a><br \/>\n<a class=\"r-btn r-btn--tag\" href=\"https:\/\/www.rtl.be\/1642\/locations\/france\" title=\"France\" target=\"_blank\" rel=\"noopener\">France<\/a><br \/>\n<a class=\"r-btn r-btn--tag\" href=\"https:\/\/www.rtl.be\/333744\/persons\/emmanuel-macron\" title=\"Emmanuel Macron\" target=\"_blank\" rel=\"noopener\">Emmanuel Macron<\/a><\/p>\n","protected":false},"excerpt":{"rendered":"Ce vendredi matin en France, les syndicats se r\u00e9jouissent du succ\u00e8s de la mobilisation dans les rues la&hellip;\n","protected":false},"author":2,"featured_media":401718,"comment_status":"","ping_status":"","sticky":false,"template":"","format":"standard","meta":{"footnotes":""},"categories":[1586],"tags":[11,1073,1777,674,1779,1011,27,2088,12,25,1778,364],"class_list":{"0":"post-401717","1":"post","2":"type-post","3":"status-publish","4":"format-standard","5":"has-post-thumbnail","7":"category-europe","8":"tag-actualites","9":"tag-emmanuel-macron","10":"tag-eu","11":"tag-europe","12":"tag-european-union","13":"tag-fr","14":"tag-france","15":"tag-manifestation","16":"tag-news","17":"tag-republique-francaise","18":"tag-ue","19":"tag-union-europeenne"},"share_on_mastodon":{"url":"https:\/\/pubeurope.com\/@fr\/115229467905984815","error":""},"_links":{"self":[{"href":"https:\/\/www.europesays.com\/fr\/wp-json\/wp\/v2\/posts\/401717","targetHints":{"allow":["GET"]}}],"collection":[{"href":"https:\/\/www.europesays.com\/fr\/wp-json\/wp\/v2\/posts"}],"about":[{"href":"https:\/\/www.europesays.com\/fr\/wp-json\/wp\/v2\/types\/post"}],"author":[{"embeddable":true,"href":"https:\/\/www.europesays.com\/fr\/wp-json\/wp\/v2\/users\/2"}],"replies":[{"embeddable":true,"href":"https:\/\/www.europesays.com\/fr\/wp-json\/wp\/v2\/comments?post=401717"}],"version-history":[{"count":0,"href":"https:\/\/www.europesays.com\/fr\/wp-json\/wp\/v2\/posts\/401717\/revisions"}],"wp:featuredmedia":[{"embeddable":true,"href":"https:\/\/www.europesays.com\/fr\/wp-json\/wp\/v2\/media\/401718"}],"wp:attachment":[{"href":"https:\/\/www.europesays.com\/fr\/wp-json\/wp\/v2\/media?parent=401717"}],"wp:term":[{"taxonomy":"category","embeddable":true,"href":"https:\/\/www.europesays.com\/fr\/wp-json\/wp\/v2\/categories?post=401717"},{"taxonomy":"post_tag","embeddable":true,"href":"https:\/\/www.europesays.com\/fr\/wp-json\/wp\/v2\/tags?post=401717"}],"curies":[{"name":"wp","href":"https:\/\/api.w.org\/{rel}","templated":true}]}}