{"id":401740,"date":"2025-09-19T06:23:18","date_gmt":"2025-09-19T06:23:18","guid":{"rendered":"https:\/\/www.europesays.com\/fr\/401740\/"},"modified":"2025-09-19T06:23:18","modified_gmt":"2025-09-19T06:23:18","slug":"la-colere-de-david-letterman-apres-la-suspension-de-jimmy-kimmel","status":"publish","type":"post","link":"https:\/\/www.europesays.com\/fr\/401740\/","title":{"rendered":"La col\u00e8re de David Letterman apr\u00e8s la suspension de Jimmy Kimmel"},"content":{"rendered":"<p>        <img decoding=\"async\" loading=\"lazy\" src=\"https:\/\/www.europesays.com\/fr\/wp-content\/uploads\/2025\/09\/29f9363_upload-1-oivmgwq5w7it-afp-20250918-2236168946-v1-midres-2025atlanticfestival.jpg\"  width=\"728\" height=\"410\" alt=\"Jeffrey Goldberg et David Letterman participent au Festival Atlantic 2025\u00a0au PAC NYC le 18\u00a0septembre 2025\u00a0\u00e0 New York.\"\/>  <\/p>\n<p>MICHAEL LOCCISANO \/ Getty Images via AFP<\/p>\n<p>Jeffrey Goldberg et David Letterman participent au Festival Atlantic 2025\u00a0au PAC NYC le 18\u00a0septembre 2025\u00a0\u00e0 New York.<\/p>\n<p class=\"asset asset-text\">\u00c9TATS-UNIS &#8211; Pour lui, c\u2019est l\u2019illustration d\u2019un \u00ab\u00a0r\u00e9gime autoritaire\u00a0\u00bb aux \u00c9tats-Unis. David Letterman, ex-pr\u00e9sentateur\u00a0phare des cha\u00eenes NBC et CBS, a exprim\u00e9 sa col\u00e8re apr\u00e8s la mise en retrait par ABC de<a href=\"https:\/\/www.huffingtonpost.fr\/international\/article\/jimmy-kimmel-star-de-la-tele-americaine-evince-par-abc-a-cause-de-ses-propos-sur-charlie-kirk_254959.html\" target=\"_blank\" rel=\"noopener\"> l\u2019animateur Jimmy Kimmel. <\/a>Ce dernier a \u00e9t\u00e9 accus\u00e9 par la droite am\u00e9ricaine d\u2019exploiter politiquement le r\u00e9cent assassinat du militant pro-Trump <a href=\"https:\/\/www.huffingtonpost.fr\/international\/article\/l-organisation-pour-la-jeunesse-pro-trump-de-charlie-kirk-lui-a-trouve-une-successeure_255004.html\" target=\"_blank\" rel=\"noopener\">Charlie Kirk<\/a>. Le pr\u00e9sident am\u00e9ricain a aussit\u00f4t salu\u00e9 cette annonce et a<a href=\"https:\/\/www.huffingtonpost.fr\/medias\/article\/apres-jimmy-kimmel-donald-trump-designe-seth-meyers-et-jimmy-fallon-les-prochains-sur-la-liste_254977.html\" target=\"_blank\" rel=\"noopener\"> menac\u00e9 d\u2019autres humoristes.<\/a><\/p>\n<p class=\"asset asset-text\">Dans une interview au r\u00e9dacteur en chef de <a href=\"https:\/\/www.theatlantic.com\/culture\/archive\/2025\/09\/david-letterman-jimmy-kimmel-atlantic-festival\/684254\/\" target=\"_blank\" rel=\"noopener\" title=\"Nouvelle fen\u00eatre\">The Atlantic<\/a>, Jeffrey Goldberg, lors du The Atlantic Festival \u00e0 New York, publi\u00e9e ce jeudi 18\u00a0septembre au soir, David Letterman a fustig\u00e9\u00a0: \u00ab\u00a0On ne peut pas licencier quelqu\u2019un parce qu\u2019on a peur ou parce qu\u2019on essaie de faire de la l\u00e8che \u00e0 une administration criminelle et autoritaire au Bureau ovale.\u00a0\u00bb<\/p>\n<p class=\"asset asset-text\">\u00ab\u00a0Je trouve cela regrettable, car nous voyons tous o\u00f9 cela m\u00e8ne, n\u2019est-ce pas\u00a0?\u00a0\u00bb, a poursuivi David Letterman, dont la carri\u00e8re de trois d\u00e9cennies \u00e0 la t\u00e9l\u00e9vision am\u00e9ricaine avait \u00e9t\u00e9 ternie par des articles relatant son sexisme au travail. Il avait \u00e9galement confirm\u00e9 face cam\u00e9ra en 2009 des relations extraconjugales avec des collaboratrices.<\/p>\n<p>    Un d\u00e9part \u00ab\u00a0pr\u00e9m\u00e9dit\u00e9\u00a0\u00bb    <\/p>\n<p class=\"asset asset-text\">La suspension de Jimmy Kimmel \u00e0 la t\u00e9l\u00e9vision \u00ab\u00a0avait \u00e9t\u00e9 pr\u00e9dit par notre pr\u00e9sident (Donald Trump ndlr) juste apr\u00e8s le d\u00e9part de Stephen Colbert, alors vous voulez me faire croire que ce n\u2019\u00e9tait pas pr\u00e9m\u00e9dit\u00e9 \u00e0 un certain niveau\u00a0?\u00a0\u00bb, a-t-il ajout\u00e9.<\/p>\n<p class=\"asset asset-text\">\u00ab\u00a0Ce sont des m\u00e9dias contr\u00f4l\u00e9s\u00a0\u00bb, a martel\u00e9 David Letterman,<strong> comme vous pouvez l\u2019entendre dans la s\u00e9quence ci-dessous. <\/strong>Et a aussi regrett\u00e9\u00a0: \u00ab\u00a0C\u2019est une trag\u00e9die. Dans un r\u00e9gime autoritaire, peut-\u00eatre m\u00eame une dictature, t\u00f4t ou tard, tout le monde sera affect\u00e9.\u00a0\u00bb<\/p>\n<p> La lecture de ce contenu est susceptible d\u2019entra\u00eener un d\u00e9p\u00f4t de cookies de la part de l\u2019op\u00e9rateur tiers qui l\u2019h\u00e9berge. Compte-tenu des choix que vous avez exprim\u00e9s en mati\u00e8re de d\u00e9p\u00f4t de cookies, nous avons bloqu\u00e9 l\u2019affichage de ce contenu. Si vous souhaitez y acc\u00e9der, vous devez accepter la cat\u00e9gorie de cookies \u201cContenus tiers\u201d en cliquant sur le bouton ci-dessous. <\/p>\n<p> Lire la Vid\u00e9o        <\/p>\n<p class=\"asset asset-text\">L\u2019ancien animateur de The Late Show a \u00e9galement d\u00e9clar\u00e9 avoir \u00e9chang\u00e9 des SMS avec Jimmy Kimmel apr\u00e8s sa mise en retrait. \u00ab\u00a0Il est assis dans son lit, il se nourrit, il va s\u2019en sortir\u00a0\u00bb, a-t-il ironis\u00e9, provoquant les rires du public pr\u00e9sent au festival.<\/p>\n<p class=\"asset asset-text\">David Letterman s\u2019\u00e9tait d\u00e9j\u00e0 emport\u00e9 apr\u00e8s l\u2019annulation du late show de Stephen Colbert\u00a0: \u00ab\u00a0Je ne pense pas que ce soit une question d\u2019argent\u00a0\u00bb, avait-il jug\u00e9 dans une vid\u00e9o sur la cha\u00eene YouTube Letterman. \u00ab\u00a0C\u2019est de la pure l\u00e2chet\u00e9.\u00a0\u00bb<\/p>\n","protected":false},"excerpt":{"rendered":"MICHAEL LOCCISANO \/ Getty Images via AFP Jeffrey Goldberg et David Letterman participent au Festival Atlantic 2025\u00a0au PAC&hellip;\n","protected":false},"author":2,"featured_media":401741,"comment_status":"","ping_status":"","sticky":false,"template":"","format":"standard","meta":{"footnotes":""},"categories":[1356],"tags":[58,75,59,73,1011,27,14,39997,39993,252,1364],"class_list":{"0":"post-401740","1":"post","2":"type-post","3":"status-publish","4":"format-standard","5":"has-post-thumbnail","7":"category-television","8":"tag-divertissement","9":"tag-donald-trump","10":"tag-entertainment","11":"tag-etats-unis","12":"tag-fr","13":"tag-france","14":"tag-international","15":"tag-jimmy-kimmel","16":"tag-late-show","17":"tag-television","18":"tag-tv"},"share_on_mastodon":{"url":"https:\/\/pubeurope.com\/@fr\/115229530761976657","error":""},"_links":{"self":[{"href":"https:\/\/www.europesays.com\/fr\/wp-json\/wp\/v2\/posts\/401740","targetHints":{"allow":["GET"]}}],"collection":[{"href":"https:\/\/www.europesays.com\/fr\/wp-json\/wp\/v2\/posts"}],"about":[{"href":"https:\/\/www.europesays.com\/fr\/wp-json\/wp\/v2\/types\/post"}],"author":[{"embeddable":true,"href":"https:\/\/www.europesays.com\/fr\/wp-json\/wp\/v2\/users\/2"}],"replies":[{"embeddable":true,"href":"https:\/\/www.europesays.com\/fr\/wp-json\/wp\/v2\/comments?post=401740"}],"version-history":[{"count":0,"href":"https:\/\/www.europesays.com\/fr\/wp-json\/wp\/v2\/posts\/401740\/revisions"}],"wp:featuredmedia":[{"embeddable":true,"href":"https:\/\/www.europesays.com\/fr\/wp-json\/wp\/v2\/media\/401741"}],"wp:attachment":[{"href":"https:\/\/www.europesays.com\/fr\/wp-json\/wp\/v2\/media?parent=401740"}],"wp:term":[{"taxonomy":"category","embeddable":true,"href":"https:\/\/www.europesays.com\/fr\/wp-json\/wp\/v2\/categories?post=401740"},{"taxonomy":"post_tag","embeddable":true,"href":"https:\/\/www.europesays.com\/fr\/wp-json\/wp\/v2\/tags?post=401740"}],"curies":[{"name":"wp","href":"https:\/\/api.w.org\/{rel}","templated":true}]}}