{"id":401777,"date":"2025-09-19T06:43:09","date_gmt":"2025-09-19T06:43:09","guid":{"rendered":"https:\/\/www.europesays.com\/fr\/401777\/"},"modified":"2025-09-19T06:43:09","modified_gmt":"2025-09-19T06:43:09","slug":"attention-la-circulation-est-totalement-coupee-aux-abords-du-rond-point-des-vaches-pres-de-rouen","status":"publish","type":"post","link":"https:\/\/www.europesays.com\/fr\/401777\/","title":{"rendered":"Attention, la circulation est totalement coup\u00e9e aux abords du rond-point des Vaches pr\u00e8s de Rouen"},"content":{"rendered":"<p>            Par<br \/>\n        <strong><br \/>\n            <a href=\"https:\/\/actu.fr\/auteur\/eaube\" title=\"Consulter tous les articles de Elo\u00efse Aub\u00e9\" target=\"_blank\" rel=\"noopener\">Elo\u00efse Aub\u00e9<\/a><br \/>\n        <\/strong><\/p>\n<p>        Publi\u00e9 le<\/p>\n<p>            19 sept. 2025 \u00e0 8h04        <\/p>\n<p>Apr\u00e8s la <a href=\"https:\/\/actu.fr\/normandie\/rouen_76540\/blocage-circulation-actions-suivez-la-greve-du-18-septembre-au-havre-et-a-rouen_63174864.html\" target=\"_blank\" rel=\"noopener\">gr\u00e8ve du 18\u00a0septembre 2025<\/a>, la <strong>mobilisation<\/strong> se poursuit. En effet, ce vendredi 19\u00a0septembre 2025, des <strong>barrages filtrants<\/strong> sont mis en place par des manifestants au niveau du <a href=\"https:\/\/actu.fr\/normandie\/rouen_76540\/blocage-circulation-actions-suivez-la-greve-du-18-septembre-au-havre-et-a-rouen_63174864.html\" target=\"_blank\" rel=\"noopener\">rond-point des Vaches<\/a> \u00e0 Saint-Etienne-du-Rouvray. De fait, la circulation est tr\u00e8s compliqu\u00e9e sur le secteur.<\/p>\n<p>La circulation coup\u00e9e<\/p>\n<p class=\" wall-content\">Ainsi, de Oissel \u00e0 Saint-\u00c9tienne-du-Rouvray, la circulation est totalement ferm\u00e9e sur la D18 entre le rond-point des colonnes et le rond-point des Vaches. Il est donc difficile d\u2019acc\u00e9der \u00e0 l\u2019autoroute A13. La police nationale, sur place, recommande d\u2019\u00e9viter le secteur.<\/p>\n<p class=\" wall-content\">Plus d\u2019informations \u00e0 venir<\/p>\n<p class=\" wall-content\">Suivez l\u2019actualit\u00e9 de Rouen sur notre <a href=\"https:\/\/www.whatsapp.com\/channel\/0029VaKfnf99hXF2ddApFB1D\" target=\"_blank\" rel=\"noopener\">cha\u00eene WhatsApp<\/a> et sur notre <a href=\"https:\/\/www.tiktok.com\/@76actu.fr?lang=fr\" target=\"_blank\" rel=\"noopener\">compte TikTok<\/a><\/p>\n<p class=\" wall-content\">Personnalisez votre actualit\u00e9 en ajoutant vos villes et m\u00e9dias en favori avec <a href=\"https:\/\/moncompte.actu.fr\" title=\"D\u00e9couvez Mon Actu\" rel=\"nofollow noopener\" data-trk=\"{&quot;cta&quot;:{&quot;action&quot;:&quot;https:\\\/\\\/moncompte.actu.fr&quot;,&quot;category&quot;:&quot;mon compte&quot;,&quot;from&quot;:&quot;article footer&quot;,&quot;name&quot;:&quot;Mon actu&quot;,&quot;type&quot;:&quot;cta&quot;}}\" target=\"_blank\">Mon Actu<\/a>.<\/p>\n<p>                    <script async src=\"\/\/www.tiktok.com\/embed.js\"><\/script><\/p>\n","protected":false},"excerpt":{"rendered":"Par Elo\u00efse Aub\u00e9 Publi\u00e9 le 19 sept. 2025 \u00e0 8h04 Apr\u00e8s la gr\u00e8ve du 18\u00a0septembre 2025, la mobilisation&hellip;\n","protected":false},"author":2,"featured_media":401778,"comment_status":"","ping_status":"","sticky":false,"template":"","format":"standard","meta":{"footnotes":""},"categories":[9587],"tags":[1111,11,3542,1777,674,1011,27,52713,12,5161,1072,25,9590,104],"class_list":{"0":"post-401777","1":"post","2":"type-post","3":"status-publish","4":"format-standard","5":"has-post-thumbnail","7":"category-rouen","8":"tag-actu","9":"tag-actualites","10":"tag-circulation","11":"tag-eu","12":"tag-europe","13":"tag-fr","14":"tag-france","15":"tag-greve-du-18-septembre","16":"tag-news","17":"tag-normandie","18":"tag-police","19":"tag-republique-francaise","20":"tag-rouen","21":"tag-societe"},"share_on_mastodon":{"url":"https:\/\/pubeurope.com\/@fr\/115229609471251782","error":""},"_links":{"self":[{"href":"https:\/\/www.europesays.com\/fr\/wp-json\/wp\/v2\/posts\/401777","targetHints":{"allow":["GET"]}}],"collection":[{"href":"https:\/\/www.europesays.com\/fr\/wp-json\/wp\/v2\/posts"}],"about":[{"href":"https:\/\/www.europesays.com\/fr\/wp-json\/wp\/v2\/types\/post"}],"author":[{"embeddable":true,"href":"https:\/\/www.europesays.com\/fr\/wp-json\/wp\/v2\/users\/2"}],"replies":[{"embeddable":true,"href":"https:\/\/www.europesays.com\/fr\/wp-json\/wp\/v2\/comments?post=401777"}],"version-history":[{"count":0,"href":"https:\/\/www.europesays.com\/fr\/wp-json\/wp\/v2\/posts\/401777\/revisions"}],"wp:featuredmedia":[{"embeddable":true,"href":"https:\/\/www.europesays.com\/fr\/wp-json\/wp\/v2\/media\/401778"}],"wp:attachment":[{"href":"https:\/\/www.europesays.com\/fr\/wp-json\/wp\/v2\/media?parent=401777"}],"wp:term":[{"taxonomy":"category","embeddable":true,"href":"https:\/\/www.europesays.com\/fr\/wp-json\/wp\/v2\/categories?post=401777"},{"taxonomy":"post_tag","embeddable":true,"href":"https:\/\/www.europesays.com\/fr\/wp-json\/wp\/v2\/tags?post=401777"}],"curies":[{"name":"wp","href":"https:\/\/api.w.org\/{rel}","templated":true}]}}