{"id":401783,"date":"2025-09-19T06:48:36","date_gmt":"2025-09-19T06:48:36","guid":{"rendered":"https:\/\/www.europesays.com\/fr\/401783\/"},"modified":"2025-09-19T06:48:36","modified_gmt":"2025-09-19T06:48:36","slug":"joyeuses-et-federatrices-quand-les-comedies-musicales-font-leur-grand-retour-a","status":"publish","type":"post","link":"https:\/\/www.europesays.com\/fr\/401783\/","title":{"rendered":"\u00ab\u00a0Joyeuses et f\u00e9d\u00e9ratrices\u00a0\u00bb\u00a0: quand les com\u00e9dies musicales font leur grand retour \u00e0"},"content":{"rendered":"<p><strong>\u00ab\u00a0Je me suis rendu compte qu\u2019il suffit de dire com\u00e9die musicale ou th\u00e9\u00e2tre musical, pour qu\u2019un autre type de public vienne spontan\u00e9ment, \u00e0 c\u00f4t\u00e9 du public traditionnel de l\u2019op\u00e9ra\u00a0\u00bb, <\/strong>note J\u00e9r\u00f4me Gay, d\u00e9l\u00e9gu\u00e9 g\u00e9n\u00e9ral de G\u00e9n\u00e9ration Op\u00e9ra.<\/p>\n<p>Company, com\u00e9die musicale am\u00e9ricaine de Stephen Sondheim et George Furth, lanc\u00e9e \u00e0 Broadway en 1970, a pu voir le jour gr\u00e2ce \u00e0 la r\u00e9union d\u2019une dizaine de maisons d\u2019op\u00e9ra en France et en Suisse. Cr\u00e9\u00e9e en mars\u00a02025 \u00e0 l\u2019op\u00e9ra de Massy (Essonne), elle tourne en France jusqu\u2019en 2027.<\/p>\n<p>\u00ab\u00a0Cela permet d\u2019avoir un spectacle de grande qualit\u00e9 \u00e0 des co\u00fbts relativement faibles, pour que le co\u00fbt de cession soit couvert par la billetterie, et avec un potentiel tout de suite de 80\u00a0000\u00a0spectateurs.\u00a0\u00bb<\/p>\n<p><strong>Lire aussi\u00a0:<\/strong> <a href=\"https:\/\/caen.maville.com\/actu\/actudet_--etre-inventif-a-l-affut-face-a-la-crise-les-operas-unissent-leurs-forces-_52656-6981510_actu.Htm\" target=\"_blank\" rel=\"noopener\">\u00ab\u00a0\u00catre inventif, \u00e0 l\u2019aff\u00fbt\u00a0\u00bb\u00a0: face \u00e0 la crise, les op\u00e9ras unissent leurs forces<\/a><\/p>\n<p>\u00ab\u00a0Direct et jouissif\u00a0\u00bb<\/p>\n<p>Pour <a href=\"https:\/\/rennes.maville.com\/sortir\/infos_-rennes.-matthieu-rietzler-nouveau-directeur-de-l-opera_52674-3452295_actu.Htm\" target=\"_self\" rel=\"noopener\">Matthieu Rietzler, directeur de l\u2019op\u00e9ra de Rennes<\/a> (Ille-et-Vilaine), coproducteur, qui accueillera Company en novembre\u00a02025\u00a0:<strong> \u00ab\u00a0La com\u00e9die musicale fait partie des formes joyeuses et f\u00e9d\u00e9ratrices qu\u2019il faut proposer de temps en temps.\u00a0\u00bb<\/strong><\/p>\n<p>Il a \u00e0 c\u0153ur d\u2019en programmer une chaque saison.  <a href=\"https:\/\/rennes.maville.com\/sortir\/infos_-rennes.-the-pajama-game-comedie-musicale-sociale-vivifiante_52674-3984222_actu.Htm\" target=\"_self\" rel=\"noopener\">The Pajama Game<\/a> , Maria de Buenos Aires,  <a href=\"https:\/\/rennes.maville.com\/actu\/actudet_-col-porter-in-paris-a-rennes-un-delicieux-spectacle-sur-les-annees-folles-_7-6615326_actu.Htm\" target=\"_self\" rel=\"noopener\">Cole Porter<\/a> \u2026 <strong>\u00ab\u00a0Cela pour le c\u00f4t\u00e9 direct et jouissif de ces spectacles, qui ont une vraie profondeur et sont tr\u00e8s tendres. Il se trouve qu\u2019en ce moment il y a une g\u00e9n\u00e9ration d\u2019artistes assez incroyables qui sont \u00e0 la fois chanteurs, com\u00e9diens, danseurs pour porter ces grands ouvrages de com\u00e9dies musicales.\u00a0\u00bb<\/strong><\/p>\n<p><strong>\u00ab\u00a0Grande exigence\u00a0\u00bb<\/strong><\/p>\n<p>J\u00e9r\u00f4me Gay d\u00e9crypte la recette du succ\u00e8s des com\u00e9dies musicales\u00a0: <strong>\u00ab\u00a0Le son l\u00e9g\u00e8rement amplifi\u00e9, l\u2019anglais, pratiqu\u00e9 par 99\u00a0% des gens dans notre monde\u2026 Aujourd\u2019hui, on a besoin d\u2019\u00e9nergie, et Company en donne. Ce qui ne veut pas dire qu\u2019on va abandonner l\u2019op\u00e9ra pour ne faire que de la com\u00e9die musicale\u00a0!\u00a0\u00bb<\/strong><\/p>\n<p><a href=\"https:\/\/rennes.maville.com\/actu\/actudet_-fin-aout-la-folle-aventure-de-l-opera-de-rennes-a-l-ecomusee-_7-6930609_actu.Htm\" target=\"_self\" rel=\"noopener\">L\u2019op\u00e9ra de Rennes<\/a>, \u00e0 c\u00f4t\u00e9 d\u2019\u0153uvres plus radicales comme Curlew River de Benjamin Britten, inspir\u00e9e du th\u00e9\u00e2tre N\u00f4, du baroque, ou de l\u2019op\u00e9ra v\u00e9nitien, aime programmer \u00e9galement de l\u2019op\u00e9ra-comique ou de l\u2019op\u00e9rette.<\/p>\n<p>\u00ab\u00a0On est tr\u00e8s attentif aussi \u00e0 ce r\u00e9pertoire l\u00e9ger. Comme il est encore plus difficile \u00e0 d\u00e9fendre, il faut vraiment que ce soit fait avec la plus grande exigence. C\u2019est dans ces diversit\u00e9s d\u2019approches que l\u2019on accueille une diversit\u00e9 de public.\u00a0\u00bb<\/p>\n<p>\u00a0<\/p>\n","protected":false},"excerpt":{"rendered":"\u00ab\u00a0Je me suis rendu compte qu\u2019il suffit de dire com\u00e9die musicale ou th\u00e9\u00e2tre musical, pour qu\u2019un autre type&hellip;\n","protected":false},"author":2,"featured_media":401784,"comment_status":"","ping_status":"","sticky":false,"template":"","format":"standard","meta":{"footnotes":""},"categories":[2821],"tags":[1111,11,829,53318,1777,674,53317,7234,1011,27,2515,46151,29951,12,7165,584,25,8133],"class_list":{"0":"post-401783","1":"post","2":"type-post","3":"status-publish","4":"format-standard","5":"has-post-thumbnail","7":"category-rennes","8":"tag-actu","9":"tag-actualites","10":"tag-bretagne","11":"tag-comedies","12":"tag-eu","13":"tag-europe","14":"tag-federatrices","15":"tag-font","16":"tag-fr","17":"tag-france","18":"tag-grand","19":"tag-joyeuses","20":"tag-musicales","21":"tag-news","22":"tag-opera","23":"tag-rennes","24":"tag-republique-francaise","25":"tag-retour"},"share_on_mastodon":{"url":"https:\/\/pubeurope.com\/@fr\/115229629031332410","error":""},"_links":{"self":[{"href":"https:\/\/www.europesays.com\/fr\/wp-json\/wp\/v2\/posts\/401783","targetHints":{"allow":["GET"]}}],"collection":[{"href":"https:\/\/www.europesays.com\/fr\/wp-json\/wp\/v2\/posts"}],"about":[{"href":"https:\/\/www.europesays.com\/fr\/wp-json\/wp\/v2\/types\/post"}],"author":[{"embeddable":true,"href":"https:\/\/www.europesays.com\/fr\/wp-json\/wp\/v2\/users\/2"}],"replies":[{"embeddable":true,"href":"https:\/\/www.europesays.com\/fr\/wp-json\/wp\/v2\/comments?post=401783"}],"version-history":[{"count":0,"href":"https:\/\/www.europesays.com\/fr\/wp-json\/wp\/v2\/posts\/401783\/revisions"}],"wp:featuredmedia":[{"embeddable":true,"href":"https:\/\/www.europesays.com\/fr\/wp-json\/wp\/v2\/media\/401784"}],"wp:attachment":[{"href":"https:\/\/www.europesays.com\/fr\/wp-json\/wp\/v2\/media?parent=401783"}],"wp:term":[{"taxonomy":"category","embeddable":true,"href":"https:\/\/www.europesays.com\/fr\/wp-json\/wp\/v2\/categories?post=401783"},{"taxonomy":"post_tag","embeddable":true,"href":"https:\/\/www.europesays.com\/fr\/wp-json\/wp\/v2\/tags?post=401783"}],"curies":[{"name":"wp","href":"https:\/\/api.w.org\/{rel}","templated":true}]}}