{"id":401808,"date":"2025-09-19T07:02:10","date_gmt":"2025-09-19T07:02:10","guid":{"rendered":"https:\/\/www.europesays.com\/fr\/401808\/"},"modified":"2025-09-19T07:02:10","modified_gmt":"2025-09-19T07:02:10","slug":"la-boutique-de-farces-et-attrapes-viva-samba-a-marseille-ferme-ses-portes-apres-53-ans-dexistence","status":"publish","type":"post","link":"https:\/\/www.europesays.com\/fr\/401808\/","title":{"rendered":"La boutique de farces et attrapes \u00ab\u00a0Viva Samba\u00a0\u00bb \u00e0 Marseille ferme ses portes apr\u00e8s 53 ans d&rsquo;existence"},"content":{"rendered":"<p>Le 5\u00a0novembre, elle a d\u00e9j\u00e0 pr\u00e9vu de la musique, des centaines de gobelets et un stock de gla\u00e7ons. Cours Lieutaud, apr\u00e8s 53\u00a0ans d\u2019existence, la boutique Viva Samba baissera alors d\u00e9finitivement le rideau. Mais pour la g\u00e9rante du lieu historique sp\u00e9cialis\u00e9 dans les articles de f\u00eate, pas question de partir sur une fausse note. \u00ab\u00a0Mon m\u00e9tier consistait \u00e0 vendre de la joie et je l\u2019ai exerc\u00e9 avec bonheur pendant 42\u00a0ans, alors ce dernier rendez-vous avec nos clients se d\u00e9roulera sans larme et en dansant\u00a0\u00bb, promet Catherine Prigniau.<\/p>\n<p>Au milieu des rayons qui ont vu plusieurs g\u00e9n\u00e9rations de Marseillais se d\u00e9guiser, les perruques, chapeaux et autres masques terrifiants baissent les prix. \u00ab\u00a0Tout doit dispara\u00eetre\u00a0\u00bb, annonce le panneau coll\u00e9 sur la vitrine. \u00ab\u00a0\u00c7a me fait tout dr\u00f4le parce que ce magasin, je l\u2019ai toujours connu\u00a0\u00bb, souligne Sandrine, qui en profite pour faire le plein de ballons. Ici, les premiers d\u00e9guisements pour ses enfants, l\u00e0, les paillettes pour les anniversaires et \u00e0 l\u2019\u00e9tage, les costumes propos\u00e9s \u00e0 la location que l\u2019on essayait en se marrant.<\/p>\n<p>\u00ab\u00a0Les gens n\u2019ont plus envie de faire la f\u00eate\u00a0\u00bb<\/p>\n<p>Derri\u00e8re l\u2019imposant comptoir rouge, au milieu de ses deux employ\u00e9es, Catherine et Sandra, Catherin&#8230;<\/p>\n","protected":false},"excerpt":{"rendered":"Le 5\u00a0novembre, elle a d\u00e9j\u00e0 pr\u00e9vu de la musique, des centaines de gobelets et un stock de gla\u00e7ons.&hellip;\n","protected":false},"author":2,"featured_media":401809,"comment_status":"","ping_status":"","sticky":false,"template":"","format":"standard","meta":{"footnotes":""},"categories":[2814],"tags":[17,1111,11,53322,11647,1102,1777,674,53321,9095,1011,27,884,12,882,16,25,22936,30342],"class_list":{"0":"post-401808","1":"post","2":"type-post","3":"status-publish","4":"format-standard","5":"has-post-thumbnail","7":"category-marseille","8":"tag-17","9":"tag-actu","10":"tag-actualites","11":"tag-attrapes","12":"tag-boutique","13":"tag-breakingnews","14":"tag-eu","15":"tag-europe","16":"tag-farces","17":"tag-ferme","18":"tag-fr","19":"tag-france","20":"tag-marseille","21":"tag-news","22":"tag-provence-alpes-cote-dazur","23":"tag-region","24":"tag-republique-francaise","25":"tag-samba","26":"tag-viva"},"share_on_mastodon":{"url":"https:\/\/pubeurope.com\/@fr\/115229684134101789","error":""},"_links":{"self":[{"href":"https:\/\/www.europesays.com\/fr\/wp-json\/wp\/v2\/posts\/401808","targetHints":{"allow":["GET"]}}],"collection":[{"href":"https:\/\/www.europesays.com\/fr\/wp-json\/wp\/v2\/posts"}],"about":[{"href":"https:\/\/www.europesays.com\/fr\/wp-json\/wp\/v2\/types\/post"}],"author":[{"embeddable":true,"href":"https:\/\/www.europesays.com\/fr\/wp-json\/wp\/v2\/users\/2"}],"replies":[{"embeddable":true,"href":"https:\/\/www.europesays.com\/fr\/wp-json\/wp\/v2\/comments?post=401808"}],"version-history":[{"count":0,"href":"https:\/\/www.europesays.com\/fr\/wp-json\/wp\/v2\/posts\/401808\/revisions"}],"wp:featuredmedia":[{"embeddable":true,"href":"https:\/\/www.europesays.com\/fr\/wp-json\/wp\/v2\/media\/401809"}],"wp:attachment":[{"href":"https:\/\/www.europesays.com\/fr\/wp-json\/wp\/v2\/media?parent=401808"}],"wp:term":[{"taxonomy":"category","embeddable":true,"href":"https:\/\/www.europesays.com\/fr\/wp-json\/wp\/v2\/categories?post=401808"},{"taxonomy":"post_tag","embeddable":true,"href":"https:\/\/www.europesays.com\/fr\/wp-json\/wp\/v2\/tags?post=401808"}],"curies":[{"name":"wp","href":"https:\/\/api.w.org\/{rel}","templated":true}]}}