{"id":401814,"date":"2025-09-19T07:05:13","date_gmt":"2025-09-19T07:05:13","guid":{"rendered":"https:\/\/www.europesays.com\/fr\/401814\/"},"modified":"2025-09-19T07:05:13","modified_gmt":"2025-09-19T07:05:13","slug":"ludi-se-range-a-son-tour-derriere-jean-michel-aulas","status":"publish","type":"post","link":"https:\/\/www.europesays.com\/fr\/401814\/","title":{"rendered":"l&rsquo;UDI se range \u00e0 son tour derri\u00e8re Jean-Michel Aulas"},"content":{"rendered":"<p itemprop=\"description\"><strong>Apr\u00e8s les R\u00e9publicains, c&rsquo;est au tour de l&rsquo;UDI de se ranger derri\u00e8re le m\u00eame champion pour les \u00e9lections municipales 2026 \u00e0 Lyon.<\/strong><\/p>\n<p>Dans un communiqu\u00e9, <a href=\"https:\/\/www.lyonmag.com\/profil-personnalite-lyonnaise\/5\/christophe-geourjon\" target=\"_blank\" rel=\"noopener nofollow\">Christophe Geourjon<\/a>, pr\u00e9sident de l&rsquo;UDI de la M\u00e9tropole de Lyon, annonce soutenir la candidature de <a href=\"https:\/\/www.lyonmag.com\/profil-personnalite-lyonnaise\/8\/jean-michel-aulas\" target=\"_blank\" rel=\"noopener nofollow\">Jean-Michel Aulas<\/a> pour \u00ab\u00a0\u00e9crire une nouvelle page de l&rsquo;histoire lyonnaise : une page d&rsquo;unit\u00e9, d&rsquo;ambition et de progr\u00e8s pour tous\u00a0\u00bb.<\/p>\n<p>\u00ab\u00a0Pour nous, centristes, ce choix est une \u00e9vidence. Fid\u00e8les \u00e0 nos valeurs d\u2019humanisme et d\u2019\u00e9quilibre, nous voulons une ville qui conjugue le social, l\u2019\u00e9cologie et l\u2019\u00e9conomie ; une ville o\u00f9 la protection des plus fragiles s\u2019accompagne de l\u2019innovation et du dynamisme \u00e9conomique ; une ville qui n\u2019exclut personne et qui regarde vers l\u2019avenir. Jean-Michel Aulas porte une ambition claire : rendre \u00e0 Lyon l\u2019\u00e9lan qui a toujours fait sa force. Son attachement \u00e0 Lyon, \u00e0 son histoire et \u00e0 ses habitants, en fait le candidat naturel pour f\u00e9d\u00e9rer toutes les \u00e9nergies autour d\u2019un projet partag\u00e9\u00a0\u00bb, explique Christophe Geourjon.<\/p>\n<p>L&rsquo;UDI avait rejoint <a href=\"https:\/\/www.lyonmag.com\/profil-personnalite-lyonnaise\/2\/michel-havard\" target=\"_blank\" rel=\"noopener nofollow\">Michel Havard<\/a> (UMP) lors des \u00e9lections municipales de 2014 \u00e0 Lyon, avant de rallier <a href=\"https:\/\/www.lyonmag.com\/profil-personnalite-lyonnaise\/1\/gerard-collomb\" target=\"_blank\" rel=\"noopener nofollow\">G\u00e9rard Collomb<\/a> en 2020. Deux choix qui ont rim\u00e9 avec d\u00e9faites cuisantes.<\/p>\n<p>Qu&rsquo;en sera-t-il de Jean-Michel Aulas, qui compte d\u00e9sormais derri\u00e8re lui Les R\u00e9publicains et l&rsquo;UDI, et qui esp\u00e8re finaliser l&rsquo;alliance avec Renaissance, Horizons et le MoDem avant son meeting du 26 septembre \u00e0 la Confluence ?<\/p>\n","protected":false},"excerpt":{"rendered":"Apr\u00e8s les R\u00e9publicains, c&rsquo;est au tour de l&rsquo;UDI de se ranger derri\u00e8re le m\u00eame champion pour les \u00e9lections&hellip;\n","protected":false},"author":2,"featured_media":401815,"comment_status":"","ping_status":"","sticky":false,"template":"","format":"standard","meta":{"footnotes":""},"categories":[1889],"tags":[1111,11,2813,2190,2430,1109,251,1112,2811,1777,674,118,1011,27,1922,1110,1114,2428,2810,12,241,316,25,2812,517,800],"class_list":{"0":"post-401814","1":"post","2":"type-post","3":"status-publish","4":"format-standard","5":"has-post-thumbnail","7":"category-lyon","8":"tag-actu","9":"tag-actualites","10":"tag-article","11":"tag-asvel","12":"tag-auvergne-rhone-alpes","13":"tag-breves","14":"tag-culture","15":"tag-depeches","16":"tag-economique","17":"tag-eu","18":"tag-europe","19":"tag-faits-divers","20":"tag-fr","21":"tag-france","22":"tag-info","23":"tag-informations","24":"tag-infos","25":"tag-lyon","26":"tag-lyonmag","27":"tag-news","28":"tag-ol","29":"tag-politique","30":"tag-republique-francaise","31":"tag-sociale","32":"tag-sport","33":"tag-transports"},"share_on_mastodon":{"url":"","error":""},"_links":{"self":[{"href":"https:\/\/www.europesays.com\/fr\/wp-json\/wp\/v2\/posts\/401814","targetHints":{"allow":["GET"]}}],"collection":[{"href":"https:\/\/www.europesays.com\/fr\/wp-json\/wp\/v2\/posts"}],"about":[{"href":"https:\/\/www.europesays.com\/fr\/wp-json\/wp\/v2\/types\/post"}],"author":[{"embeddable":true,"href":"https:\/\/www.europesays.com\/fr\/wp-json\/wp\/v2\/users\/2"}],"replies":[{"embeddable":true,"href":"https:\/\/www.europesays.com\/fr\/wp-json\/wp\/v2\/comments?post=401814"}],"version-history":[{"count":0,"href":"https:\/\/www.europesays.com\/fr\/wp-json\/wp\/v2\/posts\/401814\/revisions"}],"wp:featuredmedia":[{"embeddable":true,"href":"https:\/\/www.europesays.com\/fr\/wp-json\/wp\/v2\/media\/401815"}],"wp:attachment":[{"href":"https:\/\/www.europesays.com\/fr\/wp-json\/wp\/v2\/media?parent=401814"}],"wp:term":[{"taxonomy":"category","embeddable":true,"href":"https:\/\/www.europesays.com\/fr\/wp-json\/wp\/v2\/categories?post=401814"},{"taxonomy":"post_tag","embeddable":true,"href":"https:\/\/www.europesays.com\/fr\/wp-json\/wp\/v2\/tags?post=401814"}],"curies":[{"name":"wp","href":"https:\/\/api.w.org\/{rel}","templated":true}]}}