{"id":401816,"date":"2025-09-19T07:08:09","date_gmt":"2025-09-19T07:08:09","guid":{"rendered":"https:\/\/www.europesays.com\/fr\/401816\/"},"modified":"2025-09-19T07:08:09","modified_gmt":"2025-09-19T07:08:09","slug":"sncf-rer-transilien-de-nouvelles-perturbations-dans-les-transports-a-paris-et-en-ile-de-france","status":"publish","type":"post","link":"https:\/\/www.europesays.com\/fr\/401816\/","title":{"rendered":"SNCF. RER, Transilien&#8230; De nouvelles perturbations dans les transports \u00e0 Paris et en \u00cele-de-France"},"content":{"rendered":"<p>            Par<br \/>\n        <strong><br \/>\n            <a href=\"https:\/\/actu.fr\/auteur\/redaction-paris\" title=\"Consulter tous les articles de R\u00e9daction Paris\" rel=\"nofollow noopener\" target=\"_blank\">R\u00e9daction Paris<\/a><br \/>\n        <\/strong><\/p>\n<p>        Publi\u00e9 le<\/p>\n<p>            19 sept. 2025 \u00e0 8h33        <\/p>\n<p>Des r\u00e9sidus de gr\u00e8ve. Apr\u00e8s le mouvement social du 18 septembre, la situation n\u2019est pas tout \u00e0 fait revenue \u00e0 la normale sur le r\u00e9seau <a href=\"https:\/\/actu.fr\/tag\/sncf\" rel=\"nofollow noopener\" target=\"_blank\">SNCF<\/a> \u00e0 <strong>Paris<\/strong> et en <strong>\u00cele-de-France<\/strong>. Ce vendredi 19 septembre 2025, les <a href=\"https:\/\/actu.fr\/tag\/rer-d\" rel=\"nofollow noopener\" target=\"_blank\">RER D<\/a> et <a href=\"https:\/\/actu.fr\/tag\/rer-e\" rel=\"nofollow noopener\" target=\"_blank\">RER E<\/a> ainsi que la ligne de <a href=\"https:\/\/actu.fr\/tag\/transilien\" rel=\"nofollow noopener\" target=\"_blank\">Transilien R<\/a> sont perturb\u00e9s.\u00a0<\/p>\n<p>\u00ab\u00a0Trafic perturb\u00e9 sur les lignes D, E et R\u00a0\u00bb<\/p>\n<p class=\" wall-content\">\u00ab\u00a0En raison de la poursuite de la <a href=\"https:\/\/actu.fr\/tag\/greve\" rel=\"nofollow noopener\" target=\"_blank\">gr\u00e8ve<\/a>, le <strong>trafic reste perturb\u00e9<\/strong> sur les lignes D, E et R, ce vendredi 19 septembre. Service quasi normal sur les autres lignes\u00a0\u00bb, pr\u00e9vient <a href=\"https:\/\/actu.fr\/tag\/ile-de-france-mobilites\" rel=\"nofollow noopener\" target=\"_blank\">\u00cele-de-France Mobilit\u00e9s<\/a>.\u00a0<\/p>\n<p class=\" wall-content\">Dans le d\u00e9tail, cela donne :\u00a0<\/p>\n<p class=\" wall-content\">\u2013 Sur le <strong>RER D<\/strong> : trafic sera perturb\u00e9 au sud de la Ligne D. Pr\u00e9voir un train sur deux entre Juvisy et Malesherbes ainsi qu\u2019entre Corbeil et Melun.<\/p>\n<p class=\" wall-content\">\n<p class=\" wall-content\">\u2013 Sur le <strong>RER E<\/strong> : trafic perturb\u00e9. Pr\u00e9voir trois trains sur quatre.<\/p>\n<p class=\" wall-content\">\n<p class=\" wall-content\">\u2013 Sur la <strong>ligne R<\/strong> : trafic perturb\u00e9 sur l\u2019ensemble de la ligne. Axe Paris Gare de Lyon \u2013 Montereau via Moret : pr\u00e9voir un train sur deux uniquement entre 6 heures et 9 heures puis entre 16 heures et 21h30.\u00a0<\/p>\n<p class=\" wall-content\">Les usagers sont invit\u00e9s, dans la mesure du possible, \u00e0 <strong>modifier leur itin\u00e9raire<\/strong>.\u00a0<\/p>\n<p class=\" wall-content\">Personnalisez votre actualit\u00e9 en ajoutant vos villes et m\u00e9dias en favori avec <a href=\"https:\/\/moncompte.actu.fr\" title=\"D\u00e9couvez Mon Actu\" rel=\"nofollow noopener\" data-trk=\"{&quot;cta&quot;:{&quot;action&quot;:&quot;https:\\\/\\\/moncompte.actu.fr&quot;,&quot;category&quot;:&quot;mon compte&quot;,&quot;from&quot;:&quot;article footer&quot;,&quot;name&quot;:&quot;Mon actu&quot;,&quot;type&quot;:&quot;cta&quot;}}\" target=\"_blank\">Mon Actu<\/a>.<\/p>\n","protected":false},"excerpt":{"rendered":"Par R\u00e9daction Paris Publi\u00e9 le 19 sept. 2025 \u00e0 8h33 Des r\u00e9sidus de gr\u00e8ve. Apr\u00e8s le mouvement social&hellip;\n","protected":false},"author":2,"featured_media":401817,"comment_status":"","ping_status":"","sticky":false,"template":"","format":"standard","meta":{"footnotes":""},"categories":[1592],"tags":[1111,11,1777,674,1011,27,662,12,626,25,8691,2215,104,12443],"class_list":{"0":"post-401816","1":"post","2":"type-post","3":"status-publish","4":"format-standard","5":"has-post-thumbnail","7":"category-ile-de-france","8":"tag-actu","9":"tag-actualites","10":"tag-eu","11":"tag-europe","12":"tag-fr","13":"tag-france","14":"tag-ile-de-france","15":"tag-news","16":"tag-paris","17":"tag-republique-francaise","18":"tag-rer-e","19":"tag-sncf","20":"tag-societe","21":"tag-transilien"},"share_on_mastodon":{"url":"https:\/\/pubeurope.com\/@fr\/115229707721828035","error":""},"_links":{"self":[{"href":"https:\/\/www.europesays.com\/fr\/wp-json\/wp\/v2\/posts\/401816","targetHints":{"allow":["GET"]}}],"collection":[{"href":"https:\/\/www.europesays.com\/fr\/wp-json\/wp\/v2\/posts"}],"about":[{"href":"https:\/\/www.europesays.com\/fr\/wp-json\/wp\/v2\/types\/post"}],"author":[{"embeddable":true,"href":"https:\/\/www.europesays.com\/fr\/wp-json\/wp\/v2\/users\/2"}],"replies":[{"embeddable":true,"href":"https:\/\/www.europesays.com\/fr\/wp-json\/wp\/v2\/comments?post=401816"}],"version-history":[{"count":0,"href":"https:\/\/www.europesays.com\/fr\/wp-json\/wp\/v2\/posts\/401816\/revisions"}],"wp:featuredmedia":[{"embeddable":true,"href":"https:\/\/www.europesays.com\/fr\/wp-json\/wp\/v2\/media\/401817"}],"wp:attachment":[{"href":"https:\/\/www.europesays.com\/fr\/wp-json\/wp\/v2\/media?parent=401816"}],"wp:term":[{"taxonomy":"category","embeddable":true,"href":"https:\/\/www.europesays.com\/fr\/wp-json\/wp\/v2\/categories?post=401816"},{"taxonomy":"post_tag","embeddable":true,"href":"https:\/\/www.europesays.com\/fr\/wp-json\/wp\/v2\/tags?post=401816"}],"curies":[{"name":"wp","href":"https:\/\/api.w.org\/{rel}","templated":true}]}}