{"id":401827,"date":"2025-09-19T07:14:12","date_gmt":"2025-09-19T07:14:12","guid":{"rendered":"https:\/\/www.europesays.com\/fr\/401827\/"},"modified":"2025-09-19T07:14:12","modified_gmt":"2025-09-19T07:14:12","slug":"washington-approuve-la-vente-a-la-pologne-de-missiles-antichars-lexpress","status":"publish","type":"post","link":"https:\/\/www.europesays.com\/fr\/401827\/","title":{"rendered":"Washington approuve la vente \u00e0 la Pologne de missiles antichars \u2013 L&rsquo;Express"},"content":{"rendered":"<p class=\"paragraph article-body-paragraph article__item article-body-paragraph--live  \">Plus de trois ans et demi apr\u00e8s le d\u00e9but de l&rsquo;invasion russe de l&rsquo;Ukraine, les pourparlers pour mettre fin au conflit sont dans l&rsquo;impasse, tant les positions de Moscou, qui exige que l&rsquo;Ukraine<b> <\/b>lui c\u00e8de des territoires, et de Kiev semblent inconciliables. Le Premier ministre britannique Keir Starmer a estim\u00e9 jeudi qu&rsquo;il fallait \u00ab\u00a0accentuer la pression\u00a0\u00bb sur Vladimir Poutine. D&rsquo;autant que la semaine derni\u00e8re, l&rsquo;intrusion d&rsquo;une vingtaine de <a href=\"https:\/\/www.lexpress.fr\/monde\/europe\/face-aux-drones-russes-lotan-et-lue-veulent-sinspirer-de-lukraine-HAGPMR4TLNA2RCUQZTGPZXQUCQ\/\" target=\"_self\" rel=\"noopener\" title=\"https:\/\/www.lexpress.fr\/monde\/europe\/face-aux-drones-russes-lotan-et-lue-veulent-sinspirer-de-lukraine-HAGPMR4TLNA2RCUQZTGPZXQUCQ\/\">drones russes<\/a> en Pologne a mis \u00e0 l&rsquo;\u00e9preuve la d\u00e9fense anti-a\u00e9rienne du flanc Est de l&rsquo;Otan. Les Etats-Unis ont annonc\u00e9 jeudi 18 septembre avoir approuv\u00e9 la vente de missiles antichars Javelin et leurs lance-missiles \u00e0 la Pologne, un membre de l&rsquo;Otan frontalier de l&rsquo;<a href=\"https:\/\/www.lexpress.fr\/monde\/europe\/l-ukraine-hesite-entre-est-et-ouest_1302698.html\" target=\"_self\" rel=\"noopener\" title=\"https:\/\/www.lexpress.fr\/monde\/europe\/l-ukraine-hesite-entre-est-et-ouest_1302698.html\">Ukraine<\/a>, pour un montant de 780 millions de dollars<\/p>\n<p class=\"paragraph article-body-paragraph article__item article-body-paragraph--live  \"><b>Les infos \u00e0 retenir<\/b><\/p>\n<p class=\"paragraph article-body-paragraph article__item article-body-paragraph--live  \">\u21d2 Les Etats-Unis ont annonc\u00e9 avoir approuv\u00e9 la vente de missiles antichars \u00e0 la Pologne<\/p>\n<p class=\"paragraph article-body-paragraph article__item article-body-paragraph--live  \">\u21d2 Donald Trump a exprim\u00e9 sa d\u00e9ception \u00e0 l&rsquo;\u00e9gard de Vladimir Poutine sur la guerre en\u00a0Ukraine<\/p>\n<p class=\"paragraph article-body-paragraph article__item article-body-paragraph--live  \">\u21d2 Prot\u00e9ger les infrastructures \u00e9nerg\u00e9tiques, le \u00ab\u00a0plus gros d\u00e9fi\u00a0\u00bb, selon la ministre de l&rsquo;Energie ukrainienne<\/p>\n<p>Washington approuve la vente de missiles antichars \u00e0 la Pologne<\/p>\n<p class=\"paragraph article-body-paragraph article__item article-body-paragraph--live  \">Les Etats-Unis ont annonc\u00e9 jeudi 18 septembre avoir approuv\u00e9 la vente de missiles antichars Javelin et leurs lance-missiles \u00e0 la Pologne, un membre de <a href=\"https:\/\/www.lexpress.fr\/monde\/europe\/face-aux-drones-russes-lotan-et-lue-veulent-sinspirer-de-lukraine-HAGPMR4TLNA2RCUQZTGPZXQUCQ\/\" target=\"_self\" rel=\"noopener\" title=\"https:\/\/www.lexpress.fr\/monde\/europe\/face-aux-drones-russes-lotan-et-lue-veulent-sinspirer-de-lukraine-HAGPMR4TLNA2RCUQZTGPZXQUCQ\/\">l&rsquo;Otan<\/a> frontalier de l&rsquo;<a href=\"https:\/\/www.lexpress.fr\/monde\/europe\/l-ukraine-hesite-entre-est-et-ouest_1302698.html\" target=\"_self\" rel=\"noopener\" title=\"https:\/\/www.lexpress.fr\/monde\/europe\/l-ukraine-hesite-entre-est-et-ouest_1302698.html\">Ukraine<\/a>, pour un montant de 780 millions de dollars. \u00ab\u00a0Cette vente propos\u00e9e soutiendra la politique \u00e9trang\u00e8re et la s\u00e9curit\u00e9 nationale des Etats-Unis en am\u00e9liorant la s\u00e9curit\u00e9 d&rsquo;un alli\u00e9 de l&rsquo;Otan qui constitue une force de stabilit\u00e9 politique et \u00e9conomique en Europe\u00a0\u00bb, a d\u00e9clar\u00e9 dans un communiqu\u00e9 l&rsquo;Agence am\u00e9ricaine de coop\u00e9ration pour la d\u00e9fense et la s\u00e9curit\u00e9 (DSCA).<\/p>\n<p><strong class=\"article-body-link-list__item text-gray-800 article-body-link-list__item--one-item\">LIRE AUSSI : <a class=\"article-body-link-list__item-link\" href=\"https:\/\/www.lexpress.fr\/monde\/europe\/des-jours-critiques-nous-attendent-larmee-polonaise-est-elle-prete-a-une-guerre-contre-la-russie-BY3YIKVYZBEQLISQUHWZYDUNBI\/\" target=\"_blank\" rel=\"noopener\">\u00ab\u00a0Des jours critiques nous attendent&#8230;\u00a0\u00bb : l\u2019arm\u00e9e polonaise est-elle pr\u00eate \u00e0 une guerre contre la Russie ?<\/a><\/strong><\/p>\n<p class=\"paragraph article-body-paragraph article__item article-body-paragraph--live  \">Le d\u00e9partement d&rsquo;Etat am\u00e9ricain a approuv\u00e9 la vente et la DSCA a fourni la notification requise au Congr\u00e8s, qui doit encore valider la transaction.<\/p>\n<p class=\"paragraph article-body-paragraph article__item article-body-paragraph--live  \">La Pologne est un partenaire cl\u00e9 de l&rsquo;Ukraine\u00a0depuis que la Russie a envahi ce pays en f\u00e9vrier 2022. Craignant la menace russe, la Pologne s&rsquo;est lanc\u00e9e ces derni\u00e8res ann\u00e9es dans un programme de modernisation rapide de son arm\u00e9e, signant plusieurs contrats d&rsquo;achat d&rsquo;armement, principalement avec les Etats-Unis et la Cor\u00e9e du Sud. La Pologne consacrera l&rsquo;ann\u00e9e prochaine 4,8% de son PIB \u00e0 la d\u00e9fense, compar\u00e9 \u00e0 4,7% pr\u00e9vus cette ann\u00e9e.<\/p>\n<p>Donald Trump se dit d\u00e9\u00e7u par Poutine<\/p>\n<p class=\"paragraph article-body-paragraph article__item article-body-paragraph--live  \"><a href=\"https:\/\/www.lexpress.fr\/monde\/amerique\/donald-trump_1702460.html\" target=\"_self\" rel=\"noopener\" title=\"https:\/\/www.lexpress.fr\/monde\/amerique\/donald-trump_1702460.html\">Donald Trump<\/a> a exprim\u00e9 jeudi sa d\u00e9ception \u00e0 l&rsquo;\u00e9gard de <a href=\"https:\/\/www.lexpress.fr\/idees-et-debats\/vladimir-poutine-a-peut-etre-commis-sa-plus-grande-erreur-le-testament-dhenry-kissinger-5KNGBFWMABGKZFEEXONKDNS6F4\/\" target=\"_self\" rel=\"noopener\" title=\"https:\/\/www.lexpress.fr\/idees-et-debats\/vladimir-poutine-a-peut-etre-commis-sa-plus-grande-erreur-le-testament-dhenry-kissinger-5KNGBFWMABGKZFEEXONKDNS6F4\/\">Vladimir Poutine<\/a> sur la guerre en\u00a0Ukraine, lors d&rsquo;une conf\u00e9rence de presse avec le Premier ministre britannique Keir Starmer, qui a lui appel\u00e9 \u00e0 \u00ab\u00a0accentuer la pression\u00a0\u00bb sur le pr\u00e9sident russe.<\/p>\n<p class=\"paragraph article-body-paragraph article__item article-body-paragraph--live  \">Le pr\u00e9sident am\u00e9ricain a quitt\u00e9 le Royaume-Uni en fin d&rsquo;apr\u00e8s-midi, apr\u00e8s <a href=\"https:\/\/www.lexpress.fr\/monde\/donald-trump-au-royaume-uni-faste-royal-et-contrats-economiques-au-coeur-dune-visite-sous-tension-3GLQ4HR2RBEY7GU2IAXMBEY2PY\/\" target=\"_self\" rel=\"noopener\" title=\"https:\/\/www.lexpress.fr\/monde\/donald-trump-au-royaume-uni-faste-royal-et-contrats-economiques-au-coeur-dune-visite-sous-tension-3GLQ4HR2RBEY7GU2IAXMBEY2PY\/\">sa deuxi\u00e8me visite d&rsquo;Etat<\/a> dans le pays, marqu\u00e9e par un accueil fastueux du roi Charles III et des entretiens avec Keir Starmer. Elle s&rsquo;ach\u00e8ve sans annonce majeure au niveau politique ou diplomatique. Sur l&rsquo;Ukraine, le dirigeant r\u00e9publicain a sembl\u00e9 admettre \u00eatre dans l&rsquo;impasse. Le conflit \u00ab\u00a0que je pensais \u00eatre le plus facile \u00e0 r\u00e9soudre \u00e9tait\u00a0\u00bb la guerre en\u00a0Ukraine, \u00ab\u00a0en raison de mes relations avec le pr\u00e9sident Poutine, mais il m&rsquo;a laiss\u00e9 tomber. Il m&rsquo;a vraiment laiss\u00e9 tomber\u00a0\u00bb, a-t-il d\u00e9clar\u00e9.<\/p>\n<p><strong class=\"article-body-link-list__item text-gray-800 article-body-link-list__item--one-item\">LIRE AUSSI : <a class=\"article-body-link-list__item-link\" href=\"https:\/\/www.lexpress.fr\/monde\/europe\/en-verite-trump-est-plutot-indifferent-a-lukraine-et-loccident-lanalyse-du-chercheur-dimitri-minic-ASKQ4GSTMRGQZCCCMS2M3PD7AU\/\" target=\"_blank\" rel=\"noopener\">\u00ab\u00a0En v\u00e9rit\u00e9, Trump est plut\u00f4t indiff\u00e9rent \u00e0 l\u2019Ukraine et l\u2019Occident\u00a0\u00bb : l\u2019analyse du chercheur Dimitri Minic<\/a><\/strong><\/p>\n<p class=\"paragraph article-body-paragraph article__item article-body-paragraph--live  \">Nous devons \u00ab\u00a0accentuer la pression\u00a0\u00bb sur <a href=\"https:\/\/www.lexpress.fr\/monde\/comment-vladimir-poutine-manipule-les-occidentaux-menaces-coups-de-bluff-et-methode-kgb-UXXCBPS54RHHNDPWQEE3KFUHCY\/\" target=\"_self\" rel=\"noopener\" title=\"https:\/\/www.lexpress.fr\/monde\/comment-vladimir-poutine-manipule-les-occidentaux-menaces-coups-de-bluff-et-methode-kgb-UXXCBPS54RHHNDPWQEE3KFUHCY\/\">Vladimir Poutine<\/a>, a redit Keir Starmer, qui se positionne depuis des mois comme un interm\u00e9diaire entre Donald Trump et les Europ\u00e9ens sur ce sujet.\u00a0\u00ab\u00a0Ce n&rsquo;est que lorsque le pr\u00e9sident (Trump) a exerc\u00e9 une pression sur Poutine que celui-ci a r\u00e9ellement montr\u00e9 une certaine volont\u00e9 d&rsquo;agir\u00a0\u00bb, a affirm\u00e9 le chef du gouvernement britannique.<\/p>\n<p>Prot\u00e9ger les infrastructures \u00e9nerg\u00e9tiques, le \u00ab\u00a0plus gros d\u00e9fi\u00a0\u00bb<\/p>\n<p class=\"paragraph article-body-paragraph article__item article-body-paragraph--live  \">\u00ab\u00a0La protection\u00a0\u00bb des infrastructures face aux attaques russes \u00ab\u00a0quotidiennes\u00a0\u00bb est le \u00ab\u00a0plus gros d\u00e9fi\u00a0\u00bb du secteur de l&rsquo;\u00e9nergie en\u00a0Ukraine\u00a0qui s&rsquo;achemine vers un 4e hiver de guerre, a d\u00e9clar\u00e9 la nouvelle ministre ukrainienne de l&rsquo;Energie, Svitlana Gryntchouk, en visite \u00e0 Paris.<\/p>\n<p class=\"paragraph article-body-paragraph article__item article-body-paragraph--live  \">\u00ab\u00a0Chaque saison de chauffage, chaque hiver durant la guerre pour l&rsquo;Ukraine, est un grand d\u00e9fi\u00a0\u00bb, a soulign\u00e9 Mme Gryntchouk rencontr\u00e9e par l&rsquo;AFP en marge d&rsquo;une r\u00e9union de l&rsquo;Agence pour l&rsquo;\u00e9nergie nucl\u00e9aire de l&rsquo;OCDE.\u00a0\u00ab\u00a0Le plus grand d\u00e9fi est de prot\u00e9ger et de sauvegarder les installations \u00e9nerg\u00e9tiques contre les attaques quotidiennes, avec des centaines de drones et de missiles\u00a0\u00bb, a indiqu\u00e9 la ministre qui a r\u00e9cup\u00e9r\u00e9 ce portefeuille strat\u00e9gique en juillet. \u00ab\u00a0Nous avons r\u00e9par\u00e9 beaucoup de nos \u00e9quipements \u00e9nerg\u00e9tiques apr\u00e8s les attaques, mais nous constatons que la Russie continue d&rsquo;attaquer\u00a0\u00bb, souligne Mme Gryntchouk.<\/p>\n<p><strong class=\"article-body-link-list__item text-gray-800 article-body-link-list__item--one-item\">LIRE AUSSI : <a class=\"article-body-link-list__item-link\" href=\"https:\/\/www.lexpress.fr\/monde\/guerre-en-ukraine-donald-trump-se-prepare-une-porte-de-sortie-6KBTEZ5QNJFAZLXQ3ZNLDOUCGQ\/\" target=\"_blank\" rel=\"noopener\">Guerre en Ukraine : Donald Trump se pr\u00e9pare une porte de sortie<\/a><\/strong><\/p>\n<p class=\"paragraph article-body-paragraph article__item article-body-paragraph--live  \">L&rsquo;Ukraine\u00a0prot\u00e8ge ses installations \u00e9nerg\u00e9tiques, en recourant \u00e0 de la protection \u00ab\u00a0physique\u00a0\u00bb (par exemple, des gabions), \u00ab\u00a0avec diff\u00e9rentes d\u00e9fenses techniques contre les drones et les missiles, et bien s\u00fbr, nous cherchons \u00e0 renforcer notre d\u00e9fense a\u00e9rienne\u00a0\u00bb. \u00ab\u00a0L&rsquo;ennemi a chang\u00e9 de tactiques et nous devons aussi changer notre protection\u00a0\u00bb, ajoute-t-elle.<\/p>\n<p class=\"paragraph article-body-paragraph article__item article-body-paragraph--live  \">Malgr\u00e9 les mesures, l&rsquo;ann\u00e9e a \u00e9t\u00e9 \u00ab\u00a0extr\u00eamement difficile pour les infrastructures gazi\u00e8res\u00a0\u00bb.\u00a0\u00ab\u00a0C&rsquo;est un d\u00e9fi suppl\u00e9mentaire de (savoir) comment r\u00e9parer rapidement avant la p\u00e9riode froide\u00a0\u00bb, dit-elle. M\u00eame si l&rsquo;<a href=\"https:\/\/www.lexpress.fr\/monde\/europe\/guerre-en-ukraine-les-nouveaux-drones-kamikazes-de-kiev-qui-vont-epuiser-les-defenses-russes-P5A2VDXNFRECRMI6HE2ITAVFNI\/\" target=\"_self\" rel=\"noopener\" title=\"https:\/\/www.lexpress.fr\/monde\/europe\/guerre-en-ukraine-les-nouveaux-drones-kamikazes-de-kiev-qui-vont-epuiser-les-defenses-russes-P5A2VDXNFRECRMI6HE2ITAVFNI\/\">Ukraine<\/a>\u00a0esp\u00e8re avoir dans ces stockages au moins 13,2 bcm (milliards de m3 de gaz) pour passer l&rsquo;hiver, elle aura besoin d&rsquo;importer plus de 4,5 bcm suppl\u00e9mentaires, selon la ministre.\u00a0L&rsquo;Ukraine\u00a0pr\u00e9voit par ailleurs d'\u00a0\u00bbavoir tous ses r\u00e9acteurs en op\u00e9ration\u00a0\u00bb, soit les 9 unit\u00e9s qui sont encore en activit\u00e9 depuis l&rsquo;occupation par les Russes de la plus grande centrale nucl\u00e9aire d&rsquo;Europe, Zaporijjia, compos\u00e9e de six r\u00e9acteurs tous mis \u00e0 l&rsquo;arr\u00eat.<\/p>\n<p><strong class=\"article-body-link-list__item text-gray-800 article-body-link-list__item--one-item\">LIRE AUSSI : <a class=\"article-body-link-list__item-link\" href=\"https:\/\/www.lexpress.fr\/monde\/europe\/cest-comme-un-cancer-qui-nous-ronge-dans-lukraine-en-guerre-le-reportage-dantoine-vitkine-IQPY7P6QHFEI7M7C27TC553SFE\/\" target=\"_blank\" rel=\"noopener\">\u00ab\u00a0C\u2019est comme un cancer qui nous ronge\u00a0\u00bb : dans l\u2019Ukraine en guerre, le reportage d\u2019Antoine Vitkine<\/a><\/strong><\/p>\n<p class=\"paragraph article-body-paragraph article__item article-body-paragraph--live  \">En cas de besoin, le pays peut importer pour 2,1 GW d&rsquo;\u00e9lectricit\u00e9 \u00e0 travers ses lignes \u00e0 haute tension connect\u00e9es au r\u00e9seau europ\u00e9en.\u00a0\u00ab\u00a0Notre t\u00e2che n&rsquo;est pas seulement de r\u00e9sister, nous construisons \u00e9galement les bases d&rsquo;un avenir \u00e9nerg\u00e9tique plus solide, plus propre et plus s\u00fbr\u00a0\u00bb, avait d\u00e9clar\u00e9 un peu plus t\u00f4t la ministre devant des repr\u00e9sentants d&rsquo;Etats et de l&rsquo;industrie nucl\u00e9aire.<\/p>\n<p class=\"paragraph article-body-paragraph article__item article-body-paragraph--live   article__text__endpicto\">Avec la guerre, le pays s&rsquo;est tourn\u00e9 \u00e0 marche forc\u00e9e vers la transition \u00e9nerg\u00e9tique en installant \u00e9oliennes et panneaux solaires, de petites unit\u00e9s de production \u00e9lectrique, offrant plus de \u00ab\u00a0stabilit\u00e9\u00a0\u00bb au syst\u00e8me \u00e9lectrique car elles sont \u00ab\u00a0plus difficiles\u00a0\u00bb \u00e0 cibler, a indiqu\u00e9 la ministre.\u00a0L&rsquo;Ukraine\u00a0veut \u00e9tendre ses capacit\u00e9s nucl\u00e9aires, y compris avec de mini-r\u00e9acteurs, tout en d\u00e9veloppant les renouvelables et le stockage par batterie ou en barrages.\u00a0<\/p>\n","protected":false},"excerpt":{"rendered":"Plus de trois ans et demi apr\u00e8s le d\u00e9but de l&rsquo;invasion russe de l&rsquo;Ukraine, les pourparlers pour mettre&hellip;\n","protected":false},"author":2,"featured_media":401828,"comment_status":"","ping_status":"","sticky":false,"template":"","format":"standard","meta":{"footnotes":""},"categories":[1590],"tags":[11,782,1777,674,74,12,220],"class_list":{"0":"post-401827","1":"post","2":"type-post","3":"status-publish","4":"format-standard","5":"has-post-thumbnail","7":"category-ukraine","8":"tag-actualites","9":"tag-ameriques","10":"tag-eu","11":"tag-europe","12":"tag-monde","13":"tag-news","14":"tag-ukraine"},"share_on_mastodon":{"url":"https:\/\/pubeurope.com\/@fr\/115229731340954037","error":""},"_links":{"self":[{"href":"https:\/\/www.europesays.com\/fr\/wp-json\/wp\/v2\/posts\/401827","targetHints":{"allow":["GET"]}}],"collection":[{"href":"https:\/\/www.europesays.com\/fr\/wp-json\/wp\/v2\/posts"}],"about":[{"href":"https:\/\/www.europesays.com\/fr\/wp-json\/wp\/v2\/types\/post"}],"author":[{"embeddable":true,"href":"https:\/\/www.europesays.com\/fr\/wp-json\/wp\/v2\/users\/2"}],"replies":[{"embeddable":true,"href":"https:\/\/www.europesays.com\/fr\/wp-json\/wp\/v2\/comments?post=401827"}],"version-history":[{"count":0,"href":"https:\/\/www.europesays.com\/fr\/wp-json\/wp\/v2\/posts\/401827\/revisions"}],"wp:featuredmedia":[{"embeddable":true,"href":"https:\/\/www.europesays.com\/fr\/wp-json\/wp\/v2\/media\/401828"}],"wp:attachment":[{"href":"https:\/\/www.europesays.com\/fr\/wp-json\/wp\/v2\/media?parent=401827"}],"wp:term":[{"taxonomy":"category","embeddable":true,"href":"https:\/\/www.europesays.com\/fr\/wp-json\/wp\/v2\/categories?post=401827"},{"taxonomy":"post_tag","embeddable":true,"href":"https:\/\/www.europesays.com\/fr\/wp-json\/wp\/v2\/tags?post=401827"}],"curies":[{"name":"wp","href":"https:\/\/api.w.org\/{rel}","templated":true}]}}