{"id":401842,"date":"2025-09-19T07:22:18","date_gmt":"2025-09-19T07:22:18","guid":{"rendered":"https:\/\/www.europesays.com\/fr\/401842\/"},"modified":"2025-09-19T07:22:18","modified_gmt":"2025-09-19T07:22:18","slug":"apres-le-18-septembre-imaginons-un-pacte-davenir-pour-la-france","status":"publish","type":"post","link":"https:\/\/www.europesays.com\/fr\/401842\/","title":{"rendered":"Apr\u00e8s le 18\u00a0septembre, imaginons un pacte d\u2019avenir pour la France"},"content":{"rendered":"<p>La France vit <a href=\"https:\/\/www.humanite.fr\/en-debat\/18-septembre-2025\/18-septembre-le-coup-de-semonce\" data-type=\"post\" data-id=\"3205412\" target=\"_blank\" rel=\"noopener\">un moment de bascule<\/a> dont l\u2019orientation d\u00e9pend de nous tous et toutes. Elle peut s\u2019enfoncer dans la r\u00e9action et la guerre ou ouvrir un nouvel horizon de progr\u00e8s et de paix.<\/p>\n<p>Jamais ces derni\u00e8res d\u00e9cennies le divorce entre la France du travail et les \u00e9lites qui la gouvernent n\u2019a \u00e9t\u00e9 aussi profond. Apr\u00e8s 8\u00a0ans de pr\u00e9sidence d\u2019Emmanuel Macron, le pouvoir est \u00e0 l\u2019agonie et le pays en \u00e9bullition partag\u00e9 entre col\u00e8re et inqui\u00e9tude.<\/p>\n<p>Le pouvoir macroniste s\u2019acharne \u00e0 fragiliser la s\u00e9curit\u00e9 sociale, \u00e0 prolonger ind\u00e9finiment la vie au travail, \u00e0 \u00e9touffer les salaires, \u00e0 brader nos industries, \u00e0 r\u00e9duire les services publics \u00e0 l\u2019\u00e9tat de peau de chagrin, \u00e0 mener une politique belliciste.<\/p>\n<p>La cons\u00e9quence est que des milliers de salari\u00e9\u00b7es, de femmes et d\u2019hommes, se sentent invisibles, priv\u00e9s de toute consid\u00e9ration, ignor\u00e9s par le pouvoir.<\/p>\n<p>Cette invisibilit\u00e9 est une blessure d\u00e9mocratique.<\/p>\n<p>Elle nourrit l\u2019extr\u00eame droite, comme hier la crise a nourri les fascismes, alors m\u00eame que ce camp a en commun avec le pouvoir d\u2019\u00eatre au service exclusif du capital\u00a0: il ne veut ni de l\u2019augmentation du salaire brut, ni du retour de l\u2019ISF\u00a0!<\/p>\n<p>Ce 18\u00a0septembre, plus d\u2019un million de travailleurs et travailleuses ont relev\u00e9 la t\u00eate par des gr\u00e8ves et manifestations. \u00c9crivons la suite avec courage et audace.<\/p>\n<p>Le moment politique n\u2019est pas seulement une \u00e9preuve pour notre nation et pour le monde du travail, il est aussi une opportunit\u00e9 pour le changement.<\/p>\n<p>Nous avons un nouveau chemin \u00e0 emprunter\u00a0: rompre collectivement avec la logique de d\u00e9possession et construire un grand mouvement d\u2019appropriation sociale dans lequel le monde du travail reprendra au capital la direction du pays pour servir l\u2019int\u00e9r\u00eat g\u00e9n\u00e9ral et non les profits d\u2019une minorit\u00e9 de grands actionnaires.<\/p>\n<p>Imaginons ensemble un pacte d\u2019avenir pour la France. Une France qui s\u00e9curise tous les \u00e2ges de la vie, de la protection de l\u2019enfance \u00e0 l\u2019autonomie au grand \u00e2ge en passant par une alternance de p\u00e9riodes de formations et d\u2019emploi dans une continuit\u00e9 de revenu sans l\u2019angoisse du lendemain, 80\u00a0ans apr\u00e8s la cr\u00e9ation de la S\u00e9curit\u00e9 sociale par le communiste Ambroise Croizat. Une nation forte de ses travailleurs et travailleuses \u00e0 \u00e9galit\u00e9 professionnelle, de sa jeunesse, qui dispose de nouveaux pouvoirs d\u2019intervention pour engager une nouvelle industrialisation sociale et \u00e9cologique et la reconqu\u00eate de ses services publics. Une nation libre et souveraine qui coop\u00e8re en Europe et dans le monde avec toutes les nations qui veulent agir avec elle pour la paix et la r\u00e9ponse aux grands d\u00e9fis sociaux, \u00e9cologiques, technologiques du si\u00e8cle.<\/p>\n<p>L\u2019argent existe pour un tel pacte\u00a0! Comment expliquer que 211\u00a0milliards d\u2019euros d\u2019aides publiques aux entreprises soient distribu\u00e9s sans crit\u00e8re\u00a0? Comment expliquer qu\u2019on trouve l\u2019argent pour doubler le budget de la d\u00e9fense mais pas de la culture, de la sant\u00e9, de l\u2019\u00e9ducation, des transports, de la justice\u00a0?<\/p>\n<p>Faisons \u00e9merger une R\u00e9publique nouvelle, pleinement sociale et d\u00e9mocratique, forte d\u2019un principe simple et puissant\u00a0: la primaut\u00e9 du travail sur le capital.<\/p>\n<p>C\u2019est ainsi que nous barrerons la route \u00e0 l\u2019extr\u00eame droite car le plus s\u00fbr moyen de combattre la haine est de r\u00e9pondre aux besoins populaires.<\/p>\n<p>L\u2019histoire nous enseigne que les grands sursauts fran\u00e7ais sont n\u00e9s de l\u2019alliance entre le monde du travail et une vision politique \u00e9mancipatrice. Chaque fois que la France a su faire primer l\u2019\u00e9galit\u00e9 sur les privil\u00e8ges, le travail sur capital, elle a su \u00e9crire une nouvelle page. C\u2019est \u00e0 nous d\u00e9sormais qu\u2019il revient de continuer ce fil.<\/p>\n<p>Pour reprendre les mots de Victor Hugo, \u00ab\u00a0il n\u2019est rien au monde d\u2019aussi puissant qu\u2019une id\u00e9e dont l\u2019heure est venue\u00a0\u00bb.<\/p>\n<p>L\u2019heure est venue.<\/p>\n","protected":false},"excerpt":{"rendered":"La France vit un moment de bascule dont l\u2019orientation d\u00e9pend de nous tous et toutes. Elle peut s\u2019enfoncer&hellip;\n","protected":false},"author":2,"featured_media":401843,"comment_status":"","ping_status":"","sticky":false,"template":"","format":"standard","meta":{"footnotes":""},"categories":[4],"tags":[53323,11,1011,27,12,4731,316,25],"class_list":{"0":"post-401842","1":"post","2":"type-post","3":"status-publish","4":"format-standard","5":"has-post-thumbnail","7":"category-france","8":"tag-18-septembre-2025","9":"tag-actualites","10":"tag-fr","11":"tag-france","12":"tag-news","13":"tag-pcf-parti-communiste-franu00e7ais","14":"tag-politique","15":"tag-republique-francaise"},"share_on_mastodon":{"url":"https:\/\/pubeurope.com\/@fr\/115229762679738869","error":""},"_links":{"self":[{"href":"https:\/\/www.europesays.com\/fr\/wp-json\/wp\/v2\/posts\/401842","targetHints":{"allow":["GET"]}}],"collection":[{"href":"https:\/\/www.europesays.com\/fr\/wp-json\/wp\/v2\/posts"}],"about":[{"href":"https:\/\/www.europesays.com\/fr\/wp-json\/wp\/v2\/types\/post"}],"author":[{"embeddable":true,"href":"https:\/\/www.europesays.com\/fr\/wp-json\/wp\/v2\/users\/2"}],"replies":[{"embeddable":true,"href":"https:\/\/www.europesays.com\/fr\/wp-json\/wp\/v2\/comments?post=401842"}],"version-history":[{"count":0,"href":"https:\/\/www.europesays.com\/fr\/wp-json\/wp\/v2\/posts\/401842\/revisions"}],"wp:featuredmedia":[{"embeddable":true,"href":"https:\/\/www.europesays.com\/fr\/wp-json\/wp\/v2\/media\/401843"}],"wp:attachment":[{"href":"https:\/\/www.europesays.com\/fr\/wp-json\/wp\/v2\/media?parent=401842"}],"wp:term":[{"taxonomy":"category","embeddable":true,"href":"https:\/\/www.europesays.com\/fr\/wp-json\/wp\/v2\/categories?post=401842"},{"taxonomy":"post_tag","embeddable":true,"href":"https:\/\/www.europesays.com\/fr\/wp-json\/wp\/v2\/tags?post=401842"}],"curies":[{"name":"wp","href":"https:\/\/api.w.org\/{rel}","templated":true}]}}