{"id":401844,"date":"2025-09-19T07:26:09","date_gmt":"2025-09-19T07:26:09","guid":{"rendered":"https:\/\/www.europesays.com\/fr\/401844\/"},"modified":"2025-09-19T07:26:09","modified_gmt":"2025-09-19T07:26:09","slug":"laver-cup-federer-je-sais-que-nadal-est-en-fome-on-pourrait-faire-un-fedal-tour","status":"publish","type":"post","link":"https:\/\/www.europesays.com\/fr\/401844\/","title":{"rendered":"Laver Cup > Federer : \u00ab\u00a0Je sais que Nadal est en fome, on pourrait faire un Fedal tour\u00a0\u00bb"},"content":{"rendered":"<p>Roger est le fonda\u00adteur de la Laver Cup. On le soit donc un peu partout su les m\u00e9dias am\u00e9ri\u00adcains juste avant le d\u00e9part de la 9\u00e8me \u00e9dition de sa coupe. Interrog\u00e9 par CNBC au sujet d\u2019un \u00e9ven\u00adtuel tour avec Rafa, le Suisse a trouv\u00e9 l\u2019id\u00e9e plut\u00f4t s\u00e9duisante.<\/p>\n<p><strong>\u00ab\u202fOui, pour\u00adquoi pas\u202f? J\u2019aime Rafa. J\u2019essaie de rester en forme. Je sais qu\u2019il est aussi pr\u00eat \u00e0 jouer au tennis\u2026 Peut\u2010\u00eatre qu\u2019on pour\u00adrait cr\u00e9er un circuit, comme le Fedal\u00a0Tour\u202f\u00bb<\/strong><\/p>\n<p>On imagine bien que l\u2019en\u00adgoue\u00adment serait total si les deux l\u00e9gendes d\u00e9cident de faire quelques dates, un peu comme le succ\u00e8s des grandes l\u00e9gendes du rock quand ils d\u00e9cident de remonter su\u00a0sc\u00e8ne.<\/p>\n<p class=\"post-published-date\" style=\"color: silver; font-size: 75%; text-align: left;\">Publi\u00e9 le vendredi 19 septembre 2025 \u00e0 07:46<\/p>\n","protected":false},"excerpt":{"rendered":"Roger est le fonda\u00adteur de la Laver Cup. On le soit donc un peu partout su les m\u00e9dias&hellip;\n","protected":false},"author":2,"featured_media":254015,"comment_status":"","ping_status":"","sticky":false,"template":"","format":"standard","meta":{"footnotes":""},"categories":[1415],"tags":[2199,1011,27,1960,60,1467],"class_list":{"0":"post-401844","1":"post","2":"type-post","3":"status-publish","4":"format-standard","5":"has-post-thumbnail","7":"category-tennis","8":"tag-federer","9":"tag-fr","10":"tag-france","11":"tag-nadal","12":"tag-sports","13":"tag-tennis"},"share_on_mastodon":{"url":"https:\/\/pubeurope.com\/@fr\/115229778438744090","error":""},"_links":{"self":[{"href":"https:\/\/www.europesays.com\/fr\/wp-json\/wp\/v2\/posts\/401844","targetHints":{"allow":["GET"]}}],"collection":[{"href":"https:\/\/www.europesays.com\/fr\/wp-json\/wp\/v2\/posts"}],"about":[{"href":"https:\/\/www.europesays.com\/fr\/wp-json\/wp\/v2\/types\/post"}],"author":[{"embeddable":true,"href":"https:\/\/www.europesays.com\/fr\/wp-json\/wp\/v2\/users\/2"}],"replies":[{"embeddable":true,"href":"https:\/\/www.europesays.com\/fr\/wp-json\/wp\/v2\/comments?post=401844"}],"version-history":[{"count":0,"href":"https:\/\/www.europesays.com\/fr\/wp-json\/wp\/v2\/posts\/401844\/revisions"}],"wp:featuredmedia":[{"embeddable":true,"href":"https:\/\/www.europesays.com\/fr\/wp-json\/wp\/v2\/media\/254015"}],"wp:attachment":[{"href":"https:\/\/www.europesays.com\/fr\/wp-json\/wp\/v2\/media?parent=401844"}],"wp:term":[{"taxonomy":"category","embeddable":true,"href":"https:\/\/www.europesays.com\/fr\/wp-json\/wp\/v2\/categories?post=401844"},{"taxonomy":"post_tag","embeddable":true,"href":"https:\/\/www.europesays.com\/fr\/wp-json\/wp\/v2\/tags?post=401844"}],"curies":[{"name":"wp","href":"https:\/\/api.w.org\/{rel}","templated":true}]}}