{"id":401845,"date":"2025-09-19T07:28:11","date_gmt":"2025-09-19T07:28:11","guid":{"rendered":"https:\/\/www.europesays.com\/fr\/401845\/"},"modified":"2025-09-19T07:28:11","modified_gmt":"2025-09-19T07:28:11","slug":"motogp-misano-ne-suffit-pas-gigi-dalligna-lucide-sur-la-crise-que-traverse-pecco-bagnaia","status":"publish","type":"post","link":"https:\/\/www.europesays.com\/fr\/401845\/","title":{"rendered":"MotoGP, \u00ab\u00a0Misano ne suffit pas\u00a0\u00bb : Gigi Dall\u2019Igna lucide sur la crise que traverse Pecco Bagnaia"},"content":{"rendered":"<p><strong>Le directeur g\u00e9n\u00e9ral de Ducati Corse, Gigi Dall\u2019Igna,<br \/>\nn\u2019a pas cherch\u00e9 \u00e0 minimiser les difficult\u00e9s rencontr\u00e9es par Pecco<br \/>\nBagnaia, en particulier apr\u00e8s un Grand Prix de Saint-Marin<br \/>\ncatastrophique pour le double champion du monde de la marque.<br \/>\nMalgr\u00e9 une journ\u00e9e compl\u00e8te de tests le lundi, Dall\u2019Igna reste<br \/>\nprudent et lucide : une seule journ\u00e9e ne peut pas r\u00e9soudre une<br \/>\ncrise qui, au contraire, s\u2019aggrave\u2026<\/strong><\/p>\n<p>\u00ab Une journ\u00e9e n\u2019est pas vraiment suffisante pour r\u00e9soudre<br \/>\nune situation aussi d\u00e9licate \u00bb, a-t-il reconnu dans son<br \/>\nd\u00e9briefing d\u2019apr\u00e8s-course. \u00ab <strong>Nous devons garder notre<br \/>\nsang-froid et notre confiance<\/strong>. \u00bb<\/p>\n<p>Le bilan est dur : z\u00e9ro point marqu\u00e9 \u00e0 <strong>Misano<\/strong>.<br \/>\n13e au sprint, abandon pendant la course principale apr\u00e8s une chute<br \/>\nalors qu\u2019il occupait la 7e place. Le contraste est saisissant par<br \/>\nrapport \u00e0 2024, o\u00f9 <strong>Bagnaia<\/strong> luttait encore pour le<br \/>\ntitre \u00e0 ce stade de la saison. \u00ab\u00a0L\u2019accident de Pecco\u2026<br \/>\n<strong>il n\u2019avait tout simplement pas le feeling<\/strong> qu\u2019il<br \/>\navait acquis lors des essais libres et des<br \/>\nqualifications,\u00a0\u00bb a d\u00e9clar\u00e9 <strong>Gigi<br \/>\nDall\u2019Igna<\/strong>.<\/p>\n<p>M\u00eame s\u2019il s\u2019est montr\u00e9 \u00ab plut\u00f4t positif \u00bb apr\u00e8s la journ\u00e9e<br \/>\nd\u2019essais de lundi, <strong>Pecco<\/strong> n\u2019a test\u00e9 aucune grande<br \/>\nnouveaut\u00e9 mais s\u2019est concentr\u00e9 sur le pilotage avec le package<br \/>\nactuel, afin d\u2019analyser en profondeur les causes de sa perte de<br \/>\nfeeling, notamment au freinage, son point fort habituel.<\/p>\n<p>Alors que <strong>Bagnaia<\/strong> peine \u00e0 faire avancer la<br \/>\nGP25, <strong>Marc Marquez<\/strong>, lui, continue de faire tomber<br \/>\nles records sur la m\u00eame moto. Le pilote de Cervera a remport\u00e9 \u00e0<br \/>\nMisano sa 11e victoire en 16 courses cette saison, s\u2019imposant avec<br \/>\npanache face \u00e0 <strong>Marco Bezzecchi<\/strong> dans une course<br \/>\nserr\u00e9e et haletante.<\/p>\n<p><img loading=\"lazy\" decoding=\"async\" class=\"aligncenter wp-image-1330754\" src=\"https:\/\/www.europesays.com\/fr\/wp-content\/uploads\/2025\/09\/Marc-Marquez-Pecco.jpg\" alt=\"Gigi Dall'Igna \" width=\"1199\" height=\"599\"  \/><\/p>\n<p><strong>Gigi Dall\u2019Igna\u00a0:<br \/>\n\u00ab\u00a0Marc Marquez, roi incontest\u00e9 de<br \/>\n2025\u00a0\u00bb<\/strong><\/p>\n<p><strong>Dall\u2019Igna<\/strong> n\u2019a pas tari d\u2019\u00e9loges : \u00ab une<br \/>\nvictoire palpitante sur un circuit sp\u00e9cial\u2026 Marc Marquez, roi<br \/>\nincontest\u00e9 de 2025, scelle ici sa 11e victoire \u00bb, a-t-il<br \/>\n\u00e9crit.<\/p>\n<p>Il a \u00e9galement salu\u00e9 l\u2019\u00e9l\u00e9gance du combat face \u00e0<br \/>\n<strong>Bezzecchi<\/strong>, qui a tenu t\u00eate jusqu\u2019au dernier tour,<br \/>\net la magnifique image du respect mutuel dans le parc ferm\u00e9 : \u00ab<br \/>\n<strong>une accolade chaleureuse<\/strong> entre les<br \/>\ndeux protagonistes pour couronner <strong>ce qui est le meilleur<br \/>\nendroit pour notre sport<\/strong>. \u00bb<\/p>\n<p>L\u2019\u00e9cart entre <strong>Marquez<\/strong> et<br \/>\n<strong>Bagnaia<\/strong> devient chaque semaine plus embarrassant<br \/>\npour <strong>Ducati<\/strong>. Malgr\u00e9 des outils identiques ou<br \/>\npresque, l\u2019un domine outrageusement le <strong>championnat<\/strong><br \/>\ntandis que l\u2019autre peine \u00e0 retrouver son identit\u00e9 de pilote. Et<br \/>\ncela commence \u00e0 alimenter <strong>les sp\u00e9culations pour<br \/>\n2026<\/strong>, voire des r\u00e9visions de contrat anticip\u00e9es pour la<br \/>\nsaison prochaine.<\/p>\n<p>Malgr\u00e9 la situation critique de <strong>Bagnaia<\/strong>, la<br \/>\nmarque de Borgo Panigale peut se targuer d\u2019avoir plac\u00e9 <strong>cinq<br \/>\nDucati dans les six premi\u00e8res places \u00e0 Misano<\/strong>. Ce r\u00e9sultat<br \/>\ncollectif masque \u00e0 peine l\u2019inconfort croissant autour de son double<br \/>\nchampion du monde, d\u00e9sormais rel\u00e9gu\u00e9 dans l\u2019ombre de son illustre<br \/>\nco\u00e9quipier.<\/p>\n<p>\u00ab C\u2019\u00e9tait une victoire durement gagn\u00e9e. A Misano, c\u2019\u00e9tait la<br \/>\nseule fa\u00e7on de gagner : en misant sur l\u2019exp\u00e9rience, la g\u00e9n\u00e9rosit\u00e9<br \/>\net le talent de Marc \u00bb, a insist\u00e9<br \/>\n<strong>Dall\u2019Igna<\/strong>.<\/p>\n<p>Les commentaires de <strong>Dall\u2019Igna<\/strong> mettent en<br \/>\n\u00e9vidence le foss\u00e9 qui s\u2019est creus\u00e9 entre la performance d\u2019un<br \/>\n<a href=\"https:\/\/www.paddock-gp.com\/misano-2025-marquez-chute-rossi-rit-et-les-fans-en-viennent-aux-poings-la-rivalite-degenere-et-ca-ne-peut-plus-etre-officiellement-ignore\/\" rel=\"nofollow noopener\" target=\"_blank\"><br \/>\n<strong>Marquez<\/strong><\/a> en pleine confiance et celle d\u2019un<br \/>\n<strong>Bagnaia<\/strong> en difficult\u00e9. Compte tenu des<br \/>\ncommentaires de <strong>Gigi Dall\u2019Igna<\/strong> sur la complexit\u00e9<br \/>\nde r\u00e9soudre les probl\u00e8mes de <a href=\"https:\/\/www.paddock-gp.com\/motogp-misano-pecco-bagnaia-saccroche-a-stoner-pour-eviter-le-naufrage-jaimerais-lavoir-toujours-avec-moi\/\" rel=\"nofollow noopener\" target=\"_blank\"><br \/>\n<strong>Pecco Bagnaia<\/strong><\/a>, quelles mesures <a href=\"https:\/\/www.paddock-gp.com\/wsbk-alvaro-bautista-explose-la-bmw-a-change-du-jour-au-lendemain-le-pilote-ducati-accuse-et-le-reglement-vacille\/\" rel=\"nofollow noopener\" target=\"_blank\"><br \/>\n<strong>Ducati<\/strong><\/a> pourrait-elle prendre en plus des tests<br \/>\nhabituels pour aider son double champion \u00e0 retrouver sa confiance<br \/>\net sa vitesse pour la fin de la saison <a href=\"https:\/\/www.motogp.com\/en\" rel=\"nofollow noopener\" target=\"_blank\">MotoGP<\/a> ?<\/p><\/p>\n","protected":false},"excerpt":{"rendered":"Le directeur g\u00e9n\u00e9ral de Ducati Corse, Gigi Dall\u2019Igna, n\u2019a pas cherch\u00e9 \u00e0 minimiser les difficult\u00e9s rencontr\u00e9es par Pecco&hellip;\n","protected":false},"author":2,"featured_media":401846,"comment_status":"","ping_status":"","sticky":false,"template":"","format":"standard","meta":{"footnotes":""},"categories":[1413],"tags":[1011,27,1457,1456,60],"class_list":{"0":"post-401845","1":"post","2":"type-post","3":"status-publish","4":"format-standard","5":"has-post-thumbnail","7":"category-moto","8":"tag-fr","9":"tag-france","10":"tag-moto","11":"tag-motocycle","12":"tag-sports"},"share_on_mastodon":{"url":"https:\/\/pubeurope.com\/@fr\/115229786802030034","error":""},"_links":{"self":[{"href":"https:\/\/www.europesays.com\/fr\/wp-json\/wp\/v2\/posts\/401845","targetHints":{"allow":["GET"]}}],"collection":[{"href":"https:\/\/www.europesays.com\/fr\/wp-json\/wp\/v2\/posts"}],"about":[{"href":"https:\/\/www.europesays.com\/fr\/wp-json\/wp\/v2\/types\/post"}],"author":[{"embeddable":true,"href":"https:\/\/www.europesays.com\/fr\/wp-json\/wp\/v2\/users\/2"}],"replies":[{"embeddable":true,"href":"https:\/\/www.europesays.com\/fr\/wp-json\/wp\/v2\/comments?post=401845"}],"version-history":[{"count":0,"href":"https:\/\/www.europesays.com\/fr\/wp-json\/wp\/v2\/posts\/401845\/revisions"}],"wp:featuredmedia":[{"embeddable":true,"href":"https:\/\/www.europesays.com\/fr\/wp-json\/wp\/v2\/media\/401846"}],"wp:attachment":[{"href":"https:\/\/www.europesays.com\/fr\/wp-json\/wp\/v2\/media?parent=401845"}],"wp:term":[{"taxonomy":"category","embeddable":true,"href":"https:\/\/www.europesays.com\/fr\/wp-json\/wp\/v2\/categories?post=401845"},{"taxonomy":"post_tag","embeddable":true,"href":"https:\/\/www.europesays.com\/fr\/wp-json\/wp\/v2\/tags?post=401845"}],"curies":[{"name":"wp","href":"https:\/\/api.w.org\/{rel}","templated":true}]}}