{"id":401847,"date":"2025-09-19T07:29:15","date_gmt":"2025-09-19T07:29:15","guid":{"rendered":"https:\/\/www.europesays.com\/fr\/401847\/"},"modified":"2025-09-19T07:29:15","modified_gmt":"2025-09-19T07:29:15","slug":"chancel-mbemba-attaque-en-justice-lom-et-pablo-longoria-pour-harcelement-moral","status":"publish","type":"post","link":"https:\/\/www.europesays.com\/fr\/401847\/","title":{"rendered":"Chancel Mbemba attaque en justice l\u2019OM et Pablo Longoria pour harc\u00e8lement moral"},"content":{"rendered":"<p>Le nouveau d\u00e9fenseur de Lille Chancel Mbemba (31 ans) a d\u00e9pos\u00e9 une plainte pour harc\u00e8lement moral et pression contre son ancien club, l\u2019Olympique de Marseille.<\/p>\n<p class=\"fig-paragraph\">Le bras de fer continue entre\u00a0<a href=\"http:\/\/www.lefigaro.fr\/sports\/football\/ligue-europa\/emmanuel-macron-souhaite-le-meilleur-a-chancel-mbemba-et-l-om-en-marge-de-la-reception-du-president-de-la-rdc-20240501\" target=\"_blank\" data-fig-type=\"NewsFlash\" rel=\"sponsored noopener\" data-gtm-custom-categorie=\"navigation\" data-gtm-custom-action=\"crossclick\" data-gtm-custom-label=\"Contextuel\" data-gtm-event=\"customEventSPE\" data-fig-domain=\"LEFIGARO\">Chancel Mbemba<\/a>\u00a0(31 ans) et\u00a0<a href=\"http:\/\/www.lefigaro.fr\/sports\/football\/ligue-1\/affaire-rabiot-bagarre-d-une-violence-extreme-depart-force-poker-menteur-recit-d-un-psychodrame-qui-ebranle-l-olympique-de-marseille-20250822\" target=\"_blank\" data-fig-type=\"Article\" rel=\"sponsored noopener\" data-gtm-custom-categorie=\"navigation\" data-gtm-custom-action=\"crossclick\" data-gtm-custom-label=\"Contextuel\" data-gtm-event=\"customEventSPE\" data-fig-domain=\"LEFIGARO\">l\u2019Olympique de Marseille<\/a>. Suite \u00e0 sa mise \u00e0 l\u2019\u00e9cart, la saison derni\u00e8re, le d\u00e9fenseur a d\u00e9pos\u00e9 un d\u00e9p\u00f4t de plainte contre son ancien club d\u2019apr\u00e8s\u00a0<a href=\"https:\/\/www.lequipe.fr\/Football\/Article\/La-justice-saisie-apres-la-mise-a-l-ecart-de-chancel-mbemba-a-l-om\/1594707\" target=\"_blank\" rel=\"sponsored noopener\" data-gtm-custom-categorie=\"navigation\" data-gtm-custom-action=\"crossclick\" data-gtm-custom-label=\"Contextuel\" data-gtm-event=\"customEventSPE\">L\u2019\u00c9quipe<\/a>.<br \/>L\u2019international congolais (97 s\u00e9lections), en fin de contrat avec les Phoc\u00e9ens le 30 juin, a rejoint\u00a0<a href=\"http:\/\/www.lefigaro.fr\/sports\/football\/ligue-1\/lille-toulouse-ethan-mbappe-heroique-giroud-dans-un-mauvais-jour-les-tops-et-flops-20250914\" target=\"_blank\" data-fig-type=\"NewsFlash\" rel=\"sponsored noopener\" data-gtm-custom-categorie=\"navigation\" data-gtm-custom-action=\"crossclick\" data-gtm-custom-label=\"Contextuel\" data-gtm-event=\"customEventSPE\" data-fig-domain=\"LEFIGARO\">Lille<\/a>\u00a0cette saison et a foul\u00e9 la pelouse pour la premi\u00e8re fois depuis le 19 mai 2024 (Le Havre &#8211; OM) dimanche \u00e0 Toulouse (2-1).<\/p>\n<p class=\"fig-paragraph\">\u00c0 l\u2019\u00e9t\u00e9 2024, Mbemba avait \u00e9t\u00e9 plac\u00e9 au sein du loft marseillais avant de s\u2019en prendre verbalement \u00e0 Ali Zarrak, un proche du directeur sportif de l\u2019OM\u00a0<a href=\"http:\/\/www.lefigaro.fr\/sports\/football\/ligue-1\/om-la-suspension-de-trois-mois-pour-mehdi-benatia-confirmee-en-appel-par-la-fff-20250306\" target=\"_blank\" data-fig-type=\"NewsFlash\" rel=\"sponsored noopener\" data-gtm-custom-categorie=\"navigation\" data-gtm-custom-action=\"crossclick\" data-gtm-custom-label=\"Contextuel\" data-gtm-event=\"customEventSPE\" data-fig-domain=\"LEFIGARO\">Mehdi Benatia<\/a>. Les Phoc\u00e9ens d\u00e9cid\u00e8rent ensuite de mettre \u00e0 pied l\u2019ancien joueur du FC Porto, suite notamment \u00e0 des d\u00e9saccords m\u00e9dicaux, qui effectuera une saison blanche lors de l\u2019exercice 2024-2025.<\/p>\n<p>                                    <a class=\"fig-a11y-skip a11y-hidden\" href=\"#fig-a11y-skip-main-inarticle\"><br \/>\n        Passer la publicit\u00e9<br \/>\n    <\/a><\/p>\n<p>L\u2019OM n\u2019\u00e9met \u00abaucun commentaire\u00bb<\/p>\n<p class=\"fig-paragraph\">Toujours selon L\u2019\u00c9quipe, l\u2019entourage du d\u00e9fenseur congolais a donc d\u00e9cid\u00e9, il y a quelques mois, de porter la situation devant la justice en d\u00e9posant une plainte aupr\u00e8s du parquet de Marseille. Les proches de Mbemba viseraient le club ainsi que son pr\u00e9sident\u00a0<a href=\"http:\/\/www.lefigaro.fr\/sports\/football\/ligue-1\/ligue-1-waldemar-kita-reclame-la-demission-de-pablo-longoria-de-la-lfp-20250916\" target=\"_blank\" data-fig-type=\"NewsFlash\" rel=\"sponsored noopener\" data-gtm-custom-categorie=\"navigation\" data-gtm-custom-action=\"crossclick\" data-gtm-custom-label=\"Contextuel\" data-gtm-event=\"customEventSPE\" data-fig-domain=\"LEFIGARO\">Pablo Longoria<\/a>\u00a0pour harc\u00e8lement moral et pression dans le cadre de tentatives de transfert.<\/p>\n<p class=\"fig-body-link\">\n            \u00c0 lire aussi<br \/>\n        <a class=\"fig-body-link__link\" href=\"http:\/\/www.lefigaro.fr\/sports\/football\/ligue-des-champions\/ligue-des-champions-adi-huetter-presente-ses-excuses-aux-supporters-de-monaco-avec-la-debacle-a-bruges-20250918\" target=\"_blank\" data-fig-type=\"NewsFlash\" rel=\"sponsored noopener\" data-gtm-custom-categorie=\"navigation\" data-gtm-custom-action=\"crossclick\" data-gtm-custom-label=\"Contextuel\" data-gtm-event=\"customEventSPE\" data-fig-domain=\"LEFIGARO\">Ligue des champions\u00a0: Adi H\u00fctter pr\u00e9sente ses \u00abexcuses\u00bb aux supporters de Monaco avec la d\u00e9b\u00e2cle \u00e0 Bruges<br \/>\n    <\/a>\n<\/p>\n<p class=\"fig-paragraph\">De son c\u00f4t\u00e9, le parquet de Marseille \u00abne confirme ni n\u2019infirme\u00bb si l\u2019enqu\u00eate est toujours en cause et l\u2019OM n\u2019\u00e9met \u00abaucun commentaire\u00bb.<\/p>\n","protected":false},"excerpt":{"rendered":"Le nouveau d\u00e9fenseur de Lille Chancel Mbemba (31 ans) a d\u00e9pos\u00e9 une plainte pour harc\u00e8lement moral et pression&hellip;\n","protected":false},"author":2,"featured_media":401848,"comment_status":"","ping_status":"","sticky":false,"template":"","format":"standard","meta":{"footnotes":""},"categories":[1412],"tags":[1451,1452,1453,1454,1455,1011,27,303,1176,60],"class_list":{"0":"post-401847","1":"post","2":"type-post","3":"status-publish","4":"format-standard","5":"has-post-thumbnail","7":"category-f1","8":"tag-f1","9":"tag-formula-1","10":"tag-formula1","11":"tag-formule-1","12":"tag-formule1","13":"tag-fr","14":"tag-france","15":"tag-justice","16":"tag-olympique-de-marseille","17":"tag-sports"},"share_on_mastodon":{"url":"https:\/\/pubeurope.com\/@fr\/115229790320992919","error":""},"_links":{"self":[{"href":"https:\/\/www.europesays.com\/fr\/wp-json\/wp\/v2\/posts\/401847","targetHints":{"allow":["GET"]}}],"collection":[{"href":"https:\/\/www.europesays.com\/fr\/wp-json\/wp\/v2\/posts"}],"about":[{"href":"https:\/\/www.europesays.com\/fr\/wp-json\/wp\/v2\/types\/post"}],"author":[{"embeddable":true,"href":"https:\/\/www.europesays.com\/fr\/wp-json\/wp\/v2\/users\/2"}],"replies":[{"embeddable":true,"href":"https:\/\/www.europesays.com\/fr\/wp-json\/wp\/v2\/comments?post=401847"}],"version-history":[{"count":0,"href":"https:\/\/www.europesays.com\/fr\/wp-json\/wp\/v2\/posts\/401847\/revisions"}],"wp:featuredmedia":[{"embeddable":true,"href":"https:\/\/www.europesays.com\/fr\/wp-json\/wp\/v2\/media\/401848"}],"wp:attachment":[{"href":"https:\/\/www.europesays.com\/fr\/wp-json\/wp\/v2\/media?parent=401847"}],"wp:term":[{"taxonomy":"category","embeddable":true,"href":"https:\/\/www.europesays.com\/fr\/wp-json\/wp\/v2\/categories?post=401847"},{"taxonomy":"post_tag","embeddable":true,"href":"https:\/\/www.europesays.com\/fr\/wp-json\/wp\/v2\/tags?post=401847"}],"curies":[{"name":"wp","href":"https:\/\/api.w.org\/{rel}","templated":true}]}}