{"id":401853,"date":"2025-09-19T07:32:11","date_gmt":"2025-09-19T07:32:11","guid":{"rendered":"https:\/\/www.europesays.com\/fr\/401853\/"},"modified":"2025-09-19T07:32:11","modified_gmt":"2025-09-19T07:32:11","slug":"madonna-promet-un-nouveau-disque-et-un-retour-aux-sources-six-ans-apres-son-dernier-album","status":"publish","type":"post","link":"https:\/\/www.europesays.com\/fr\/401853\/","title":{"rendered":"Madonna promet un nouveau disque et un retour aux sources, six ans apr\u00e8s son dernier album"},"content":{"rendered":"<p>La chanteuse d\u00e9voilera l\u2019an prochain des titres in\u00e9dits enregistr\u00e9s chez Warner, le label de ses d\u00e9buts et de ses plus grands tubes. Elle a notamment fait appel \u00e0 Stuart Price, le compositeur de Hung Up.<\/p>\n<p class=\"fig-paragraph\"><a href=\"http:\/\/madame.lefigaro.fr\/celebrites\/on-sait-enfin-qui-va-interpreter-madonna-dans-son-biopic-a-venir-20250905\" target=\"_blank\" data-fig-type=\"Article\" rel=\"noopener\" data-gtm-custom-categorie=\"navigation\" data-gtm-custom-action=\"crossclick\" data-gtm-custom-label=\"Contextuel\" data-gtm-event=\"customEventSPE\" data-fig-domain=\"MADAME\">Madonna<\/a>\u00a0ne raccroche pas. L\u2019interpr\u00e8te de Hung Up, la chanteuse la plus vendue de l\u2019histoire, a annonc\u00e9 la sortie, en 2026, d\u2019un nouvel album chez Warner, label de ses d\u00e9buts avec lequel elle a sign\u00e9 ses plus grands tubes. Elle promet de revenir aux sonorit\u00e9s qui ont fait son succ\u00e8s, celles de la dance music.<\/p>\n<p class=\"fig-paragraph\">\u00ab\u00a0Je suis heureuse de renouer ces liens et j&rsquo;attends avec impatience l&rsquo;avenir\u00a0: faire de la musique, surprendre, tout en provoquant peut-\u00eatre quelques d\u00e9bats n\u00e9cessaires\u00a0\u00bb, a d\u00e9clar\u00e9 la star dans un communiqu\u00e9 assez sibyllin. Son futur disque est produit par Stuart Price, avec qui la chanteuse a \u00e9labor\u00e9 Confessions on a Dance Floor (2005), sur lequel figurent les tubes Hung Up et Sorry, pr\u00e9cise ce communiqu\u00e9.<\/p>\n<p class=\"fig-body-link\">\n            \u00c0 lire aussi<br \/>\n        <a class=\"fig-body-link__link\" href=\"https:\/\/www.lefigaro.fr\/musique\/madame-x-un-quatorzieme-album-en-demi-teinte-pour-madonna-20190614\" target=\"_blank\" data-fig-type=\"Article\" rel=\"noopener\" data-gtm-custom-categorie=\"navigation\" data-gtm-custom-action=\"crossclick\" data-gtm-custom-label=\"Contextuel\" data-gtm-event=\"customEventSPE\" data-fig-domain=\"LEFIGARO\">Madame X de Madonna: les bons sentiments ne font pas un bon album<br \/>\n    <\/a>\n<\/p>\n<p>                                    <a class=\"fig-a11y-skip a11y-hidden\" href=\"#fig-a11y-skip-main-inarticle\"><br \/>\n        Passer la publicit\u00e9<br \/>\n    <\/a><\/p>\n<p>Dernier album en 2019<\/p>\n<p class=\"fig-paragraph\">\u00ab\u00a0Nous sommes honor\u00e9s d&rsquo;accueillir Madonna de retour chez Warner. Madonna n&rsquo;est pas seulement une artiste, c&rsquo;est un mod\u00e8le, une briseuse de r\u00e8gles, une force culturelle ultime\u00a0\u00bb, s\u2019\u00e9poumonent de leur c\u00f4t\u00e9 Tom Corson et Aaron Bay-Schuck, copr\u00e9sidents de Warner Records.<\/p>\n<p class=\"fig-body-link\">\n            \u00c0 lire aussi<br \/>\n        <a class=\"fig-body-link__link\" href=\"http:\/\/www.lefigaro.fr\/cinema\/julia-garner-croit-dur-comme-fer-que-son-biopic-sur-madonna-verra-bien-le-jour-20250729\" target=\"_blank\" data-fig-type=\"Article\" rel=\"noopener\" data-gtm-custom-categorie=\"navigation\" data-gtm-custom-action=\"crossclick\" data-gtm-custom-label=\"Contextuel\" data-gtm-event=\"customEventSPE\" data-fig-domain=\"LEFIGARO\">Julia Garner croit, dur comme fer, que son biopic sur Madonna verra bien le jour<br \/>\n    <\/a>\n<\/p>\n<p class=\"fig-paragraph\">La star de 67 ans, qui avait d\u2019abord sign\u00e9 avec Warner en 1982, a quitt\u00e9 la major en 2007 pour un contrat historique avec Live Nation,\u00a0<a href=\"https:\/\/www.lefigaro.fr\/societes-etrangeres\/2007\/10\/11\/04011-20071011ARTWWW90332-madonna_pourrait_passer_chez_live_nation_pour_millions_de_dollars.php\" target=\"_blank\" data-fig-type=\"Article\" rel=\"noopener\" data-gtm-custom-categorie=\"navigation\" data-gtm-custom-action=\"crossclick\" data-gtm-custom-label=\"Contextuel\" data-gtm-event=\"customEventSPE\" data-fig-domain=\"LEFIGARO\">un des plus gros de l&rsquo;\u00e9poque<\/a>. Apr\u00e8s trois albums sans grand succ\u00e8s, dont le dernier,\u00a0<a href=\"https:\/\/www.lefigaro.fr\/musique\/madame-x-un-quatorzieme-album-en-demi-teinte-pour-madonna-20190614\" target=\"_blank\" data-fig-type=\"Article\" rel=\"noopener\" data-gtm-custom-categorie=\"navigation\" data-gtm-custom-action=\"crossclick\" data-gtm-custom-label=\"Contextuel\" data-gtm-event=\"customEventSPE\" data-fig-domain=\"LEFIGARO\">Madame\u00a0X<\/a>, remonte \u00e0 2019, la sulfureuse musicienne a d\u00e9cid\u00e9 de renouer en 2021 avec le label de ses d\u00e9buts.<\/p>\n","protected":false},"excerpt":{"rendered":"La chanteuse d\u00e9voilera l\u2019an prochain des titres in\u00e9dits enregistr\u00e9s chez Warner, le label de ses d\u00e9buts et de&hellip;\n","protected":false},"author":2,"featured_media":401854,"comment_status":"","ping_status":"","sticky":false,"template":"","format":"standard","meta":{"footnotes":""},"categories":[1359],"tags":[58,59,1011,27,6239,7206,973],"class_list":{"0":"post-401853","1":"post","2":"type-post","3":"status-publish","4":"format-standard","5":"has-post-thumbnail","7":"category-people","8":"tag-divertissement","9":"tag-entertainment","10":"tag-fr","11":"tag-france","12":"tag-madonna","13":"tag-nouvel-album","14":"tag-people"},"share_on_mastodon":{"url":"https:\/\/pubeurope.com\/@fr\/115229802103927313","error":""},"_links":{"self":[{"href":"https:\/\/www.europesays.com\/fr\/wp-json\/wp\/v2\/posts\/401853","targetHints":{"allow":["GET"]}}],"collection":[{"href":"https:\/\/www.europesays.com\/fr\/wp-json\/wp\/v2\/posts"}],"about":[{"href":"https:\/\/www.europesays.com\/fr\/wp-json\/wp\/v2\/types\/post"}],"author":[{"embeddable":true,"href":"https:\/\/www.europesays.com\/fr\/wp-json\/wp\/v2\/users\/2"}],"replies":[{"embeddable":true,"href":"https:\/\/www.europesays.com\/fr\/wp-json\/wp\/v2\/comments?post=401853"}],"version-history":[{"count":0,"href":"https:\/\/www.europesays.com\/fr\/wp-json\/wp\/v2\/posts\/401853\/revisions"}],"wp:featuredmedia":[{"embeddable":true,"href":"https:\/\/www.europesays.com\/fr\/wp-json\/wp\/v2\/media\/401854"}],"wp:attachment":[{"href":"https:\/\/www.europesays.com\/fr\/wp-json\/wp\/v2\/media?parent=401853"}],"wp:term":[{"taxonomy":"category","embeddable":true,"href":"https:\/\/www.europesays.com\/fr\/wp-json\/wp\/v2\/categories?post=401853"},{"taxonomy":"post_tag","embeddable":true,"href":"https:\/\/www.europesays.com\/fr\/wp-json\/wp\/v2\/tags?post=401853"}],"curies":[{"name":"wp","href":"https:\/\/api.w.org\/{rel}","templated":true}]}}