{"id":401861,"date":"2025-09-19T07:36:50","date_gmt":"2025-09-19T07:36:50","guid":{"rendered":"https:\/\/www.europesays.com\/fr\/401861\/"},"modified":"2025-09-19T07:36:50","modified_gmt":"2025-09-19T07:36:50","slug":"justin-bieber-va-marquer-lhistoire-a-coachella-voici-le-montant-colossal-que-le-chanteur-canadien-touchera-pour-se-produire-lors-du-festival","status":"publish","type":"post","link":"https:\/\/www.europesays.com\/fr\/401861\/","title":{"rendered":"Justin Bieber va marquer l&rsquo;histoire \u00e0 Coachella\u00a0: voici le montant colossal que le chanteur canadien touchera pour se produire lors du festival"},"content":{"rendered":"<p class=\"text-left ap-StoryElement ap-StoryElement--mb ap-StoryText\"><a href=\"https:\/\/www.parismatch.be\/culture\/musique\/2025\/09\/04\/justin-bieber-cree-encore-la-surprise-le-chanteur-canadien-sort-ce-vendredi-un-nouvel-album-XOM5DAOXT5GXNFROC2LFVT2JB4\/\" target=\"_blank\" rel=\"nofollow noopener\">Deux albums<\/a> et un retour au premier plan \u00e0 <b>Coachella<\/b>. Alors qu&rsquo;il se faisait plut\u00f4t discret sur la sc\u00e8ne musicale en raison notamment de probl\u00e8mes de sant\u00e9, <b>Justin Bieber <\/b>a profit\u00e9 de l&rsquo;\u00e9t\u00e9 pour encha\u00eener les annonces. La r\u00e9v\u00e9lation de sa pr\u00e9sence au c\u00e9l\u00e8bre festival am\u00e9ricain a bien \u00e9videmment secou\u00e9 la plan\u00e8te enti\u00e8re.<\/p>\n<p class=\"text-left ap-StoryElement ap-StoryElement--mb ap-StoryText\">T\u00eate d&rsquo;affiche de l&rsquo;\u00e9dition 2026, avec <b>Sabrina Carpenter<\/b> et la nouvelle sensation du reggaeton <b>Karol G<\/b>, l&rsquo;interpr\u00e8te de \u00ab\u00a0Ghost\u00a0\u00bb ne se d\u00e9placera \u00e9videmment pas pour rien en Californie. D&rsquo;autant plus qu&rsquo;il s&rsquo;y produira \u00e0 deux reprises, les 11 et 18 avril prochains.<\/p>\n<p>Pour acc\u00e9der \u00e0 cet article, veuillez vous connecter au r\u00e9seau internet.<\/p>\n","protected":false},"excerpt":{"rendered":"Deux albums et un retour au premier plan \u00e0 Coachella. Alors qu&rsquo;il se faisait plut\u00f4t discret sur la&hellip;\n","protected":false},"author":2,"featured_media":56625,"comment_status":"","ping_status":"","sticky":false,"template":"","format":"standard","meta":{"footnotes":""},"categories":[1355],"tags":[7362,972,8749,58,59,849,1011,27,7317,1361,873,973],"class_list":{"0":"post-401861","1":"post","2":"type-post","3":"status-publish","4":"format-standard","5":"has-post-thumbnail","7":"category-musique","8":"tag-beyonce","9":"tag-celebrite","10":"tag-coachella","11":"tag-divertissement","12":"tag-entertainment","13":"tag-festival","14":"tag-fr","15":"tag-france","16":"tag-justin-bieber","17":"tag-music","18":"tag-musique","19":"tag-people"},"share_on_mastodon":{"url":"https:\/\/pubeurope.com\/@fr\/115229821688649721","error":""},"_links":{"self":[{"href":"https:\/\/www.europesays.com\/fr\/wp-json\/wp\/v2\/posts\/401861","targetHints":{"allow":["GET"]}}],"collection":[{"href":"https:\/\/www.europesays.com\/fr\/wp-json\/wp\/v2\/posts"}],"about":[{"href":"https:\/\/www.europesays.com\/fr\/wp-json\/wp\/v2\/types\/post"}],"author":[{"embeddable":true,"href":"https:\/\/www.europesays.com\/fr\/wp-json\/wp\/v2\/users\/2"}],"replies":[{"embeddable":true,"href":"https:\/\/www.europesays.com\/fr\/wp-json\/wp\/v2\/comments?post=401861"}],"version-history":[{"count":0,"href":"https:\/\/www.europesays.com\/fr\/wp-json\/wp\/v2\/posts\/401861\/revisions"}],"wp:featuredmedia":[{"embeddable":true,"href":"https:\/\/www.europesays.com\/fr\/wp-json\/wp\/v2\/media\/56625"}],"wp:attachment":[{"href":"https:\/\/www.europesays.com\/fr\/wp-json\/wp\/v2\/media?parent=401861"}],"wp:term":[{"taxonomy":"category","embeddable":true,"href":"https:\/\/www.europesays.com\/fr\/wp-json\/wp\/v2\/categories?post=401861"},{"taxonomy":"post_tag","embeddable":true,"href":"https:\/\/www.europesays.com\/fr\/wp-json\/wp\/v2\/tags?post=401861"}],"curies":[{"name":"wp","href":"https:\/\/api.w.org\/{rel}","templated":true}]}}