{"id":401868,"date":"2025-09-19T07:41:09","date_gmt":"2025-09-19T07:41:09","guid":{"rendered":"https:\/\/www.europesays.com\/fr\/401868\/"},"modified":"2025-09-19T07:41:09","modified_gmt":"2025-09-19T07:41:09","slug":"arnaud-le-compagnon-de-filip-nikolic-annule-sa-venue-dans-tbt9-et-envoie-un-message-clair-a-la-famille-de-lartiste","status":"publish","type":"post","link":"https:\/\/www.europesays.com\/fr\/401868\/","title":{"rendered":"Arnaud, le compagnon de Filip Nikolic, annule sa venue dans \u00ab\u00a0TBT9\u00a0\u00bb et envoie un message clair \u00e0 la famille de l\u2019artiste"},"content":{"rendered":"<p>      R\u00e9sum\u00e9<\/p>\n<p>Arnaud, ex-compagnon de Filip Nikolic, a annul\u00e9 sa venue dans \u00ab\u00a0TBT9\u00a0\u00bb ce 18 septembre mais a adress\u00e9 un message aux proches de l\u2019artiste par le biais de Val\u00e9rie B\u00e9na\u00efm.<\/p>\n<p>        Sommaire<\/p>\n<p>Depuis le 1er\u00a0septembre, <strong>Cyril Hanouna a chang\u00e9 de cr\u00e9merie<\/strong>. Exit C8 et \u00ab\u00a0TPMP\u00a0\u00bb. Puisque la cha\u00eene a ferm\u00e9 et l&rsquo;\u00e9mission s&rsquo;est arr\u00eat\u00e9e, <a href=\"https:\/\/www.public.fr\/cyril-hanouna-balance-le-nom-du-nouveau-premier-ministre-en-direct-sur-tbt9-et-fait-une-revelation-de-taille-a-son-sujet\" target=\"_blank\" rel=\"noopener\">\u00ab\u00a0Baba\u00a0\u00bb<\/a> a \u00e9t\u00e9 accueilli avec toute sa bande sur W9, la cha\u00eene du groupe M6. Ainsi, du lundi au vendredi, ce dernier est <strong>aux manettes de \u00ab\u00a0Tout beau tout neuf\u00a0\u00bb<\/strong>. Apr\u00e8s avoir retrouv\u00e9 Matthieu Delormeau, \u00e9chang\u00e9 avec Jean-Marie Bigard, <a href=\"https:\/\/www.public.fr\/cyril-hanouna-apres-sa-rentree-sur-w9-une-belle-promotion-pour-son-chroniqueur\" target=\"_blank\" rel=\"noopener\">l&rsquo;animateur de 50 ans<\/a> attendait avec impatience ce 18\u00a0septembre <strong>Arnaud, l&rsquo;ex compagnon de Filip Nikolic<\/strong>.<\/p>\n<p>C&rsquo;est en tout cas de cette mani\u00e8re que ce dernier s&rsquo;est pr\u00e9sent\u00e9 lors de son entretien \u00e0 Paris Match. Il l&rsquo;assure, <strong><a href=\"https:\/\/www.public.fr\/notre-histoire-a-dure-huit-ans-filip-nikolic-les-confessions-tres-intimes-de-son-ex-compagnon-arnaud\" target=\"_blank\" rel=\"noopener\">pendant 8 ans<\/a>, il a entretenu une relation<\/strong> <strong>secr\u00e8te <\/strong>avec <a href=\"https:\/\/www.public.fr\/exclu-public-lex-compagnon-de-filip-nikolic-sort-du-silence-et-dezingue-a-tout-va-apres-la-diffusion-du-telefilm\" target=\"_blank\" rel=\"noopener\">l&rsquo;ancien membre des 2Be3<\/a> devenu com\u00e9dien. Des propos pas franchement appr\u00e9ci\u00e9s par les proches de Filip. Du coup, ces derniers ont d\u00e9cid\u00e9 de <strong><a href=\"https:\/\/www.public.fr\/filip-nikolic-son-compagnon-prend-la-parole-la-famille-de-lartiste-porte-plainte\" target=\"_blank\" rel=\"noopener\">porter plainte<\/a> pour \u00ab\u00a0all\u00e9gations mensong\u00e8res\u00a0\u00bb.<\/strong><\/p>\n<p>Dans ce contexte, inutile de dire que nombreux attendaient <strong>les explications du <a href=\"https:\/\/www.public.fr\/filip-nikolic-son-ex-compagnon-arnaud-raconte-en-details-sa-derniere-nuit\" target=\"_blank\" rel=\"noopener\">principal concern\u00e9<\/a><\/strong> qui s&rsquo;est manifest\u00e9 dans les m\u00e9dias \u00e0 une <strong>date symbolique<\/strong>. En effet, Arnaud Court\u00e9 a d\u00e9cid\u00e9 de prendre la parole en septembre\u00a02025, soit <strong>26 ans apr\u00e8s la mort brutale de Filip Nikolic<\/strong> \u00e0 l&rsquo;\u00e2ge de 35 ans.<\/p>\n<p>Filip Nikolic\u00a0: son ex compagnon pr\u00e9sum\u00e9 pose un lapin \u00e0 Cyril Hanouna<\/p>\n<p>Malheureusement pour \u00ab\u00a0Baba\u00a0\u00bb, la s\u00e9quence tant attendue avec Arnaud a \u00e9t\u00e9 <strong>ray\u00e9e du conducteur.<\/strong> En effet, \u00e0 la derni\u00e8re minute, ce dernier a <strong>pr\u00e9f\u00e9r\u00e9 ne pas venir en plateau<\/strong>. Toutefois, il a tenu \u00e0 s&rsquo;en expliquer. Ainsi a-t-il communiqu\u00e9 par message avec <a href=\"https:\/\/www.google.com\/url?sa=t&amp;source=web&amp;rct=j&amp;opi=89978449&amp;url=https:\/\/vsd.fr\/76330-valerie-benaim-la-verite-sur-sa-maladie-a-quelques-jours-des-adieux\/&amp;ved=2ahUKEwjr6uuE8uOPAxXDVKQEHee5IBgQFnoECB4QAQ&amp;usg=AOvVaw2VJzgFfaqanXpLDWwANfkR\" target=\"_blank\" rel=\"noopener\">Val\u00e9rie B\u00e9na\u00efm.<\/a> \u00ab\u00a0<strong>Je ne ferai aucune autre interview parce qu\u2019on m&rsquo;accuse de vouloir faire du buzz et du beurre sur le dos de Filip<\/strong>\u00ab\u00a0, a-t-il dit lanc\u00e9 \u00e0 <a href=\"https:\/\/www.google.com\/url?sa=t&amp;source=web&amp;rct=j&amp;opi=89978449&amp;url=https:\/\/vsd.fr\/74869-on-ma-diagnostique-une-petite-maladie-valerie-benaim-leve-le-voile-sur-son-absence-depuis-plusieurs-jours-sur-le-plateau-de-tpmp\/&amp;ved=2ahUKEwjr6uuE8uOPAxXDVKQEHee5IBgQFnoECBYQAQ&amp;usg=AOvVaw0wWe6lKBKZ8BX1oKd-D9Mv\" target=\"_blank\" rel=\"noopener\">la chroniqueuse de 56 ans<\/a>.<\/p>\n<p>\u00ab\u00a0Celui qui veut me croire, me croit, celui qui ne veut pas, ne me croit pas\u00a0\u00bb, a-t-il ajout\u00e9 avant de s&rsquo;en prendre \u00e0 <a href=\"https:\/\/www.public.fr\/arnaud-veritable-compagnon-de-filip-nikolic-un-proche-de-m-pokora-lache-une-bombe-sur-le-plateau-de-tbt9\" target=\"_blank\" rel=\"noopener\">Lionel Tim, le chauffeur de salle de \u00ab\u00a0TBT9\u00a0\u00bb<\/a>, ancien membre du groupe Linkup et proche de Filip Nikolic. \u00ab\u00a0<strong>Il ne sait pas ce que ce que j&rsquo;ai v\u00e9cu, donc s&rsquo;il a envie de dire des choses, tr\u00e8s bien, mais moi, j&rsquo;ai v\u00e9cu une histoire et je l&rsquo;ai racont\u00e9e dans Paris Match<\/strong>\u00ab\u00a0, a-t-il conclu.<\/p>\n<p>Pour rappel, la veille, Lionel Tim avait parl\u00e9 de <strong>cette \u00ab\u00a0affaire\u00a0\u00bb aux multiples rebondissements<\/strong> dans l&rsquo;\u00e9mission de Cyril Hanouna. \u00ab\u00a0Je n&rsquo;ai jamais entendu parler de ce Arnaud\u00a0\u00bb, avait-il assur\u00e9 allant m\u00eame jusqu&rsquo;\u00e0 ajouter que \u00ab\u00a0<strong>cette personne-l\u00e0 est arriv\u00e9e dans la vie de Filip les 3 derniers mois avant sa mort<\/strong>\u00ab\u00a0.<\/p>\n<p>      Mentionn\u00e9s dans cet article<\/p>\n<p>      Sur le m\u00eame sujet<\/p>\n","protected":false},"excerpt":{"rendered":"R\u00e9sum\u00e9 Arnaud, ex-compagnon de Filip Nikolic, a annul\u00e9 sa venue dans \u00ab\u00a0TBT9\u00a0\u00bb ce 18 septembre mais a adress\u00e9&hellip;\n","protected":false},"author":2,"featured_media":401869,"comment_status":"","ping_status":"","sticky":false,"template":"","format":"standard","meta":{"footnotes":""},"categories":[8],"tags":[3038,3721,1193,1083,58,59,37599,1011,27,1062,741,22498,22497,551,2395],"class_list":{"0":"post-401868","1":"post","2":"type-post","3":"status-publish","4":"format-standard","5":"has-post-thumbnail","7":"category-divertissement","8":"tag-2be3","9":"tag-chroniqueur","10":"tag-couple","11":"tag-cyril-hanouna","12":"tag-divertissement","13":"tag-entertainment","14":"tag-filip-nikolic","15":"tag-fr","16":"tag-france","17":"tag-polemique","18":"tag-sms","19":"tag-tout-9-tbt9","20":"tag-tout-beau","21":"tag-valerie-benaim","22":"tag-w9"},"share_on_mastodon":{"url":"https:\/\/pubeurope.com\/@fr\/115229837487412243","error":""},"_links":{"self":[{"href":"https:\/\/www.europesays.com\/fr\/wp-json\/wp\/v2\/posts\/401868","targetHints":{"allow":["GET"]}}],"collection":[{"href":"https:\/\/www.europesays.com\/fr\/wp-json\/wp\/v2\/posts"}],"about":[{"href":"https:\/\/www.europesays.com\/fr\/wp-json\/wp\/v2\/types\/post"}],"author":[{"embeddable":true,"href":"https:\/\/www.europesays.com\/fr\/wp-json\/wp\/v2\/users\/2"}],"replies":[{"embeddable":true,"href":"https:\/\/www.europesays.com\/fr\/wp-json\/wp\/v2\/comments?post=401868"}],"version-history":[{"count":0,"href":"https:\/\/www.europesays.com\/fr\/wp-json\/wp\/v2\/posts\/401868\/revisions"}],"wp:featuredmedia":[{"embeddable":true,"href":"https:\/\/www.europesays.com\/fr\/wp-json\/wp\/v2\/media\/401869"}],"wp:attachment":[{"href":"https:\/\/www.europesays.com\/fr\/wp-json\/wp\/v2\/media?parent=401868"}],"wp:term":[{"taxonomy":"category","embeddable":true,"href":"https:\/\/www.europesays.com\/fr\/wp-json\/wp\/v2\/categories?post=401868"},{"taxonomy":"post_tag","embeddable":true,"href":"https:\/\/www.europesays.com\/fr\/wp-json\/wp\/v2\/tags?post=401868"}],"curies":[{"name":"wp","href":"https:\/\/api.w.org\/{rel}","templated":true}]}}