{"id":401878,"date":"2025-09-19T07:46:11","date_gmt":"2025-09-19T07:46:11","guid":{"rendered":"https:\/\/www.europesays.com\/fr\/401878\/"},"modified":"2025-09-19T07:46:11","modified_gmt":"2025-09-19T07:46:11","slug":"decouverte-dun-corps-brule-dans-une-voiture-a-luri-dans-le-cap-corse","status":"publish","type":"post","link":"https:\/\/www.europesays.com\/fr\/401878\/","title":{"rendered":"D\u00e9couverte d&rsquo;un corps br\u00fbl\u00e9 dans une voiture \u00e0 Luri dans le Cap Corse"},"content":{"rendered":"<p>Ce vendredi 19 septembre, vers 4h30, un corps a \u00e9t\u00e9 d\u00e9couvert dans une voiture sur la commune de Luri, en Haute-Corse.<\/p>\n<p>La victime pr\u00e9sentait plusieurs marques de br\u00fblures, laissant supposer qu&rsquo;il pourrait s&rsquo;agir d&rsquo;une immolation.<\/p>\n<p>Les pompiers et la gendarmerie ont \u00e9t\u00e9 imm\u00e9diatement alert\u00e9s et sont intervenus sur place.<\/p>\n<p>Aux alentours de 8 heures, une portion de la RD 80 reste toujours ferm\u00e9e \u00e0 la circulation afin de permettre aux enqu\u00eateurs de proc\u00e9der aux investigations.<\/p>\n<p>Plus d&rsquo;informations \u00e0 venir.<\/p>\n","protected":false},"excerpt":{"rendered":"Ce vendredi 19 septembre, vers 4h30, un corps a \u00e9t\u00e9 d\u00e9couvert dans une voiture sur la commune de&hellip;\n","protected":false},"author":2,"featured_media":401879,"comment_status":"","ping_status":"","sticky":false,"template":"","format":"standard","meta":{"footnotes":""},"categories":[2],"tags":[17,11,1102,6725,1446,274,1011,27,1099,45206,12,4256,96,4752],"class_list":{"0":"post-401878","1":"post","2":"type-post","3":"status-publish","4":"format-standard","5":"has-post-thumbnail","7":"category-actualites","8":"tag-17","9":"tag-actualites","10":"tag-breakingnews","11":"tag-corps","12":"tag-dans","13":"tag-faits-divers-justice","14":"tag-fr","15":"tag-france","16":"tag-haute-corse","17":"tag-luri","18":"tag-news","19":"tag-retrouve","20":"tag-une","21":"tag-voiture"},"share_on_mastodon":{"url":"https:\/\/pubeurope.com\/@fr\/115229857077093552","error":""},"_links":{"self":[{"href":"https:\/\/www.europesays.com\/fr\/wp-json\/wp\/v2\/posts\/401878","targetHints":{"allow":["GET"]}}],"collection":[{"href":"https:\/\/www.europesays.com\/fr\/wp-json\/wp\/v2\/posts"}],"about":[{"href":"https:\/\/www.europesays.com\/fr\/wp-json\/wp\/v2\/types\/post"}],"author":[{"embeddable":true,"href":"https:\/\/www.europesays.com\/fr\/wp-json\/wp\/v2\/users\/2"}],"replies":[{"embeddable":true,"href":"https:\/\/www.europesays.com\/fr\/wp-json\/wp\/v2\/comments?post=401878"}],"version-history":[{"count":0,"href":"https:\/\/www.europesays.com\/fr\/wp-json\/wp\/v2\/posts\/401878\/revisions"}],"wp:featuredmedia":[{"embeddable":true,"href":"https:\/\/www.europesays.com\/fr\/wp-json\/wp\/v2\/media\/401879"}],"wp:attachment":[{"href":"https:\/\/www.europesays.com\/fr\/wp-json\/wp\/v2\/media?parent=401878"}],"wp:term":[{"taxonomy":"category","embeddable":true,"href":"https:\/\/www.europesays.com\/fr\/wp-json\/wp\/v2\/categories?post=401878"},{"taxonomy":"post_tag","embeddable":true,"href":"https:\/\/www.europesays.com\/fr\/wp-json\/wp\/v2\/tags?post=401878"}],"curies":[{"name":"wp","href":"https:\/\/api.w.org\/{rel}","templated":true}]}}