{"id":401886,"date":"2025-09-19T07:50:12","date_gmt":"2025-09-19T07:50:12","guid":{"rendered":"https:\/\/www.europesays.com\/fr\/401886\/"},"modified":"2025-09-19T07:50:12","modified_gmt":"2025-09-19T07:50:12","slug":"football-une-allechante-affiche-entre-le-haut-du-lievre-et-la-reserve-de-lasnl-au-2e-tour-de-la-coupe-du-grand-est","status":"publish","type":"post","link":"https:\/\/www.europesays.com\/fr\/401886\/","title":{"rendered":"Football. Une all\u00e9chante affiche entre le Haut-du-Li\u00e8vre et la r\u00e9serve de l\u2019ASNL au 2e tour de la Coupe du Grand Est"},"content":{"rendered":"<p>Au lendemain <a href=\"https:\/\/www.estrepublicain.fr\/sport\/2025\/09\/18\/le-gros-lot-pour-blainville-damelevieres\" target=\"_blank\" rel=\"noopener\">du tirage du 4e  tour de la Coupe de France<\/a> , celui du 2e  tour de la Coupe du Grand Est a \u00e9t\u00e9 effectu\u00e9 par la ligue r\u00e9gionale ce jeudi. Il a r\u00e9serv\u00e9 un match qui vaudra le d\u00e9tour entre le Haut-du-Li\u00e8vre, promu en R3, et la r\u00e9serve de l\u2019ASNL. Un affrontement au go\u00fbt particulier pour Nabil Tighazoui, coach du Haudul\u2019 et responsable de la pr\u00e9formation pour le club au chardon. Les matchs sont pr\u00e9vus le week-end du 27 et 28\u00a0septembre.<\/p>\n<p>  Les affiches<\/p>\n<p>Bl\u00e9nod (R2) \u2013 Dieulouard (R3)<\/p>\n<p>Villers (R1) \u2013 Laneuveville (R2)<\/p>\n<p>Tr\u00e9veray (R3) \u2013 Neufch\u00e2teau\/Liffol (R3)<\/p>\n<p>Ludres (R3) \u2013 Behonne-Longeville (R2)<\/p>\n<p>Sainte-Marguerite (R3) \u2013 Champigneulles (R2)<\/p>\n<p>Haut-du-Li\u00e8vre (R3) \u2013 ASNL 2 (R1)<\/p>\n<p>Pulnoy (R3) \u2013 Heillecourt (R2)<\/p>\n<p>Verdun-Belleville (R3) \u2013 Magny (R2)<\/p>\n","protected":false},"excerpt":{"rendered":"Au lendemain du tirage du 4e tour de la Coupe de France , celui du 2e tour de&hellip;\n","protected":false},"author":2,"featured_media":401887,"comment_status":"","ping_status":"","sticky":false,"template":"","format":"standard","meta":{"footnotes":""},"categories":[9635],"tags":[1111,11,3703,3602,1707,1704,1706,1705,10174,1777,674,63,1011,27,775,1702,1703,12,25,517,1700],"class_list":{"0":"post-401886","1":"post","2":"type-post","3":"status-publish","4":"format-standard","5":"has-post-thumbnail","7":"category-nancy","8":"tag-actu","9":"tag-actualites","10":"tag-asnl","11":"tag-edition-bar-le-duc","12":"tag-edition-luneville","13":"tag-edition-nancy-et-agglomeration","14":"tag-edition-pont-a-mousson","15":"tag-edition-toul","16":"tag-edition-verdun","17":"tag-eu","18":"tag-europe","19":"tag-football","20":"tag-fr","21":"tag-france","22":"tag-grand-est","23":"tag-nancy","24":"tag-nancy-ville-54b","25":"tag-news","26":"tag-republique-francaise","27":"tag-sport","28":"tag-sport-lorrain"},"share_on_mastodon":{"url":"https:\/\/pubeurope.com\/@fr\/115229872765045633","error":""},"_links":{"self":[{"href":"https:\/\/www.europesays.com\/fr\/wp-json\/wp\/v2\/posts\/401886","targetHints":{"allow":["GET"]}}],"collection":[{"href":"https:\/\/www.europesays.com\/fr\/wp-json\/wp\/v2\/posts"}],"about":[{"href":"https:\/\/www.europesays.com\/fr\/wp-json\/wp\/v2\/types\/post"}],"author":[{"embeddable":true,"href":"https:\/\/www.europesays.com\/fr\/wp-json\/wp\/v2\/users\/2"}],"replies":[{"embeddable":true,"href":"https:\/\/www.europesays.com\/fr\/wp-json\/wp\/v2\/comments?post=401886"}],"version-history":[{"count":0,"href":"https:\/\/www.europesays.com\/fr\/wp-json\/wp\/v2\/posts\/401886\/revisions"}],"wp:featuredmedia":[{"embeddable":true,"href":"https:\/\/www.europesays.com\/fr\/wp-json\/wp\/v2\/media\/401887"}],"wp:attachment":[{"href":"https:\/\/www.europesays.com\/fr\/wp-json\/wp\/v2\/media?parent=401886"}],"wp:term":[{"taxonomy":"category","embeddable":true,"href":"https:\/\/www.europesays.com\/fr\/wp-json\/wp\/v2\/categories?post=401886"},{"taxonomy":"post_tag","embeddable":true,"href":"https:\/\/www.europesays.com\/fr\/wp-json\/wp\/v2\/tags?post=401886"}],"curies":[{"name":"wp","href":"https:\/\/api.w.org\/{rel}","templated":true}]}}