{"id":401890,"date":"2025-09-19T07:52:09","date_gmt":"2025-09-19T07:52:09","guid":{"rendered":"https:\/\/www.europesays.com\/fr\/401890\/"},"modified":"2025-09-19T07:52:09","modified_gmt":"2025-09-19T07:52:09","slug":"les-droits-fondamentaux-ne-sont-plus-a-la-mode-amnesty-international-sensibilise-a-toulon","status":"publish","type":"post","link":"https:\/\/www.europesays.com\/fr\/401890\/","title":{"rendered":"\u00ab\u00a0Les droits fondamentaux ne sont plus \u00e0 la mode\u00a0\u00bb: Amnesty International sensibilise \u00e0 Toulon"},"content":{"rendered":"<p>\u00c0 Toulon, Amnesty International est pr\u00e9sent depuis plus de cinquante ans. Autant d\u2019ann\u00e9es de militantisme pour les droits humains, qui passent notamment par l\u2019\u00e9ducation.<\/p>\n<p>Pour le groupe local, les interventions dans les \u00e9tablissements scolaires sont donc un point d\u2019entr\u00e9e privil\u00e9gi\u00e9 pour sensibiliser les plus jeunes.<\/p>\n<p>Pierre Mitrano est le responsable de ces actions, \u00e0 la fois au sein de la m\u00e9tropole toulonnaise, mais aussi au niveau r\u00e9gional.<\/p>\n<p><strong>Comme son nom l\u2019indique, Amnesty est international. Comment alors agit-on au niveau local?<\/strong><\/p>\n<p>Au niveau du mouvement mondial, on s\u2019est fix\u00e9 trois priorit\u00e9s. Enqu\u00eater, alerter et \u00e9duquer. Au niveau international, il y a les enqu\u00eates men\u00e9es par des professionnels qui aboutissent \u00e0 des rapports afin d\u2019alerter.<\/p>\n<p>Le r\u00f4le du groupe local intervient au niveau de l\u2019\u00e9ducation, aupr\u00e8s du grand public, mais aussi aupr\u00e8s des \u00e9lus par un travail de plaidoyer.<\/p>\n<p>\u00c0 Toulon, l\u2019\u00e9ducation aux droits humains est notre principale piste de travail. Et pour aller plus loin, nous avons besoin de b\u00e9n\u00e9voles (1): \u00e7a peut \u00eatre des personnes qui nous aident une heure par semaine et qui partagent nos convictions. Bien s\u00fbr, nous avons des formations d\u00e9di\u00e9es.<\/p>\n<p><strong>Aujourd\u2019hui, on voit \u00e0 Toulon et alentour des mobilisations assez pugnaces, comme celles des samedis pour la fin de la guerre \u00e0 Gaza, mais qui sont en m\u00eame temps assez \u00e9parses. Quelle analyse en tirez-vous?<\/strong><\/p>\n<p>J\u2019ai adh\u00e9r\u00e9 \u00e0 Amnesty \u00e0 18 ans: \u00e7a fait donc quarante ans que je milite. Je ne peux que constater que la vie militante est beaucoup moins active aujourd\u2019hui que dans les ann\u00e9es 1980. Peut-\u00eatre parce qu\u2019on milite diff\u00e9remment, beaucoup en ligne notamment.<\/p>\n<p>\u00c7a, c\u2019est le premier facteur. Le deuxi\u00e8me facteur, \u00e0 mon avis, c\u2019est qu\u2019on est dans une phase que je dirais m\u00eame globale, mondiale, o\u00f9 les droits fondamentaux ne sont plus \u00e0 la mode.<\/p>\n<p>Face \u00e0 des \u00c9tats qui violent impun\u00e9ment le droit humanitaire international, il y a une forme de sid\u00e9ration et donc un manque de r\u00e9action.<\/p>\n<p><strong>Pour cr\u00e9er davantage de sensibilisation, voire d\u2019engagement, vous comptez notamment sur la jeunesse. Comment la convaincre?<\/strong><\/p>\n<p>Pour nous, il ne s\u2019agit pas de convaincre mais de planter des graines. Pour cela, nous intervenons dans des \u00e9tablissements scolaires ou parascolaires.<\/p>\n<p>Nous ne proposons bien s\u00fbr pas de cours. Plut\u00f4t des ateliers dont l\u2019objectif est de cr\u00e9er un climat de confiance, sans jamais \u00eatre moralisateur, de partager, de faire r\u00e9fl\u00e9chir, parfois longtemps apr\u00e8s l\u2019intervention.<\/p>\n<p>L\u2019id\u00e9e, c\u2019est que les droits humains, c\u2019est un peu comme l\u2019air qu\u2019on respire. C\u2019est pour tout le monde. Et donc pour les jeunes aussi.<\/p>\n<p><strong>Et ces graines, les sentez-vous germer?<\/strong><\/p>\n<p>Bien s\u00fbr, c\u2019est diff\u00e9rent quand on intervient sur un temps de cinquante minutes ou dans le cadre d\u2019un parcours p\u00e9dagogique construit sur plusieurs semaines avec les enseignants, qui se finit par la projection d\u2019un film ou, encore mieux, une rencontre.<\/p>\n<p>Je pense que dans tous les cas, il en reste toujours quelque chose et qu\u2019on ne sait jamais ce qui peut se produire. Dans tous les cas, cette graine, si on ne la plante pas, elle ne se poussera jamais.<\/p>\n<p>1. Si vous souhaitez devenir b\u00e9n\u00e9vole ou simplement vous renseigner, \u00e9crivez \u00e0 toulon@amnestyfrance.fr<\/p>\n","protected":false},"excerpt":{"rendered":"\u00c0 Toulon, Amnesty International est pr\u00e9sent depuis plus de cinquante ans. Autant d\u2019ann\u00e9es de militantisme pour les droits&hellip;\n","protected":false},"author":2,"featured_media":401891,"comment_status":"","ping_status":"","sticky":false,"template":"","format":"standard","meta":{"footnotes":""},"categories":[9619],"tags":[1111,11,1777,674,1011,27,10264,12,882,25,2310],"class_list":{"0":"post-401890","1":"post","2":"type-post","3":"status-publish","4":"format-standard","5":"has-post-thumbnail","7":"category-toulon","8":"tag-actu","9":"tag-actualites","10":"tag-eu","11":"tag-europe","12":"tag-fr","13":"tag-france","14":"tag-humanitaire","15":"tag-news","16":"tag-provence-alpes-cote-dazur","17":"tag-republique-francaise","18":"tag-toulon"},"share_on_mastodon":{"url":"https:\/\/pubeurope.com\/@fr\/115229880835850457","error":""},"_links":{"self":[{"href":"https:\/\/www.europesays.com\/fr\/wp-json\/wp\/v2\/posts\/401890","targetHints":{"allow":["GET"]}}],"collection":[{"href":"https:\/\/www.europesays.com\/fr\/wp-json\/wp\/v2\/posts"}],"about":[{"href":"https:\/\/www.europesays.com\/fr\/wp-json\/wp\/v2\/types\/post"}],"author":[{"embeddable":true,"href":"https:\/\/www.europesays.com\/fr\/wp-json\/wp\/v2\/users\/2"}],"replies":[{"embeddable":true,"href":"https:\/\/www.europesays.com\/fr\/wp-json\/wp\/v2\/comments?post=401890"}],"version-history":[{"count":0,"href":"https:\/\/www.europesays.com\/fr\/wp-json\/wp\/v2\/posts\/401890\/revisions"}],"wp:featuredmedia":[{"embeddable":true,"href":"https:\/\/www.europesays.com\/fr\/wp-json\/wp\/v2\/media\/401891"}],"wp:attachment":[{"href":"https:\/\/www.europesays.com\/fr\/wp-json\/wp\/v2\/media?parent=401890"}],"wp:term":[{"taxonomy":"category","embeddable":true,"href":"https:\/\/www.europesays.com\/fr\/wp-json\/wp\/v2\/categories?post=401890"},{"taxonomy":"post_tag","embeddable":true,"href":"https:\/\/www.europesays.com\/fr\/wp-json\/wp\/v2\/tags?post=401890"}],"curies":[{"name":"wp","href":"https:\/\/api.w.org\/{rel}","templated":true}]}}